{"id":450993,"date":"2019-11-21T00:03:23","date_gmt":"2019-11-21T06:03:23","guid":{"rendered":"https:\/\/www.diarioimagen.net\/?p=450993"},"modified":"2019-11-22T00:02:39","modified_gmt":"2019-11-22T06:02:39","slug":"fuerzas-armadas-refrendan-lealtad-a-lopez-obrador","status":"publish","type":"post","link":"https:\/\/www.diarioimagen.net\/?p=450993","title":{"rendered":"Fuerzas Armadas refrendan su lealtad a L\u00f3pez Obrador"},"content":{"rendered":"<ul>\n<li><strong><em>Entrega de Condecoraciones y Ascensos<\/em><\/strong><\/li>\n<li><strong><em>\u201cNo buscamos beneficios personales ni protagonismos\u201d<\/em><\/strong><\/li>\n<\/ul>\n<h6>Jos\u00e9 Luis Monta\u00f1ez<\/h6>\n<p>&nbsp;<\/p>\n<div id=\"attachment_450994\" style=\"width: 470px\" class=\"wp-caption aligncenter\"><img loading=\"lazy\" decoding=\"async\" aria-describedby=\"caption-attachment-450994\" class=\"wp-image-450994 size-large\" src=\"https:\/\/www.diarioimagen.net\/wp-content\/uploads\/2019\/11\/LEALTAD21-portal-460x268.png\" alt=\"\" width=\"460\" height=\"268\" srcset=\"https:\/\/www.diarioimagen.net\/wp-content\/uploads\/2019\/11\/LEALTAD21-portal-460x268.png 460w, https:\/\/www.diarioimagen.net\/wp-content\/uploads\/2019\/11\/LEALTAD21-portal-240x140.png 240w, https:\/\/www.diarioimagen.net\/wp-content\/uploads\/2019\/11\/LEALTAD21-portal.png 480w\" sizes=\"auto, (max-width: 460px) 100vw, 460px\" \/><p id=\"caption-attachment-450994\" class=\"wp-caption-text\">El presidente Andr\u00e9s Manuel L\u00f3pez Obrador, durante la Ceremonia de Entrega de Condecoraciones y Ascensos en el Marco del 109 aniversario de la Revoluci\u00f3n Mexicana.<\/p><\/div>\n<p>&nbsp;<\/p>\n<p>Las Fuerzas Armadas de M\u00e9xico refrendaron este mi\u00e9rcoles su lealtad al Presidente y comandante supremo, Andr\u00e9s Manuel L\u00f3pez Obrador, y dejaron claro que no buscan beneficios personales ni protagonismos, dado que su labor es por el bien de M\u00e9xico.<\/p>\n<p>Durante la Ceremonia de Entrega de Condecoraciones y Ascensos en el Marco del 109 Aniversario de la Revoluci\u00f3n Mexicana, los secretarios de la Defensa Nacional, Luis Crescencio Sandoval Gonz\u00e1lez y de Marina, Jos\u00e9 Rafael Ojeda Dur\u00e1n, indicaron en un mensaje conjunto que las Fuerzas Armadas \u201csomos leales y respetamos la instituci\u00f3n presidencial que usted representa al ser elegido de manera democr\u00e1tica\u201d.<\/p>\n<p>\u201cNo buscamos beneficios personales ni protagonismos, lo hacemos por el bien de M\u00e9xico\u201d, anot\u00f3 el titular de la Defensa Nacional, quien respald\u00f3 a nombre de las\u00a0 Fuerzas Armadas, el proyecto de gobierno que encabeza el Ejecutivo federal.<\/p>\n<p>En el patio central de Palacio Nacional, donde se dieron cita integrantes del gabinete legal y ampliado, as\u00ed como la esposa del presidente L\u00f3pez Obrador, Beatriz Guti\u00e9rrez M\u00fceller; el general secretario resalt\u00f3 que las Fuerzas Armadas est\u00e1n conscientes que \u201cdebemos legar un mejor pa\u00eds a las nuevas generaciones y asumimos las responsabilidades que nos corresponden\u201d.<\/p>\n<p>En este contexto, resalt\u00f3 que en este gobierno se les han encomendado nuevas tareas, por lo que los soldados y marinos se sienten orgullosos y honrados que as\u00ed sea, pues \u201csabemos que esos esfuerzos est\u00e1n encaminados a la transformaci\u00f3n de M\u00e9xico que usted dirige\u201d.<\/p>\n<p>Las Fuerzas Armadas respaldan su proyecto de gobierno con lealtad, profesionalismo y honestidad, porque \u201csomos leales y guardamos profundo respeto a la instituci\u00f3n presidencial que usted representa al haber sido elegido en un proceso democr\u00e1tico y transparente.<\/p>\n<p>\u201cLe refrendamos el principio esencial de las Fuerzas Armadas de ser siempre leales\u201d, remarc\u00f3, al precisar que \u00e9stas seguir\u00e1n sirviendo con lealtad a M\u00e9xico, a sus instituciones y al comandante supremo, pues M\u00e9xico tiene retos y desaf\u00edos que exige de los militares de tierra, mar y aire preparaci\u00f3n integral y actualizada que permita afrontarlos con \u00e9xito\u201d, a\u00f1adi\u00f3.<\/p>\n<p>De igual forma, indic\u00f3 que las Fuerzas Armadas act\u00faan con honor, lealtad, honestidad y respeto a los derechos humanos. \u201cHag\u00e1moslo por el prestigio del Ej\u00e9rcito, Fuerza A\u00e9rea y Armada. Hag\u00e1moslo por la confianza que nos brinda la sociedad. Hag\u00e1moslo por la elevada encomienda que nos asigna la Patria. Hag\u00e1moslo por M\u00e9xico\u201d.<\/p>\n<p>\u201cEstas instituciones han demostrado en los hechos que son importantes pilares para el buen funcionamiento del gobierno y del Estado Mexicano\u201d, por lo que no defraudar\u00e1n su confianza.<\/p>\n<p>Durante las condecoraciones, se hizo lectura de la carta de agradecimiento que el presidente L\u00f3pez Obrador dirigi\u00f3 al piloto aviador Miguel Eduardo Hern\u00e1ndez Vel\u00e1zquez, quien ascendi\u00f3 de general de Grupo a general de Ala, luego de ser el responsable de traer al expresidente Evo Morales Ayma al pa\u00eds, quien acept\u00f3 el asilo ofrecido por el Gobierno de M\u00e9xico.<\/p>\n<p>Al respecto, el titular de Marina, Jos\u00e9 Rafael Ojeda Dur\u00e1n, inform\u00f3 que, con base a la Ley de Ascensos y Recompensas del Ej\u00e9rcito, Fuerza A\u00e9rea y Armada de M\u00e9xico, en esta fecha ascienden al grado inmediato seis mil 479 hombres y mil 699 mujeres entre generales, almirantes, jefes, capitanes, oficiales, tropa y mariner\u00eda.<\/p>\n<p>Adem\u00e1s, se otorgaron a 22 mil 166 hombres y tres mil 601 mujeres navales y militares, condecoraciones de perseverancia por el tiempo de servicio prestado dentro de las Fuerzas Armadas. \u201cCon esto, patentizamos el compromiso que tenemos los integrantes de las Fuerzas Armadas para seguir prepar\u00e1ndonos y servir a M\u00e9xico y a sus instituciones\u201d, mencion\u00f3.<\/p>\n<p>Ojeda Dur\u00e1n record\u00f3 que, este 109 aniversario de la Revoluci\u00f3n Mexicana, es una gesta heroica que dio inicio con el Plan de San Luis promulgado en 1910 por el ap\u00f3stol de la democracia, Don Francisco I. Madero. Esta primera revoluci\u00f3n social del Siglo XX gener\u00f3 una gran transformaci\u00f3n en el pa\u00eds y signific\u00f3 la lucha del pueblo por la democracia, libertad, igualdad y la justicia.<\/p>\n<p>\u201cEn el marco hist\u00f3rico de este movimiento, se funda el actual Ej\u00e9rcito mexicano, instituci\u00f3n armada que nace en 1913 para hacer valer el orden constitucional. Desde entonces, el Ej\u00e9rcito, Armada y Fuerza A\u00e9rea se desarrollan y se actualizan en el servicio de la naci\u00f3n a trav\u00e9s de los sistemas educativos y de adiestramiento militar y naval, formando militares profesionales con claridad en sus misiones\u201d, acot\u00f3.<\/p>\n<p>Indic\u00f3 que como reconocimiento a una trayectoria profesional enmarcada en disciplina y compromiso institucional, este mi\u00e9rcoles que celebramos el inicio de la Revoluci\u00f3n Mexicana se otorgan a integrantes de las Fuerzas Armadas ascensos y condecoraciones de perseverancia de 10 hasta 45 a\u00f1os de servicio ininterrumpidos en M\u00e9xico como se hace desde 1939.<\/p>\n<p>Al t\u00e9rmino de la ceremonia, el presidente Andr\u00e9s Manuel L\u00f3pez Obrador, se dirigi\u00f3 a la plancha del z\u00f3calo capitalino para presenciar el desfile hist\u00f3rico en el que participan m\u00e1s de dos mil 700 jinetes, la Locomotora \u201cPetra\u201d, as\u00ed como la m\u00fasica y el colorido de los diferentes contingentes.<\/p>\n<p>Durante la entrega de insignias y condecoraciones, el primer mandatario mexicano reconoci\u00f3 a Miguel Eduardo Hern\u00e1ndez, el piloto que trajo al ex presidente Evo Morales a M\u00e9xico, y que fue ascendido a General de Ala, \u00faltimo escal\u00f3n antes de ser General de Divisi\u00f3n.<\/p>\n<p>El piloto Hern\u00e1ndez \u201cgarantiz\u00f3 el derecho al asilo\u201d y \u201crefrend\u00f3\u201d la fraternidad entre los pueblos, con su equipo de trabajo por su entrega, patriotismo y sentido de responsabilidad, virtudes que se aplicaron en beneficio propio y de nuestro querido M\u00e9xico\u201d, destac\u00f3 L\u00f3pez Obrador en la carta que entreg\u00f3 a Hern\u00e1ndez.<\/p>\n","protected":false},"excerpt":{"rendered":"<p><span style=\"color: #005497;\">Jos\u00e9 Luis Monta\u00f1ez<\/span><br \/>\n<br \/>\nLas Fuerzas Armadas de M\u00e9xico refrendaron este mi\u00e9rcoles su lealtad al Presidente y comandante supremo, Andr\u00e9s Manuel L\u00f3pez Obrador, y dejaron claro que no buscan beneficios personales ni protagonismos, dado que su labor es por el bien de M\u00e9xico.<\/p>\n","protected":false},"author":5,"featured_media":450994,"comment_status":"open","ping_status":"open","sticky":false,"template":"","format":"standard","meta":{"_monsterinsights_skip_tracking":false,"_monsterinsights_sitenote_active":false,"_monsterinsights_sitenote_note":"","_monsterinsights_sitenote_category":0,"footnotes":""},"categories":[3],"tags":[2545,22,79481,81020,43673,1071],"class_list":["post-450993","post","type-post","status-publish","format-standard","has-post-thumbnail","hentry","category-nacional","tag-amlo","tag-fuerzas-armadas","tag-lealtad","tag-lopez-obrador","tag-nacional","tag-revolucion-mexicana"],"_links":{"self":[{"href":"https:\/\/www.diarioimagen.net\/index.php?rest_route=\/wp\/v2\/posts\/450993","targetHints":{"allow":["GET"]}}],"collection":[{"href":"https:\/\/www.diarioimagen.net\/index.php?rest_route=\/wp\/v2\/posts"}],"about":[{"href":"https:\/\/www.diarioimagen.net\/index.php?rest_route=\/wp\/v2\/types\/post"}],"author":[{"embeddable":true,"href":"https:\/\/www.diarioimagen.net\/index.php?rest_route=\/wp\/v2\/users\/5"}],"replies":[{"embeddable":true,"href":"https:\/\/www.diarioimagen.net\/index.php?rest_route=%2Fwp%2Fv2%2Fcomments&post=450993"}],"version-history":[{"count":0,"href":"https:\/\/www.diarioimagen.net\/index.php?rest_route=\/wp\/v2\/posts\/450993\/revisions"}],"wp:featuredmedia":[{"embeddable":true,"href":"https:\/\/www.diarioimagen.net\/index.php?rest_route=\/wp\/v2\/media\/450994"}],"wp:attachment":[{"href":"https:\/\/www.diarioimagen.net\/index.php?rest_route=%2Fwp%2Fv2%2Fmedia&parent=450993"}],"wp:term":[{"taxonomy":"category","embeddable":true,"href":"https:\/\/www.diarioimagen.net\/index.php?rest_route=%2Fwp%2Fv2%2Fcategories&post=450993"},{"taxonomy":"post_tag","embeddable":true,"href":"https:\/\/www.diarioimagen.net\/index.php?rest_route=%2Fwp%2Fv2%2Ftags&post=450993"}],"curies":[{"name":"wp","href":"https:\/\/api.w.org\/{rel}","templated":true}]}}