{"id":451037,"date":"2019-11-21T00:04:35","date_gmt":"2019-11-21T06:04:35","guid":{"rendered":"https:\/\/www.diarioimagen.net\/?p=451037"},"modified":"2019-11-21T08:18:45","modified_gmt":"2019-11-21T14:18:45","slug":"portuguez-gasto-publico-debe-distribuirse-equitativamente-a-los-estados-y-municipios","status":"publish","type":"post","link":"https:\/\/www.diarioimagen.net\/?p=451037","title":{"rendered":"Portuguez: gasto p\u00fablico debe distribuirse equitativamente a los estados y municipios"},"content":{"rendered":"<ul>\n<li><strong><em>Encabeza la celebraci\u00f3n del inicio de la Revoluci\u00f3n<\/em><\/strong><\/li>\n<\/ul>\n<p>&nbsp;<\/p>\n<div id=\"attachment_451114\" style=\"width: 470px\" class=\"wp-caption aligncenter\"><a href=\"https:\/\/www.diarioimagen.net\/?attachment_id=451114\" rel=\"attachment wp-att-451114\"><img loading=\"lazy\" decoding=\"async\" aria-describedby=\"caption-attachment-451114\" class=\"size-large wp-image-451114\" src=\"https:\/\/www.diarioimagen.net\/wp-content\/uploads\/2019\/11\/TULTEPEC-1-460x259.jpg\" alt=\"\" width=\"460\" height=\"259\" srcset=\"https:\/\/www.diarioimagen.net\/wp-content\/uploads\/2019\/11\/TULTEPEC-1-460x259.jpg 460w, https:\/\/www.diarioimagen.net\/wp-content\/uploads\/2019\/11\/TULTEPEC-1-240x135.jpg 240w, https:\/\/www.diarioimagen.net\/wp-content\/uploads\/2019\/11\/TULTEPEC-1-235x132.jpg 235w, https:\/\/www.diarioimagen.net\/wp-content\/uploads\/2019\/11\/TULTEPEC-1-202x114.jpg 202w, https:\/\/www.diarioimagen.net\/wp-content\/uploads\/2019\/11\/TULTEPEC-1-350x196.jpg 350w, https:\/\/www.diarioimagen.net\/wp-content\/uploads\/2019\/11\/TULTEPEC-1-220x123.jpg 220w, https:\/\/www.diarioimagen.net\/wp-content\/uploads\/2019\/11\/TULTEPEC-1-237x132.jpg 237w, https:\/\/www.diarioimagen.net\/wp-content\/uploads\/2019\/11\/TULTEPEC-1.jpg 480w\" sizes=\"auto, (max-width: 460px) 100vw, 460px\" \/><\/a><p id=\"caption-attachment-451114\" class=\"wp-caption-text\">El Presidente municipal Armando Portuguez Fuentes encabez\u00f3 la celebraci\u00f3n por el 109 Aniversario del inicio de la Revoluci\u00f3n Mexicana.<\/p><\/div>\n<p>&nbsp;<\/p>\n<p><strong>Tultepec, Estado de M\u00e9xico<\/strong>.- \u201cNadie\u00a0 niega que la austeridad es necesaria, as\u00ed como erradicar la corrupci\u00f3n en el gasto p\u00fablico, pero tampoco nadie estar\u00eda en desacuerdo en que el gasto p\u00fablico se distribuya de manera proporcional y justa entre los estados y municipios, sin importar ideolog\u00edas pol\u00edticas\u201d.<\/p>\n<p>Expres\u00f3 el alcalde Armando Portuguez Fuentes\u00a0al encabezar la celebraci\u00f3n por el 109 Aniversario del inicio de la Revoluci\u00f3n Mexicana, ante cientos de alumnos, padres de familia, maestros, autoridades escolares y representantes de todos los sectores de la sociedad tultepequense. \u00a0Dijo que\u00a0hoy el ejecutivo federal se autodenomina \u201cGobierno de M\u00e9xico, mandando la se\u00f1al m\u00e1s clara del centralismo en la vida del pa\u00eds, para minimizar las otras funciones del estado y de los otros \u00f3rdenes de gobierno\u201d.<\/p>\n<p>A 109 a\u00f1os del acontecimiento pol\u00edtico y social m\u00e1s importante del siglo XX en M\u00e9xico, \u201cresulta inaceptable que hoy un solo poder del gobierno federal manda pr\u00e1cticamente sin equilibrios y minimiza los gobiernos estatales y municipales, para acabar de facto con el federalismo\u201d.<\/p>\n<p>Portuguez Fuentes, asegur\u00f3 que el Gobierno de M\u00e9xico es federal, estatal y municipal, y los poderes del estado son el legislativo, el ejecutivo y judicial, de tal manera que el presidente de la rep\u00fablica es solo jefe del poder ejecutivo federal, sin que se pueda entender que es el titular del Gobierno de M\u00e9xico, porque M\u00e9xico es una federaci\u00f3n donde coexisten con el gobierno federal los gobiernos de los estados y municipios.<\/p>\n<p>Se\u00f1al\u00f3 que los ingresos fiscales federales que recauda el ejecutivo federal se generan en los estados y municipios, \u201cno se generan en el z\u00f3calo o palacio nacional, es la actividad econ\u00f3mica nacional la que los genera y los estados y municipios contribuyen en su generaci\u00f3n\u201d.<\/p>\n<p>El presidente municipal lament\u00f3 que hoy los municipios tengan asignado un menor gasto federal de manera etiquetada, lo que implica que las obras de infraestructura b\u00e1sica y su mantenimiento se ver\u00e1n disminuidos, \u201csalvo que el gasto federal sea hecho de manera discrecional seg\u00fan se parezcan los municipios al color del gobierno federal, lo cual ser\u00eda una injusticia\u201d.<\/p>\n<p>Precis\u00f3 que los planes nacionales que hoy se imponen vienen ba\u00f1ados de una r\u00edgida austeridad y eliminaci\u00f3n de partidas presupuestales del gasto federal, se\u00f1alando como prioritarios los programas de asistencia social, que son discrecionales, no universales.<\/p>\n<p>El alcalde precis\u00f3 finalmente que la celebraci\u00f3n de la Revoluci\u00f3n Mexicana que signific\u00f3 la tercera transformaci\u00f3n, es el marco ideal para que la autollamada\u00a0Cuarta Transformaci\u00f3n, no olvide que M\u00e9xico es una Rep\u00fablica representativa, democr\u00e1tica, federal y laica, donde los estados y municipios son tambi\u00e9n parte del Gobierno de M\u00e9xico.<\/p>\n","protected":false},"excerpt":{"rendered":"<p>\u201cNadie\u00a0 niega que la austeridad es necesaria, as\u00ed como erradicar la corrupci\u00f3n en el gasto p\u00fablico, pero tampoco nadie estar\u00eda en desacuerdo en que el gasto p\u00fablico se distribuya de manera proporcional y justa entre los estados y municipios, sin importar ideolog\u00edas pol\u00edticas\u201d.<\/p>\n","protected":false},"author":3,"featured_media":451114,"comment_status":"open","ping_status":"open","sticky":false,"template":"","format":"standard","meta":{"_monsterinsights_skip_tracking":false,"_monsterinsights_sitenote_active":false,"_monsterinsights_sitenote_note":"","_monsterinsights_sitenote_category":0,"footnotes":""},"categories":[5],"tags":[88809,43675,43053,3802],"class_list":["post-451037","post","type-post","status-publish","format-standard","has-post-thumbnail","hentry","category-estado-de-mexico","tag-distribuirse","tag-estado-de-mexico","tag-gasto-publico","tag-tultepec"],"_links":{"self":[{"href":"https:\/\/www.diarioimagen.net\/index.php?rest_route=\/wp\/v2\/posts\/451037","targetHints":{"allow":["GET"]}}],"collection":[{"href":"https:\/\/www.diarioimagen.net\/index.php?rest_route=\/wp\/v2\/posts"}],"about":[{"href":"https:\/\/www.diarioimagen.net\/index.php?rest_route=\/wp\/v2\/types\/post"}],"author":[{"embeddable":true,"href":"https:\/\/www.diarioimagen.net\/index.php?rest_route=\/wp\/v2\/users\/3"}],"replies":[{"embeddable":true,"href":"https:\/\/www.diarioimagen.net\/index.php?rest_route=%2Fwp%2Fv2%2Fcomments&post=451037"}],"version-history":[{"count":0,"href":"https:\/\/www.diarioimagen.net\/index.php?rest_route=\/wp\/v2\/posts\/451037\/revisions"}],"wp:featuredmedia":[{"embeddable":true,"href":"https:\/\/www.diarioimagen.net\/index.php?rest_route=\/wp\/v2\/media\/451114"}],"wp:attachment":[{"href":"https:\/\/www.diarioimagen.net\/index.php?rest_route=%2Fwp%2Fv2%2Fmedia&parent=451037"}],"wp:term":[{"taxonomy":"category","embeddable":true,"href":"https:\/\/www.diarioimagen.net\/index.php?rest_route=%2Fwp%2Fv2%2Fcategories&post=451037"},{"taxonomy":"post_tag","embeddable":true,"href":"https:\/\/www.diarioimagen.net\/index.php?rest_route=%2Fwp%2Fv2%2Ftags&post=451037"}],"curies":[{"name":"wp","href":"https:\/\/api.w.org\/{rel}","templated":true}]}}