{"id":451043,"date":"2019-11-21T00:01:49","date_gmt":"2019-11-21T06:01:49","guid":{"rendered":"https:\/\/www.diarioimagen.net\/?p=451043"},"modified":"2019-11-21T08:23:28","modified_gmt":"2019-11-21T14:23:28","slug":"huixquilucan-obtiene-reconocimiento-del-instituto-hacendario","status":"publish","type":"post","link":"https:\/\/www.diarioimagen.net\/?p=451043","title":{"rendered":"Huixquilucan obtiene reconocimiento del instituto hacendario"},"content":{"rendered":"<div id=\"attachment_451123\" style=\"width: 470px\" class=\"wp-caption aligncenter\"><a href=\"https:\/\/www.diarioimagen.net\/?attachment_id=451123\" rel=\"attachment wp-att-451123\"><img loading=\"lazy\" decoding=\"async\" aria-describedby=\"caption-attachment-451123\" class=\"size-large wp-image-451123\" src=\"https:\/\/www.diarioimagen.net\/wp-content\/uploads\/2019\/11\/HUIXQUILUCAN-4-460x259.jpg\" alt=\"\" width=\"460\" height=\"259\" srcset=\"https:\/\/www.diarioimagen.net\/wp-content\/uploads\/2019\/11\/HUIXQUILUCAN-4-460x259.jpg 460w, https:\/\/www.diarioimagen.net\/wp-content\/uploads\/2019\/11\/HUIXQUILUCAN-4-240x135.jpg 240w, https:\/\/www.diarioimagen.net\/wp-content\/uploads\/2019\/11\/HUIXQUILUCAN-4-235x132.jpg 235w, https:\/\/www.diarioimagen.net\/wp-content\/uploads\/2019\/11\/HUIXQUILUCAN-4-202x114.jpg 202w, https:\/\/www.diarioimagen.net\/wp-content\/uploads\/2019\/11\/HUIXQUILUCAN-4-350x196.jpg 350w, https:\/\/www.diarioimagen.net\/wp-content\/uploads\/2019\/11\/HUIXQUILUCAN-4-220x123.jpg 220w, https:\/\/www.diarioimagen.net\/wp-content\/uploads\/2019\/11\/HUIXQUILUCAN-4-237x132.jpg 237w, https:\/\/www.diarioimagen.net\/wp-content\/uploads\/2019\/11\/HUIXQUILUCAN-4.jpg 480w\" sizes=\"auto, (max-width: 460px) 100vw, 460px\" \/><\/a><p id=\"caption-attachment-451123\" class=\"wp-caption-text\">Se entregaron mil 125 apoyos a alumnos de secundarias en Naucalpan, con lo que concluy\u00f3 la primera etapa del programa Est\u00edmulo al Logro Educativo.<\/p><\/div>\n<p>&nbsp;<\/p>\n<p><strong>Huixquilucan, Estado de M\u00e9xico<\/strong><strong>.- <\/strong>Por la capacitaci\u00f3n permanente a los servidores p\u00fablicos adscritos a la Tesorer\u00eda Municipal de Huixquilucan, el Instituto Hacendario del Estado de M\u00e9xico, entreg\u00f3 un reconocimiento a esta dependencia.<\/p>\n<p>El titular de la Tesorer\u00eda Municipal, Agust\u00edn Olivares Balderas, detall\u00f3 que dicho reconocimiento permite al presidente municipal Enrique Vargas del Villar, tener la confianza de que todo el personal de la Tesorer\u00eda cumple con los requisitos de Ley, adem\u00e1s de que aportan las modificaciones al C\u00f3digo Financiero y Ley de Ingreso.<\/p>\n","protected":false},"excerpt":{"rendered":"<p>Por la capacitaci\u00f3n permanente a los servidores p\u00fablicos adscritos a la Tesorer\u00eda Municipal de Huixquilucan, el Instituto Hacendario del Estado de M\u00e9xico, entreg\u00f3 un reconocimiento a esta dependencia.<\/p>\n","protected":false},"author":3,"featured_media":451123,"comment_status":"open","ping_status":"open","sticky":false,"template":"","format":"standard","meta":{"_monsterinsights_skip_tracking":false,"_monsterinsights_sitenote_active":false,"_monsterinsights_sitenote_note":"","_monsterinsights_sitenote_category":0,"footnotes":""},"categories":[5],"tags":[43675,67736,1097,12862],"class_list":["post-451043","post","type-post","status-publish","format-standard","has-post-thumbnail","hentry","category-estado-de-mexico","tag-estado-de-mexico","tag-hacendario","tag-huixquilucan","tag-reconocimiento"],"_links":{"self":[{"href":"https:\/\/www.diarioimagen.net\/index.php?rest_route=\/wp\/v2\/posts\/451043","targetHints":{"allow":["GET"]}}],"collection":[{"href":"https:\/\/www.diarioimagen.net\/index.php?rest_route=\/wp\/v2\/posts"}],"about":[{"href":"https:\/\/www.diarioimagen.net\/index.php?rest_route=\/wp\/v2\/types\/post"}],"author":[{"embeddable":true,"href":"https:\/\/www.diarioimagen.net\/index.php?rest_route=\/wp\/v2\/users\/3"}],"replies":[{"embeddable":true,"href":"https:\/\/www.diarioimagen.net\/index.php?rest_route=%2Fwp%2Fv2%2Fcomments&post=451043"}],"version-history":[{"count":0,"href":"https:\/\/www.diarioimagen.net\/index.php?rest_route=\/wp\/v2\/posts\/451043\/revisions"}],"wp:featuredmedia":[{"embeddable":true,"href":"https:\/\/www.diarioimagen.net\/index.php?rest_route=\/wp\/v2\/media\/451123"}],"wp:attachment":[{"href":"https:\/\/www.diarioimagen.net\/index.php?rest_route=%2Fwp%2Fv2%2Fmedia&parent=451043"}],"wp:term":[{"taxonomy":"category","embeddable":true,"href":"https:\/\/www.diarioimagen.net\/index.php?rest_route=%2Fwp%2Fv2%2Fcategories&post=451043"},{"taxonomy":"post_tag","embeddable":true,"href":"https:\/\/www.diarioimagen.net\/index.php?rest_route=%2Fwp%2Fv2%2Ftags&post=451043"}],"curies":[{"name":"wp","href":"https:\/\/api.w.org\/{rel}","templated":true}]}}