{"id":451053,"date":"2019-11-21T00:02:25","date_gmt":"2019-11-21T06:02:25","guid":{"rendered":"https:\/\/www.diarioimagen.net\/?p=451053"},"modified":"2019-11-21T01:37:29","modified_gmt":"2019-11-21T07:37:29","slug":"en-el-aniversario-de-la-revolucion-ebrard-muy-serio-durazo-desapercibido","status":"publish","type":"post","link":"https:\/\/www.diarioimagen.net\/?p=451053","title":{"rendered":"En el aniversario de la Revoluci\u00f3n: Ebrard, muy serio; Durazo, desapercibido"},"content":{"rendered":"<h2>La Retaguardia<\/h2>\n<h5>Adriana Moreno Cordero<\/h5>\n<p><em>\u00a0<\/em><\/p>\n<ul>\n<li><strong><em>Claudia Sheinbaum, consentida de Beatriz Guti\u00e9rrez M\u00fcller<\/em><\/strong><\/li>\n<\/ul>\n<p>&nbsp;<\/p>\n<p>No se puede regatear que el desfile con el que se conmemor\u00f3 el 109 Aniversario de la Revoluci\u00f3n Mexicana, es que se trat\u00f3 de una ceremonia totalmente novedosa, dejando atr\u00e1s ese desfile deportivo en el que marchaban bur\u00f3cratas que asist\u00edan solo para que les dieran un d\u00eda de asueto, sin embargo, para aquellos que saben leer el lenguaje que no se basa en las palabras, hubo varios mensajes subliminales dignos de destacar.<\/p>\n<p>A la hora que el presidente <strong>Andr\u00e9s Manuel L\u00f3pez Obrador<\/strong> entreg\u00f3 ascensos y reconocimientos a los militares que le reiteraron su lealtad a su Comandante Supremo, se pudo observar a un secretario de Relaciones Exteriores, <strong>Marcelo Ebrard<\/strong>, muy serio, mientras que por su parte, el titular de la Secretar\u00eda de Seguridad y Protecci\u00f3n Ciudadana, <strong>Alfonso Durazo<\/strong>, hizo todo lo posible por pasar desapercibido a la hora de las presentaciones, sabedor de que tiene varios pendientes sobre su cabeza.<\/p>\n<p>La que estuvo que no cab\u00eda de alegr\u00eda era la vicepresidenta de la Mesa Directiva de la C\u00e1mara de Diputados, <strong>Mar\u00eda de los Dolores Padierna<\/strong>, mejor conocida como \u201cla t\u00eda favorita\u201d y que fue en lugar de la presidenta, <strong>Laura Rojas<\/strong>, quien junto con el coordinador de la bancada de Morena, <strong>Mario Mart\u00edn Delgado<\/strong>, andaba de reuni\u00f3n en reuni\u00f3n para poder destrabar el bloqueo que tienen organizaciones campesinas como la UNTA, la CIOAC y Antorcha Campesina, alrededor del Palacio Legislativo de San L\u00e1zaro, y todo, para que de nueva cuenta se cancelara la sesi\u00f3n en el momento m\u00e1s inoportuno pues con todo y su poderoso mecanismo del reloj legislativo, no van tarde, van tard\u00edsimo para aprobar el Presupuesto de Egresos, 2020.<\/p>\n<p>Ya en el balc\u00f3n presidencial, adem\u00e1s del presidente L\u00f3pez Obrador, estaba su esposa, <strong>Beatriz Guti\u00e9rrez M\u00fcller<\/strong>, los secretarios de la Defensa Nacional, <strong>Luis Crescencio Sandoval<\/strong> y de Marina, <strong>Rafael Ojeda Dur\u00e1n<\/strong> y la jefa de Gobierno de la CDMX, <strong>Claudia Sheinbaum<\/strong>, enfundada en un traje color palo de rosa, que nunca quit\u00f3 la sonrisa de su rostro, ni a\u00fan cuando el jinete tuvo un incidente.<\/p>\n<p>Luego, luego empezaron las especulaciones, pero no hay que olvidar que Sheinbaum Pardo, se dice, es la \u00fanica amiga que tiene la se\u00f1ora Guti\u00e9rrez M\u00fcller y por ende, su carta para 2024. \u00bfSer\u00e1?<\/p>\n<p style=\"text-align: center;\"><strong>MUNICIONES<\/strong><\/p>\n<p>*** De visita por Baja California Sur, <strong>Alejandro Rojas D\u00edaz-Dur\u00e1n<\/strong>, aspirante a la dirigencia de Morena, propuso que \u201cpara evitar que los superdelegados y subdelegados se entrometan en Morena y no se distraigan haciendo proselitismo personal\u201d, se debe modificar el Estatuto para que sea un requisito de elegibilidad haber renunciado 3 a\u00f1os antes a su cargo, para ser postulados a un cargo de elecci\u00f3n popular. Asimismo, demand\u00f3 lo mismo a \u201ctodos aquellos funcionarios federales, estatales y municipales que manejen programas sociales y recursos p\u00fablicos\u201d \u2026 Cortemos de ra\u00edz esa tentaci\u00f3n, para que se pongan a trabajar en la responsabilidad que les fue asignada, porque muchos ya se marearon. De esa forma, ya no se andar\u00e1n distrayendo ni haciendo grilla en Morena, provocando parte del batidillo, que caus\u00f3 el rega\u00f1o presidencial\u201d. Rojas D\u00edaz-Dur\u00e1n reiter\u00f3,<\/p>\n<p>\u201cSi quieren hacer pol\u00edtica, que renuncien 3 a\u00f1os antes, para que no tengan acceso ni a los censos de beneficiarios, estructuras y millonarios recursos p\u00fablicos\u201d<\/p>\n<p>*** Los LeBar\u00f3n, Adri\u00e1n y Juli\u00e1n, aceptaron finalmente una reuni\u00f3n con el presidente L\u00f3pez Obrador; dicho encuentro estar\u00eda programado para el pr\u00f3ximo 2 de diciembre. En este tema s\u00ed que pudo el Ejecutivo administrar su tiempo y seguramente lo hizo luego de que los integrantes de la familia LeBar\u00f3n, le enviaron el directo mensaje al tabasque\u00f1o de que les daba flojera reunirse con \u00e9l. El mandatario comprendi\u00f3 que est\u00e1 obligado a por lo menos darles el p\u00e9same por la masacre ocurrida en contra de nueve de los miembros de dicha familia, pero los LeBar\u00f3n aceptaron porque\u00a0 tambi\u00e9n le plantear\u00e1n la terrible atm\u00f3sfera que se vive en cuanto a inseguridad y le har\u00e1n saber su sentir sobre lo que ha pasado desde que se perpetr\u00f3 este crimen tan condenable. Poco antes <strong>Adri\u00e1n<\/strong> y <strong>Juli\u00e1n LeBar\u00f3n<\/strong> se pusieron en contacto con el subsecretario de Derechos Humanos, Alejandro Encinas, quien entonces fue el enlace para este encuentro en el que le pedir\u00e1n que realmente los ayude a que en el municipio puedan recuperar la tranquilidad. Nosotros nos queremos asegurar que nuestros municipios tengan seguridad y tranquilidad y dejen de estar abandonados o secuestrados, esa es la realidad. Aqu\u00ed lo interesante es saber con qu\u00e9 les va a salir el presidente, \u00bfcon que \u00e9l tiene otros datos?; \u00bfque como en econom\u00eda, en seguridad el pa\u00eds va \u201crequetebi\u00e9n\u201d? Ojo, eso no quiere decir que los LeBar\u00f3n no se vayan a reunir con el presidente Donald Trump.<\/p>\n<p>*** Hoy, en el Club de Periodistas, ubicado en Filomeno Mata n\u00famero 8, tendr\u00e1 lugar una Expo-venta textil y de artesan\u00edas de los pueblos maya hablantes de Yucat\u00e1n. Este esfuerzo fue organizado por <strong>Eric Villanueva Mukul<\/strong>, exdiputado y ahora director del Instituto para el Desarrollo de la Cultura Maya, (INDEMAYA), as\u00ed como del extraordinario publirrelacionista, Enrique Rivas Zavala, siempre decididos ambos a apoyar a su estado.<\/p>\n<p>*** Por cierto en la propia sede del club de periodistas de M\u00e9xico a las\u00a0 seis de la tarde , se inaugurar\u00e1 la exposici\u00f3n colectiva \u201ccanto de mariposas \u201c en el que participan\u00a0 m\u00e1s de 50 distinguidos exponentes de la pl\u00e1stica mexicana , entre los que destacan las artistas : <strong>Marcela<\/strong> y <strong>Rosa Mar\u00eda Ponzanelli<\/strong> as\u00ed como <strong>Janina Ram\u00edrez Ponzanelli<\/strong>.<\/p>\n<p>*** Con la intenci\u00f3n de acabar definitivamente con \u201clos moches\u201d, se present\u00f3 una\u00a0 iniciativa tendiente a corregir los problemas de la coordinaci\u00f3n fiscal, as\u00ed como mejorar el sistema tributario y de participaciones. <strong>Alejandro Armenta Mier<\/strong>, e integrantes de la bancada de Morena en el Senado de la Rep\u00fablica presentaron una iniciativa con proyecto de decreto para reformar diversas disposiciones de la Ley de Disciplina Financiera de las entidades federativas y municipios. La propuesta de Armenta, establece una regulaci\u00f3n en materia de responsabilidad hacendaria que permite a las entidades federativas y los municipios conducirse bajo criterios y reglas que aseguren una gesti\u00f3n responsable y equilibrada de sus finanzas p\u00fablicas, generando condiciones favorables para el crecimiento econ\u00f3mico y la estabilidad del sistema financiero. Incluye adem\u00e1s principios generales en materia presupuestaria, de endeudamiento, transparencia, monitoreo y rendici\u00f3n de cuentas del uso de los ingresos y del ejercicio del gasto p\u00fablico de las entidades federativas y de los municipios, reconociendo la diferencia en el manejo de sus finanzas p\u00fablicas y en el grado de desarrollo institucional de dichos \u00f3rdenes de gobierno. Para el senador Armenta hay una necesidad enorme de los municipios, para liderar la carga financiera de la cual han sido objeto en los \u00faltimos a\u00f1os.<\/p>\n<p><a href=\"mailto:morcora@gmail.com\" target=\"_blank\" rel=\"noopener noreferrer\"><em>morcora@gmail.com<\/em><\/a><\/p>\n","protected":false},"excerpt":{"rendered":"<p><span style=\"color: #005497;\"><strong>Adriana Moreno Cordero<\/strong><\/span><\/p>\n","protected":false},"author":3,"featured_media":0,"comment_status":"open","ping_status":"open","sticky":false,"template":"","format":"standard","meta":{"_monsterinsights_skip_tracking":false,"_monsterinsights_sitenote_active":false,"_monsterinsights_sitenote_note":"","_monsterinsights_sitenote_category":0,"footnotes":""},"categories":[69370],"tags":[69369,69368,43674],"class_list":["post-451053","post","type-post","status-publish","format-standard","hentry","category-adriana-moreno-cordero","tag-adriana-moreno-cordero","tag-la-retaguardia","tag-opinion"],"_links":{"self":[{"href":"https:\/\/www.diarioimagen.net\/index.php?rest_route=\/wp\/v2\/posts\/451053","targetHints":{"allow":["GET"]}}],"collection":[{"href":"https:\/\/www.diarioimagen.net\/index.php?rest_route=\/wp\/v2\/posts"}],"about":[{"href":"https:\/\/www.diarioimagen.net\/index.php?rest_route=\/wp\/v2\/types\/post"}],"author":[{"embeddable":true,"href":"https:\/\/www.diarioimagen.net\/index.php?rest_route=\/wp\/v2\/users\/3"}],"replies":[{"embeddable":true,"href":"https:\/\/www.diarioimagen.net\/index.php?rest_route=%2Fwp%2Fv2%2Fcomments&post=451053"}],"version-history":[{"count":0,"href":"https:\/\/www.diarioimagen.net\/index.php?rest_route=\/wp\/v2\/posts\/451053\/revisions"}],"wp:attachment":[{"href":"https:\/\/www.diarioimagen.net\/index.php?rest_route=%2Fwp%2Fv2%2Fmedia&parent=451053"}],"wp:term":[{"taxonomy":"category","embeddable":true,"href":"https:\/\/www.diarioimagen.net\/index.php?rest_route=%2Fwp%2Fv2%2Fcategories&post=451053"},{"taxonomy":"post_tag","embeddable":true,"href":"https:\/\/www.diarioimagen.net\/index.php?rest_route=%2Fwp%2Fv2%2Ftags&post=451053"}],"curies":[{"name":"wp","href":"https:\/\/api.w.org\/{rel}","templated":true}]}}