{"id":451056,"date":"2019-11-21T00:01:31","date_gmt":"2019-11-21T06:01:31","guid":{"rendered":"https:\/\/www.diarioimagen.net\/?p=451056"},"modified":"2019-11-21T01:38:55","modified_gmt":"2019-11-21T07:38:55","slug":"la-flojera-del-presidente","status":"publish","type":"post","link":"https:\/\/www.diarioimagen.net\/?p=451056","title":{"rendered":"La flojera del Presidente"},"content":{"rendered":"<h2>De pe a pa<\/h2>\n<h5>Alberto Vieyra G.<\/h5>\n<p>&nbsp;<\/p>\n<p>Tres defectos de car\u00e1cter que sufre Andr\u00e9s Manuel L\u00f3pez Obrador lo convierten en una vil marioneta de sus emociones:<\/p>\n<p>En primer lugar, el orgullo o soberbia, con el cual justifica todas sus \u201cmetidas de pata\u201d, ech\u00e1ndole la culpa a todo mundo. Pero jam\u00e1s \u00e9l reconocer\u00e1 sus errores. Por ello, recurre permanentemente a la deshonestidad y la mentira.<\/p>\n<p>En segundo lugar, est\u00e1 su defecto de la avaricia que lo convierte en un taca\u00f1o un gobernante miserable que solo le permite gastar nuestro dinero en lo que a \u00e9l le interesa: Sus electoreros programas sociales, el pa\u00eds no le importa.<\/p>\n<p>Y, en tercer lugar, L\u00f3pez Obrador tiene un defecto que se llama pereza y ese maldito defecto lo equipara a esos animalitos llamados \u201cperezosos\u201d, cuya digesti\u00f3n tarda hasta un mes, pero en el caso de L\u00f3pez Obrador, su digesti\u00f3n cerebral sobre los problemas torales de M\u00e9xico, tardan mucho, mucho m\u00e1s.<\/p>\n<p>Esa es la conclusi\u00f3n a la que llegan diversos estudiosos del car\u00e1cter sobre la neurosis que hace trizas al Presidente de M\u00e9xico. Sobre la pereza, el propio L\u00f3pez Obrador acaba de relevar p\u00fablicamente ese infame defecto de car\u00e1cter cuando el pasado 18 de noviembre en la ma\u00f1anera se descaro diciendo que: \u201cDa flojera recibir a Sicilia\u201d, despu\u00e9s de que el poeta Javier Sicilia le solicit\u00f3 hasta en tres respetuosas cartas una audiencia para exigirle que haya justicia en el caso de uno de sus hijos masacrado hace ya casi 10 a\u00f1os a manos de las mafias criminales. Estamos ante una frase la m\u00e1s desafortunada y que jam\u00e1s se le ha escuchado en toda su historia de lucro pol\u00edtico que refleja su falta de sensibilidad pol\u00edtica, pero sobre todo falta de sensibilidad humana y amor al pr\u00f3jimo cuando en cuestiones humanistas se equipara a Nelson Mandela, Mahatma Gandhi o Jesucristo. \u00bfNo le parece una bochornosa contradicci\u00f3n del Presidente de la Rep\u00fablica?&#8230;<\/p>\n<p>Bueno, la cuesti\u00f3n es que esa metida de pata y el asilo pol\u00edtico otorgado al dictador, delincuente electoral y l\u00edder cocalero o \u201ccocaculero\u201d en Bolivia, Evo Morales ha dado como resultado un desplome de poco m\u00e1s de 7 puntos en las preferencias de los mexicanos, s\u00ed, hac\u00eda un gobierno que ilusion\u00f3 a millones, pero que ha resultado una total desilusi\u00f3n. AMLO va en un peligroso tobog\u00e1n y no en balde, el Congreso Nacional Ciudadano ya convoca para el 24 de febrero del 2020 a un paro nacional, am\u00e9n de exigir que la C\u00e1mara de Diputados ventile el juicio pol\u00edtico contra AMLO por violaci\u00f3n a mas de 20 art\u00edculos y un sin n\u00famero de leyes secundarias.<\/p>\n<p>El poeta Sicilia anuncia tambi\u00e9n que, a principios de enero pr\u00f3ximo, realizar\u00e1 otra caravana de Cuernavaca a Ciudad Ju\u00e1rez y cualquier cantidad de organizaciones sociales, pero sobre todo v\u00edctimas de las mafias criminales, est\u00e1n listos para clamar \u00a1justicia!<\/p>\n<p>Parece que AMLO no entiende ese humanismo tan simple. Su mente perezosa no procesa esas sensibles demandas de la poblaci\u00f3n mexicana.<\/p>\n<p>\u00bfQu\u00e9 ocurrir\u00eda si algunos de los hijos de L\u00f3pez Obrador fuese v\u00edctima de esta temible descomposici\u00f3n social por la que atraviesa la patria mexicana? \u00bfEstar\u00eda en Palacio Nacional con los brazos cruzados y la insensibilidad que hoy manifiesta como un Presidente con la flojera que acaba de manifestar? O \u00bfSer\u00e1 que ya se cans\u00f3 y que dio todo lo que ten\u00eda que dar y lo mejor ser\u00e1 que renuncie por qu\u00e9 no puede con el paquete? \u00bfDe qu\u00e9 nos sirve a los mexicanos un presidente flojo como los perezosos? \u00bfSer\u00e1 que AMLO es perezoso a su conveniencia y que solamente recibe en su Palacio a sus adictos, pero no a los que piensan distinto de \u00e9l? \u00bfQu\u00e9 no gobierna para todos los mexicanos o el hecho que le digan sus verdades frente a frente representa para \u00e9l una flojera?<\/p>\n<p>En fin, los rancheros all\u00e1 en mi tierra dicen que este presidente tuvo salida de caballo bueno y carrera de burro cansando.<\/p>\n<p>Aqu\u00ed entre nos, usted, \u00bfqu\u00e9 opina de la flojera del Presidente de M\u00e9xico?<\/p>\n<p><em><a href=\"mailto:info@agenciamn.com\" target=\"_blank\" rel=\"noopener noreferrer\">info@agenciamn.com<\/a><\/em><\/p>\n","protected":false},"excerpt":{"rendered":"<p><span style=\"color: #005497;\"><strong>Alberto Vieyra G.<\/strong><\/span><\/p>\n","protected":false},"author":3,"featured_media":0,"comment_status":"open","ping_status":"open","sticky":false,"template":"","format":"standard","meta":{"_monsterinsights_skip_tracking":false,"_monsterinsights_sitenote_active":false,"_monsterinsights_sitenote_note":"","_monsterinsights_sitenote_category":0,"footnotes":""},"categories":[4596],"tags":[43697,4597,43674],"class_list":["post-451056","post","type-post","status-publish","format-standard","hentry","category-alberto-vieyra-g","tag-alberto-vieyra-g","tag-de-pe-a-pa","tag-opinion"],"_links":{"self":[{"href":"https:\/\/www.diarioimagen.net\/index.php?rest_route=\/wp\/v2\/posts\/451056","targetHints":{"allow":["GET"]}}],"collection":[{"href":"https:\/\/www.diarioimagen.net\/index.php?rest_route=\/wp\/v2\/posts"}],"about":[{"href":"https:\/\/www.diarioimagen.net\/index.php?rest_route=\/wp\/v2\/types\/post"}],"author":[{"embeddable":true,"href":"https:\/\/www.diarioimagen.net\/index.php?rest_route=\/wp\/v2\/users\/3"}],"replies":[{"embeddable":true,"href":"https:\/\/www.diarioimagen.net\/index.php?rest_route=%2Fwp%2Fv2%2Fcomments&post=451056"}],"version-history":[{"count":0,"href":"https:\/\/www.diarioimagen.net\/index.php?rest_route=\/wp\/v2\/posts\/451056\/revisions"}],"wp:attachment":[{"href":"https:\/\/www.diarioimagen.net\/index.php?rest_route=%2Fwp%2Fv2%2Fmedia&parent=451056"}],"wp:term":[{"taxonomy":"category","embeddable":true,"href":"https:\/\/www.diarioimagen.net\/index.php?rest_route=%2Fwp%2Fv2%2Fcategories&post=451056"},{"taxonomy":"post_tag","embeddable":true,"href":"https:\/\/www.diarioimagen.net\/index.php?rest_route=%2Fwp%2Fv2%2Ftags&post=451056"}],"curies":[{"name":"wp","href":"https:\/\/api.w.org\/{rel}","templated":true}]}}