{"id":451058,"date":"2019-11-21T00:05:57","date_gmt":"2019-11-21T06:05:57","guid":{"rendered":"https:\/\/www.diarioimagen.net\/?p=451058"},"modified":"2019-11-21T01:40:28","modified_gmt":"2019-11-21T07:40:28","slug":"lealtad-de-las-fuerzas-armadas","status":"publish","type":"post","link":"https:\/\/www.diarioimagen.net\/?p=451058","title":{"rendered":"Lealtad de las Fuerzas Armadas"},"content":{"rendered":"<h2>Desde el portal<\/h2>\n<h5>\u00c1ngel Soriano<\/h5>\n<p>&nbsp;<\/p>\n<p>Durante la conmemoraci\u00f3n del 109 aniversario de la Revoluci\u00f3n Mexicana, la III Transformaci\u00f3n, el general secretario de la Defensa Nacional, Luis Crescencio Sandoval, afirm\u00f3 ante el presidente Andr\u00e9s Manuel L\u00f3pez Obrador: \u201cEn su gobierno se nos han encomendado nuevas tareas. Tenga la seguridad de que los soldados y marinos nos sentimos orgullosos y honrados de que as\u00ed sea, y las hacemos porque sabemos que esos esfuerzos est\u00e1n encaminados a la transformaci\u00f3n de M\u00e9xico que usted dirige.<\/p>\n<p>Respaldamos su proyecto de gobierno con lealtad, profesionalismo y honestidad. Somos leales y guardamos profundo respeto a la instituci\u00f3n presidencial que usted representa al haber sido elegido en un proceso democr\u00e1tico y transparente. Le refrendamos el principio esencial de las Fuerzas Armadas de ser siempre leales\u201d. Reiter\u00f3 que las Fuerzas Armadas seguir\u00e1n sirviendo con lealtad a M\u00e9xico, a sus instituciones y a nuestro Comandante Supremo.<\/p>\n<p>El titular de Marina, Jos\u00e9 Rafael Ojeda, a su vez indic\u00f3: \u201cHoy conmemoramos el 109 aniversario de la Revoluci\u00f3n Mexicana, gesta heroica que dio inicio con el Plan de San Luis, promulgado en 1910 por el Ap\u00f3stol de la Democracia, don Francisco I. Madero. Esta primera revoluci\u00f3n social del siglo XX gener\u00f3 una gran transformaci\u00f3n en nuestro pa\u00eds y signific\u00f3 la lucha del pueblo por la democracia, la libertad, igualdad y la justicia.<\/p>\n<p>En el marco hist\u00f3rico de este movimiento se funda el actual Ej\u00e9rcito mexicano, instituci\u00f3n armada que nace en 1913 para hacer valer el orden constitucional. Sin duda, un evento tambi\u00e9n para ratificar la lealtad al pueblo de M\u00e9xico de parte de las Fuerzas Armadas\u2026\u201d<\/p>\n<p style=\"text-align: center;\"><strong>TURBULENCIAS<br \/>\nNueva directiva en el Congreso de Oaxaca<\/strong><\/p>\n<p>\u00a0Jorge Octavio Villaca\u00f1a Jim\u00e9nez, del PRI, fue electo con 30 de 39 votos nuevo presidente de la Mesa Directiva del Congreso local de Oaxaca, en sustituci\u00f3n de C\u00e9sar Morales Ni\u00f1o, y vicepresidente Hilda Luis (Morena); Migdalia Espinoza (Morena), primera secretaria; In\u00e9s Leal (Morena), segunda secretaria y Sa\u00fal Cruz (PT), tercer secretario y presidente de la Junta de Coordinaci\u00f3n Pol\u00edtica; Horacio Sosa Villavicencio,\u00a0 coordinador parlamentario de Morena en una sesi\u00f3n que dur\u00f3 casi dos horas\u2026 Las Asociaciones P\u00fablico-Privadas (APP) pueden convertirse en instrumentos adecuados para la realizaci\u00f3n de infraestructura y servicios p\u00fablicos de calidad a la poblaci\u00f3n, revela el estudio de Ethos Laboratorio de Pol\u00edticas P\u00fablicas, Transparencia y Rendici\u00f3n de cuentas de las Asociaciones P\u00fablico-Privadas (APP): Recomendaciones de Pol\u00edtica P\u00fablica\u201d en el cual los investigadores Yahir Acosta y Ana Laura Barr\u00f3n, realizaron un an\u00e1lisis de las etapas de planeaci\u00f3n, aprobaci\u00f3n y contrataci\u00f3n de las APP en M\u00e9xico, e identificaron las principales \u00e1reas de oportunidad en la pol\u00edtica p\u00fablica del uso de este tipo de instrumentos, que han demostrado su eficacia para responder a las necesidades p\u00fablicas en diferentes partes del mundo\u2026 El gobernador de Oaxaca, Alejandro Murat Hinojosa destac\u00f3 ayer durante la ceremonia conmemorativa del 109 aniversario de la Revoluci\u00f3n Mexicana, que en la transici\u00f3n pol\u00edtica que vive M\u00e9xico, Oaxaca reafirma su vocaci\u00f3n federalista y se suma al desarrollo de la Naci\u00f3n con la grandeza de su cultura, la fuerza de su gente y sus capacidades productivas. Ante la presidenta del Tribunal Superior de Justicia del Estado, Mar\u00eda Eugenia Villanueva Abraj\u00e1n y de la representante del Congreso del Estado, diputada In\u00e9s Leal Pel\u00e1ez, as\u00ed como de escolares, autoridades federales, estatales, municipales y militares, precis\u00f3 que en la primera mitad de su gesti\u00f3n se ha avanzado con uni\u00f3n, perseverancia y templanza ante los retos de cada d\u00eda. \u201cPodemos afirmar, con satisfacci\u00f3n, que Oaxaca avanza con paso firme teniendo como aliados a los Poderes de la Uni\u00f3n, a los municipios y a todos los sectores de esta sociedad diversa que somos. No bajaremos la guardia por la prosperidad de las familias. Oaxaca es nuestro proyecto de vida y vamos con todo para hacer de nuestra entidad un mejor lugar para todas y todos\u201d, dijo. Fue el secretario de Gobierno, H\u00e9ctor Mafud, quien presidi\u00f3 desde balc\u00f3n central de Palacio de Gobierno la parada c\u00edvico militar correspondiente\u2026<\/p>\n<p><a href=\"mailto:asorianocarrasco@yahoo.com\" target=\"_blank\" rel=\"noopener noreferrer\"><em>asorianocarrasco@yahoo.com<\/em><\/a><br \/>\n<em><a href=\"https:\/\/twitter.com\/brecharevista\" target=\"_blank\" rel=\"noopener noreferrer\">@BrechaRevista<\/a><a href=\"mailto:asorianocarrasco@yahoo.com\" target=\"_blank\" rel=\"noopener noreferrer\"><br \/>\n<\/a><a href=\"https:\/\/revistabrecha.com\" target=\"_blank\" rel=\"noopener noreferrer\">www.revistabrecha.com<\/a><\/em><\/p>\n","protected":false},"excerpt":{"rendered":"<p><span style=\"color: #005497;\"><strong>\u00c1ngel Soriano<\/strong><\/span><\/p>\n","protected":false},"author":3,"featured_media":0,"comment_status":"open","ping_status":"open","sticky":false,"template":"","format":"standard","meta":{"_monsterinsights_skip_tracking":false,"_monsterinsights_sitenote_active":false,"_monsterinsights_sitenote_note":"","_monsterinsights_sitenote_category":0,"footnotes":""},"categories":[135],"tags":[85,86,43674],"class_list":["post-451058","post","type-post","status-publish","format-standard","hentry","category-angel-soriano-opinion","tag-angel-soriano","tag-desde-el-portal","tag-opinion"],"_links":{"self":[{"href":"https:\/\/www.diarioimagen.net\/index.php?rest_route=\/wp\/v2\/posts\/451058","targetHints":{"allow":["GET"]}}],"collection":[{"href":"https:\/\/www.diarioimagen.net\/index.php?rest_route=\/wp\/v2\/posts"}],"about":[{"href":"https:\/\/www.diarioimagen.net\/index.php?rest_route=\/wp\/v2\/types\/post"}],"author":[{"embeddable":true,"href":"https:\/\/www.diarioimagen.net\/index.php?rest_route=\/wp\/v2\/users\/3"}],"replies":[{"embeddable":true,"href":"https:\/\/www.diarioimagen.net\/index.php?rest_route=%2Fwp%2Fv2%2Fcomments&post=451058"}],"version-history":[{"count":0,"href":"https:\/\/www.diarioimagen.net\/index.php?rest_route=\/wp\/v2\/posts\/451058\/revisions"}],"wp:attachment":[{"href":"https:\/\/www.diarioimagen.net\/index.php?rest_route=%2Fwp%2Fv2%2Fmedia&parent=451058"}],"wp:term":[{"taxonomy":"category","embeddable":true,"href":"https:\/\/www.diarioimagen.net\/index.php?rest_route=%2Fwp%2Fv2%2Fcategories&post=451058"},{"taxonomy":"post_tag","embeddable":true,"href":"https:\/\/www.diarioimagen.net\/index.php?rest_route=%2Fwp%2Fv2%2Ftags&post=451058"}],"curies":[{"name":"wp","href":"https:\/\/api.w.org\/{rel}","templated":true}]}}