{"id":451177,"date":"2019-11-22T00:04:36","date_gmt":"2019-11-22T06:04:36","guid":{"rendered":"https:\/\/www.diarioimagen.net\/?p=451177"},"modified":"2019-11-22T06:01:41","modified_gmt":"2019-11-22T12:01:41","slug":"duplica-el-difem-entrega-de-aparatos-auditivos","status":"publish","type":"post","link":"https:\/\/www.diarioimagen.net\/?p=451177","title":{"rendered":"Duplica el DIFEM entrega de aparatos auditivos"},"content":{"rendered":"<ul>\n<li><strong><em>Para personas adultas mayores y con discapacidad<\/em><\/strong><\/li>\n<\/ul>\n<p>&nbsp;<\/p>\n<div id=\"attachment_451270\" style=\"width: 470px\" class=\"wp-caption aligncenter\"><a href=\"https:\/\/www.diarioimagen.net\/?attachment_id=451270\" rel=\"attachment wp-att-451270\"><img loading=\"lazy\" decoding=\"async\" aria-describedby=\"caption-attachment-451270\" class=\"size-large wp-image-451270\" src=\"https:\/\/www.diarioimagen.net\/wp-content\/uploads\/2019\/11\/difem-1-460x259.jpg\" alt=\"\" width=\"460\" height=\"259\" srcset=\"https:\/\/www.diarioimagen.net\/wp-content\/uploads\/2019\/11\/difem-1-460x259.jpg 460w, https:\/\/www.diarioimagen.net\/wp-content\/uploads\/2019\/11\/difem-1-240x135.jpg 240w, https:\/\/www.diarioimagen.net\/wp-content\/uploads\/2019\/11\/difem-1-235x132.jpg 235w, https:\/\/www.diarioimagen.net\/wp-content\/uploads\/2019\/11\/difem-1-202x114.jpg 202w, https:\/\/www.diarioimagen.net\/wp-content\/uploads\/2019\/11\/difem-1-350x196.jpg 350w, https:\/\/www.diarioimagen.net\/wp-content\/uploads\/2019\/11\/difem-1-220x123.jpg 220w, https:\/\/www.diarioimagen.net\/wp-content\/uploads\/2019\/11\/difem-1-237x132.jpg 237w, https:\/\/www.diarioimagen.net\/wp-content\/uploads\/2019\/11\/difem-1.jpg 480w\" sizes=\"auto, (max-width: 460px) 100vw, 460px\" \/><\/a><p id=\"caption-attachment-451270\" class=\"wp-caption-text\">Miguel \u00c1ngel Torres Cabello, Director General del DIFEM, entreg\u00f3 apoyos a personas adultas mayores y con discapacidad de la zona de Los Volcanes de la entidad.<\/p><\/div>\n<p>&nbsp;<\/p>\n<p><strong>Amecameca, Estado de M\u00e9xico<\/strong>.- \u201cHoy volv\u00ed a escuchar y me regres\u00f3 la alegr\u00eda\u201d, fueron las palabras de Juliana, de 78 a\u00f1os de edad, tras recibir sus aparatos auditivos y quien forma parte de los 4 mil 800 beneficiarios que el DIF Estado de M\u00e9xico, apoya anualmente con auxiliares y\/o diademas \u00f3seas.<\/p>\n<p>Estos aparatos otorgados por la Presidenta Honoraria del DIFEM, Fernanda Castillo de Del Mazo, tienen el prop\u00f3sito de promover la inclusi\u00f3n y el bienestar de las personas adultas mayores y con discapacidad que padecen problemas de audici\u00f3n, as\u00ed lo dio a conocer Miguel \u00c1ngel Torres Cabello, Director General del DIFEM, al hacer entrega de este tipo de apoyos a personas adultas mayores y con discapacidad de la zona de Los Volcanes de la entidad.<\/p>\n<p>El funcionario destac\u00f3 que, desde el inicio de la administraci\u00f3n estatal, el compromiso de la instituci\u00f3n y de la Presidenta del organismo, ha sido trabajar en beneficio de la poblaci\u00f3n con mayores necesidades, siendo las afecciones al o\u00eddo un problema com\u00fan, por lo cual se duplic\u00f3 el n\u00famero de apoyos de este tipo, al pasar de 2 mil 300 a 4 mil 800, mismos que se entregan anualmente en los 125 municipios de la entidad.<\/p>\n<p>En compa\u00f1\u00eda de Miguel \u00c1ngel Salom\u00f3n Cort\u00e9s, Presidente municipal de Amecameca y titulares de 14 Sistemas Municipales DIF, Torres Cabello destac\u00f3 la importancia de trabajar en equipo para detectar las necesidades de la poblaci\u00f3n y a su vez, brindarles cobijo, a trav\u00e9s de los programas y servicios de asistencia social, como lo son estos aparatos que, dijo, sirven para la recepci\u00f3n, conducci\u00f3n, amplificaci\u00f3n y trasmisi\u00f3n del sonido para compensar la p\u00e9rdida auditiva.<\/p>\n<p>Asimismo, reiter\u00f3 que para Fernanda Castillo de Del Mazo ha sido una prioridad extender las ayudas y con ello, favorecer no s\u00f3lo al beneficiario, sino a su familia completa mejorando su salud, bienestar e integraci\u00f3n.<\/p>\n<p>En este evento, en el que tambi\u00e9n se cont\u00f3 con la presencia de Silvia Fern\u00e1ndez Mart\u00ednez, \u00c9dgar Mercado Jim\u00e9nez y Ana Mu\u00f1iz Neyra, Directores de Atenci\u00f3n a la Discapacidad, Enlace y Vinculaci\u00f3n regional y Coordinadora de Atenci\u00f3n a los Adultos Mayores del DIFEM, respectivamente, Torres Cabello tambi\u00e9n entreg\u00f3 40 aparatos funcionales como sillas de ruedas, bastones, andaderas y carriolas, entre otros aditamentos.<\/p>\n<p>Posteriormente, Torres Cabello realiz\u00f3, en compa\u00f1\u00eda de Patricia Tufi\u00f1o Carranza, Presidenta del SMDIF de Amecameca, un recorrido por las instalaciones del Sistema DIF de Amecameca, donde convers\u00f3 con terapeutas y pacientes del \u00e1rea de Rehabilitaci\u00f3n y visit\u00f3 la Casa de D\u00eda del Adulto Mayor que fue equipada por el DIFEM para coadyuvar en la recreaci\u00f3n y esparcimiento de las personas de la tercera edad.<\/p>\n","protected":false},"excerpt":{"rendered":"<p>\u201cHoy volv\u00ed a escuchar y me regres\u00f3 la alegr\u00eda\u201d, fueron las palabras de Juliana, de 78 a\u00f1os de edad, tras recibir sus aparatos auditivos y quien forma parte de los 4 mil 800 beneficiarios que el DIF Estado de M\u00e9xico, apoya anualmente con auxiliares y\/o diademas \u00f3seas.<\/p>\n","protected":false},"author":3,"featured_media":451270,"comment_status":"open","ping_status":"open","sticky":false,"template":"","format":"standard","meta":{"_monsterinsights_skip_tracking":false,"_monsterinsights_sitenote_active":false,"_monsterinsights_sitenote_note":"","_monsterinsights_sitenote_category":0,"footnotes":""},"categories":[5],"tags":[5055,25912,43675],"class_list":["post-451177","post","type-post","status-publish","format-standard","has-post-thumbnail","hentry","category-estado-de-mexico","tag-amecameca","tag-aparatos-auditivos","tag-estado-de-mexico"],"_links":{"self":[{"href":"https:\/\/www.diarioimagen.net\/index.php?rest_route=\/wp\/v2\/posts\/451177","targetHints":{"allow":["GET"]}}],"collection":[{"href":"https:\/\/www.diarioimagen.net\/index.php?rest_route=\/wp\/v2\/posts"}],"about":[{"href":"https:\/\/www.diarioimagen.net\/index.php?rest_route=\/wp\/v2\/types\/post"}],"author":[{"embeddable":true,"href":"https:\/\/www.diarioimagen.net\/index.php?rest_route=\/wp\/v2\/users\/3"}],"replies":[{"embeddable":true,"href":"https:\/\/www.diarioimagen.net\/index.php?rest_route=%2Fwp%2Fv2%2Fcomments&post=451177"}],"version-history":[{"count":0,"href":"https:\/\/www.diarioimagen.net\/index.php?rest_route=\/wp\/v2\/posts\/451177\/revisions"}],"wp:featuredmedia":[{"embeddable":true,"href":"https:\/\/www.diarioimagen.net\/index.php?rest_route=\/wp\/v2\/media\/451270"}],"wp:attachment":[{"href":"https:\/\/www.diarioimagen.net\/index.php?rest_route=%2Fwp%2Fv2%2Fmedia&parent=451177"}],"wp:term":[{"taxonomy":"category","embeddable":true,"href":"https:\/\/www.diarioimagen.net\/index.php?rest_route=%2Fwp%2Fv2%2Fcategories&post=451177"},{"taxonomy":"post_tag","embeddable":true,"href":"https:\/\/www.diarioimagen.net\/index.php?rest_route=%2Fwp%2Fv2%2Ftags&post=451177"}],"curies":[{"name":"wp","href":"https:\/\/api.w.org\/{rel}","templated":true}]}}