{"id":451184,"date":"2019-11-22T00:13:09","date_gmt":"2019-11-22T06:13:09","guid":{"rendered":"https:\/\/www.diarioimagen.net\/?p=451184"},"modified":"2019-11-28T00:03:05","modified_gmt":"2019-11-28T06:03:05","slug":"recorte-de-presupuesto-dana-la-imagen-turistica","status":"publish","type":"post","link":"https:\/\/www.diarioimagen.net\/?p=451184","title":{"rendered":"Recorte de presupuesto da\u00f1a la imagen tur\u00edstica"},"content":{"rendered":"<h2>Derecho de r\u00e9plica<\/h2>\n<h5>Jos\u00e9 Luis Monta\u00f1ez<\/h5>\n<p>&nbsp;<\/p>\n<ul>\n<li><strong><em>Perjudica m\u00e1s que el arribaz\u00f3n at\u00edpico del sargazo<\/em><\/strong><\/li>\n<\/ul>\n<p>&nbsp;<\/p>\n<div id=\"attachment_451266\" style=\"width: 470px\" class=\"wp-caption aligncenter\"><a href=\"https:\/\/www.diarioimagen.net\/?attachment_id=451266\" rel=\"attachment wp-att-451266\"><img loading=\"lazy\" decoding=\"async\" aria-describedby=\"caption-attachment-451266\" class=\"size-large wp-image-451266\" src=\"https:\/\/www.diarioimagen.net\/wp-content\/uploads\/2019\/11\/DERECHO01-2-460x259.jpg\" alt=\"\" width=\"460\" height=\"259\" srcset=\"https:\/\/www.diarioimagen.net\/wp-content\/uploads\/2019\/11\/DERECHO01-2-460x259.jpg 460w, https:\/\/www.diarioimagen.net\/wp-content\/uploads\/2019\/11\/DERECHO01-2-240x135.jpg 240w, https:\/\/www.diarioimagen.net\/wp-content\/uploads\/2019\/11\/DERECHO01-2-235x132.jpg 235w, https:\/\/www.diarioimagen.net\/wp-content\/uploads\/2019\/11\/DERECHO01-2-202x114.jpg 202w, https:\/\/www.diarioimagen.net\/wp-content\/uploads\/2019\/11\/DERECHO01-2-350x196.jpg 350w, https:\/\/www.diarioimagen.net\/wp-content\/uploads\/2019\/11\/DERECHO01-2-220x123.jpg 220w, https:\/\/www.diarioimagen.net\/wp-content\/uploads\/2019\/11\/DERECHO01-2-237x132.jpg 237w, https:\/\/www.diarioimagen.net\/wp-content\/uploads\/2019\/11\/DERECHO01-2.jpg 480w\" sizes=\"auto, (max-width: 460px) 100vw, 460px\" \/><\/a><p id=\"caption-attachment-451266\" class=\"wp-caption-text\">La eliminaci\u00f3n del presupuesto federal para la promoci\u00f3n de destinos tur\u00edsticos, dejo al estado sin difusi\u00f3n en otras latitudes y la \u00fanica promoci\u00f3n que qued\u00f3 fueron im\u00e1genes en noticieros con grandes cantidades de sargazo en nuestras playas.<\/p><\/div>\n<p>&nbsp;<\/p>\n<p>Con la presencia excesiva del sargazo en las costas de las playas quintanarroenses, la prioridad se volvi\u00f3 combatirlo, para que sus efectos sobre el turismo crearan la menor merma en la econom\u00eda del estado, no obstante, en este mismo lapso hab\u00eda otro acontecimiento que termin\u00f3 por perjudicar -quiz\u00e1 m\u00e1s que el alga- la llegada de turistas en este destino.<\/p>\n<p>Se trata de la eliminaci\u00f3n del presupuesto federal para la promoci\u00f3n de destinos tur\u00edsticos del pa\u00eds, lo cual dej\u00f3 al estado sin presencia de difusi\u00f3n positiva en otras latitudes y la \u00fanica promoci\u00f3n que qued\u00f3 para la entidad fueron las im\u00e1genes en noticieros con grandes cantidades de sargazo en nuestras playas.<\/p>\n<p>Es por lo anterior que Brian Rodr\u00edguez, analista burs\u00e1til de Grupo Financiero Monex, asever\u00f3 que la llegada de pasajeros internacionales se vio seriamente afectada por la eliminaci\u00f3n del presupuesto federal para la promoci\u00f3n de destinos tur\u00edsticos del pa\u00eds .<\/p>\n<p>\u201cA lo mejor no le impacta totalmente, pero dejas de mandar esa imagen de destino tur\u00edstico al mundo, y si le sumas m\u00e1s bien una imagen con problemas ambientales (por el sargazo), por supuesto que habr\u00e1 una afectaci\u00f3n\u201d.<\/p>\n<p>Record\u00f3 que, aunque el sargazo ha tenido presencia en estas costas desde hace aproximadamente cinco a\u00f1os, este 2019 se registr\u00f3 una mayor cantidad y frecuencia del alga, la cual se espera seg\u00fan estudios, contin\u00fae creciendo a\u00f1o con a\u00f1o, por lo que se debe contar con un plan de contingencia.<\/p>\n<p>Finalmente, reconoci\u00f3 que la creciente inseguridad en la entidad y todo el pa\u00eds tiene un grave impacto negativo en el turismo general. Y que es urgente tomar acciones al respecto, podr\u00edamos agregar a esa afirmaci\u00f3n, que la urgencia debe extenderse tambi\u00e9n a atender el problema del sargazo y m\u00e1s urgentemente a revertir el tema del recorte federal, que sin duda ha impactado en el turismo, rubro para el que se necesita promoci\u00f3n o de lo contrario se podr\u00eda continuar con el estancamiento en este sentido.<\/p>\n<p style=\"text-align: center;\"><strong>Sargazo represent\u00f3 estancamiento en llegada de turistas a Canc\u00fan <\/strong><\/p>\n<p>De acuerdo con cifras proporcionadas por Aeropuertos del Sureste, el sargazo represent\u00f3 un estancamiento en la llegada de turistas a Canc\u00fan por v\u00eda a\u00e9rea. De manera que el Aeropuerto Internacional de Canc\u00fan no ha tenido crecimiento en el n\u00famero de pasajeros internacionales movilizados en lo que va del a\u00f1o.<\/p>\n<p>El estudio indica que de enero a octubre de este a\u00f1o, desde este aeropuerto han viajado en vuelos internacionales 13 millones 682 mil pasajeros, 0.04 por ciento m\u00e1s que en igual lapso de 2018, lo cual representa un crecimiento pr\u00e1cticamente nulo, seg\u00fan Asur la empresa operadora de la terminal y en contraparte, de enero a octubre del a\u00f1o pasado, el aeropuerto tuvo un incremento anual de 4.2 por ciento en el total de pasajeros internacionales transportados.<\/p>\n<p>Como respuesta a este estancamiento, Juan Antonio Jos\u00e9, analista y consultor a\u00e9reo independiente, refiere el da\u00f1o que sufri\u00f3 este destino a nivel internacional por la presencia del sargazo y record\u00f3 que desde enero de este a\u00f1o se emitieron alertas por la llegada masiva de dicha alga.<\/p>\n<p style=\"text-align: center;\"><strong>Hay m\u00e1s de 40 propuestas nuevas para recolectar sargazo<\/strong><\/p>\n<p>Luego de la crisis en las playas quintanarroenses producto de la temporada alta de sargazo en sus costas y del pr\u00f3ximo vencimiento del contrato con Grupo ArCo, empresa que lo recolectaba en Playa del Carmen, han surgido m\u00e1s de 40 propuestas de otras que se han anotado para realizar el trabajo.<\/p>\n<p>El director de la Direcci\u00f3n de Zona Federal Mar\u00edtimo Terrestre (Zofemat), Antonio Loeza Pacheco, detall\u00f3 \u201cHemos recibido propuestas, se est\u00e1n haciendo las revisiones correspondientes, nos estamos reuniendo con ellos para saber qu\u00e9 propuestas tienen, tanto t\u00e9cnica como financiera, para efectos de lo que establece la norma o la ley. Hemos recibido ya muchas propuestas\u201d.<\/p>\n<p>ArCo inici\u00f3 operaciones en la costa de Playa del Carmen en el mes de junio, justo cuando el arribo del sargazo estaba en su apogeo, recibiendo hasta 50 toneladas diarias, una de las cifras m\u00e1s altas desde hace m\u00e1s de cinco a\u00f1os que inici\u00f3 la problem\u00e1tica ambiental.<\/p>\n<p style=\"text-align: center;\"><strong>Se espera nueva alza del alga en diciembre<\/strong><\/p>\n<p>Loeza Pacheco destac\u00f3 que, si bien, en las \u00faltimas semanas ha bajado el nivel de arribo de sargazo, por los cambios de las direcciones de los vientos, se debe tener en cuenta un plan emergente ante un posible arribo del alga en altas cantidades para el mes de diciembre, durante la temporada alta \u201cSe est\u00e1n previendo con elementos f\u00edsicos como maquinaria para lo que se pueda necesitar para en caso de que nos llegue mucho sargazo para el siguiente a\u00f1o o antes\u201d, asever\u00f3.<\/p>\n<p>Zofemat prev\u00e9 un presupuesto preliminar de 107 millones de pesos para el 2020, considerado en la propuesta de iniciativa de la Ley de Ingresos; el a\u00f1o pasado fue de 100 millones, por lo que apenas el incremento es de siete millones con respecto al a\u00f1o pasado.<\/p>\n<p style=\"text-align: center;\"><strong>Q. Roo, de los estados con mayor incidencia en secuestros <\/strong><\/p>\n<p>La Asociaci\u00f3n Alto al Secuestro, que preside la activista Isabel Miranda de Wallace, realiz\u00f3 un estudio en el que se identifica la mayor y menor incidencia en secuestros en el pa\u00eds, lo mismo, los estados que tienen carpetas abiertas por dicho delito y las que ahora, se podr\u00eda decir, se libran del mismo. En su m\u00e1s reciente informe, la asociaci\u00f3n coloc\u00f3 a Quintana Roo entre las entidades que justamente presentan \u00edndices de secuestros, no los m\u00e1s altos, pero s\u00ed entre los primeros.<\/p>\n<p>En sus cifras por tasa, por cada 100 mil habitantes, los estados con incidencia de ese delito son Morelos, Quintana Roo, Veracruz, Tabasco y Zacatecas. Mientras que las entidades consideradas libres de secuestros son Aguascalientes, Baja California Sur, Campeche, Colima, Durango, Nayarit, Quer\u00e9taro y Yucat\u00e1n.<\/p>\n<p>El estudio abarca el periodo de enero a octubre de este a\u00f1o y en \u00e9ste se refiere que el secuestro en M\u00e9xico tuvo un incremento de 37.7 por ciento, en comparaci\u00f3n con el \u00faltimo a\u00f1o de la administraci\u00f3n pasada.<\/p>\n<p>De este modo, dicen, que en una semana se contabilizaron en promedio 35 secuestros, cinco por d\u00eda, que significaron mil 690 carpetas de investigaci\u00f3n con dos mil 77 v\u00edctimas al a\u00f1o.<\/p>\n<p style=\"text-align: center;\"><strong>Veracruz lidera la lista con m\u00e1s secuestros<\/strong><\/p>\n<p>Seg\u00fan el documento este a\u00f1o se han iniciado mil 690 carpetas de investigaci\u00f3n y han sido detenidas mil 551 personas, mientras que los estados con mayor incidencia, con 63 por ciento de los secuestros, son Veracruz, Estado de M\u00e9xico, Ciudad de M\u00e9xico, Puebla y Morelos.<\/p>\n<p>Miranda de Wallace destac\u00f3 su preocupaci\u00f3n ante la alza de este delito y que no se est\u00e9n aplicando acciones para combatirlo de manera efectiva. En conferencia de prensa, detall\u00f3 que las cifras de octubre de este a\u00f1o son 152 carpetas de investigaci\u00f3n, que representan un aumento de 16 por ciento respecto a septiembre, cuando hubo solo 131 y es menester por ello poner un freno pronto y efectivo.<\/p>\n<p>Lo anterior significa que hubo 194 v\u00edctimas, es decir 7.7 por ciento m\u00e1s respecto a septiembre de 2019, cuando se registraron 180. Los estados con mayor incidencia en octubre fueron Veracruz, con 32 casos; Estado de M\u00e9xico, 30; Ciudad de M\u00e9xico, 10; Morelos, nueve; Puebla y Tabasco, con siete cada uno.<\/p>\n<p><strong>\u00a0<\/strong><\/p>\n<p>&nbsp;<\/p>\n<blockquote>\n<h1 style=\"text-align: center;\">Tres detenidos m\u00e1s por posesi\u00f3n<br \/>\nde droga y cartuchos en Canc\u00fan<\/h1>\n<div id=\"attachment_451267\" style=\"width: 470px\" class=\"wp-caption aligncenter\"><a href=\"https:\/\/www.diarioimagen.net\/?attachment_id=451267\" rel=\"attachment wp-att-451267\"><img loading=\"lazy\" decoding=\"async\" aria-describedby=\"caption-attachment-451267\" class=\"size-large wp-image-451267\" src=\"https:\/\/www.diarioimagen.net\/wp-content\/uploads\/2019\/11\/detenidos-460x259.jpg\" alt=\"\" width=\"460\" height=\"259\" srcset=\"https:\/\/www.diarioimagen.net\/wp-content\/uploads\/2019\/11\/detenidos-460x259.jpg 460w, https:\/\/www.diarioimagen.net\/wp-content\/uploads\/2019\/11\/detenidos-240x135.jpg 240w, https:\/\/www.diarioimagen.net\/wp-content\/uploads\/2019\/11\/detenidos-235x132.jpg 235w, https:\/\/www.diarioimagen.net\/wp-content\/uploads\/2019\/11\/detenidos-202x114.jpg 202w, https:\/\/www.diarioimagen.net\/wp-content\/uploads\/2019\/11\/detenidos-350x196.jpg 350w, https:\/\/www.diarioimagen.net\/wp-content\/uploads\/2019\/11\/detenidos-220x123.jpg 220w, https:\/\/www.diarioimagen.net\/wp-content\/uploads\/2019\/11\/detenidos-237x132.jpg 237w, https:\/\/www.diarioimagen.net\/wp-content\/uploads\/2019\/11\/detenidos.jpg 480w\" sizes=\"auto, (max-width: 460px) 100vw, 460px\" \/><\/a><p id=\"caption-attachment-451267\" class=\"wp-caption-text\">Los detenidos fueron identificados como Karen Lizbeth \u201cN\u201d, de 27 a\u00f1os, Esli \u201cN\u201d, de 29 a\u00f1os, y Guillermo \u201cN\u201d, de 32 a\u00f1os de edad.<\/p><\/div>\n<p>Durante un recorrido de prevenci\u00f3n y vigilancia en la Supermanzana 39, de Canc\u00fan, elementos de la Polic\u00eda Quintana Roo lograron la captura de dos hombres y una mujer por posesi\u00f3n ilegal de cartuchos y varias dosis de mariguana. Todos fueron puestos a disposici\u00f3n de las autoridades competentes.<\/p>\n<p>Lo hechos ocurrieron cuando durante su recorrido, los oficiales se percataron de la sospechosa presencia de dos veh\u00edculos, un Dodge tipo Ne\u00f3n, color blanco y un Hyundai tipo i-10, color naranja, que eran conducidos de manera inadecuada y peligrosa sobre la avenida Andr\u00e9s Quintana Roo.<\/p>\n<p>Ante el acto los oficiales les marcaron el alto para hablar con los respectivos conductores y se\u00f1alarles su falta al reglamento de tr\u00e1nsito, al conducir de manera en que se convierten en un riego para otros.<\/p>\n<p>Ante la actitud de los conductores, los polic\u00edas procedieron a realizar una inspecci\u00f3n de las unidades y fue cuando localizaron en el veh\u00edculo Dodge, 14 bolsitas transparentes con hierba verde y seca con las caracter\u00edsticas de la marihuana, lo mismo que en el Hyundai, 14 dosis m\u00e1s, 3 cartuchos .38 especial y uno .38 s\u00faper.<\/p>\n<p>Por lo anterior, los oficiales procedieron al aseguramiento de los veh\u00edculos y la detenci\u00f3n de los sujetos identificados como Karen Lizbeth \u201cN\u201d de 27 a\u00f1os, Esli \u201cN\u201d de 29 a\u00f1os y Guillermo \u201cN\u201d de 32 a\u00f1os de edad, que fueron trasladados a las instalaciones de la Polic\u00eda Quintana Roo para certificarlos m\u00e9dicamente y ponerlos a disposici\u00f3n de la autoridad correspondiente.<\/p>\n<p>En le reporte se indica que la Secretar\u00eda de Seguridad P\u00fablica y Tr\u00e1nsito Municipal pone a disposici\u00f3n las l\u00edneas de auxilio a trav\u00e9s del n\u00famero 911 donde se reciben denuncias y quejas con el fin de mantener el v\u00ednculo con la ciudadan\u00eda y proporcionar auxilio.<\/p><\/blockquote>\n","protected":false},"excerpt":{"rendered":"<p><span style=\"color: #005497;\">Jos\u00e9 Luis Monta\u00f1ez<\/span><br \/>\n<br \/>\nCon la presencia excesiva del sargazo en las costas de las playas quintanarroenses, la prioridad se volvi\u00f3 combatirlo, para que sus efectos sobre el turismo crearan la menor merma en la econom\u00eda del estado, no obstante, en este mismo lapso hab\u00eda otro acontecimiento que termin\u00f3 por perjudicar -quiz\u00e1 m\u00e1s que el alga- la llegada de turistas en este destino.<\/p>\n","protected":false},"author":3,"featured_media":451266,"comment_status":"open","ping_status":"open","sticky":false,"template":"","format":"standard","meta":{"_monsterinsights_skip_tracking":false,"_monsterinsights_sitenote_active":false,"_monsterinsights_sitenote_note":"","_monsterinsights_sitenote_category":0,"footnotes":""},"categories":[11622],"tags":[47840,54579,43674],"class_list":["post-451184","post","type-post","status-publish","format-standard","has-post-thumbnail","hentry","category-jose-luis-montanez-aguilar","tag-derecho-de-replica","tag-jose-luis-montanez","tag-opinion"],"_links":{"self":[{"href":"https:\/\/www.diarioimagen.net\/index.php?rest_route=\/wp\/v2\/posts\/451184","targetHints":{"allow":["GET"]}}],"collection":[{"href":"https:\/\/www.diarioimagen.net\/index.php?rest_route=\/wp\/v2\/posts"}],"about":[{"href":"https:\/\/www.diarioimagen.net\/index.php?rest_route=\/wp\/v2\/types\/post"}],"author":[{"embeddable":true,"href":"https:\/\/www.diarioimagen.net\/index.php?rest_route=\/wp\/v2\/users\/3"}],"replies":[{"embeddable":true,"href":"https:\/\/www.diarioimagen.net\/index.php?rest_route=%2Fwp%2Fv2%2Fcomments&post=451184"}],"version-history":[{"count":0,"href":"https:\/\/www.diarioimagen.net\/index.php?rest_route=\/wp\/v2\/posts\/451184\/revisions"}],"wp:featuredmedia":[{"embeddable":true,"href":"https:\/\/www.diarioimagen.net\/index.php?rest_route=\/wp\/v2\/media\/451266"}],"wp:attachment":[{"href":"https:\/\/www.diarioimagen.net\/index.php?rest_route=%2Fwp%2Fv2%2Fmedia&parent=451184"}],"wp:term":[{"taxonomy":"category","embeddable":true,"href":"https:\/\/www.diarioimagen.net\/index.php?rest_route=%2Fwp%2Fv2%2Fcategories&post=451184"},{"taxonomy":"post_tag","embeddable":true,"href":"https:\/\/www.diarioimagen.net\/index.php?rest_route=%2Fwp%2Fv2%2Ftags&post=451184"}],"curies":[{"name":"wp","href":"https:\/\/api.w.org\/{rel}","templated":true}]}}