{"id":451188,"date":"2019-11-22T00:06:04","date_gmt":"2019-11-22T06:06:04","guid":{"rendered":"https:\/\/www.diarioimagen.net\/?p=451188"},"modified":"2019-11-22T05:52:36","modified_gmt":"2019-11-22T11:52:36","slug":"inauguran-en-atizapan-techumbre-en-primaria-josefa-ortiz-de-dominguez","status":"publish","type":"post","link":"https:\/\/www.diarioimagen.net\/?p=451188","title":{"rendered":"Inauguran en Atizap\u00e1n techumbre en primaria \u201cJosefa Ortiz de Dom\u00ednguez\u201d"},"content":{"rendered":"<ul>\n<li><strong><em>En la colonia Nueva Mad\u00edn<\/em><\/strong><\/li>\n<\/ul>\n<p>&nbsp;<\/p>\n<div id=\"attachment_451254\" style=\"width: 470px\" class=\"wp-caption aligncenter\"><a href=\"https:\/\/www.diarioimagen.net\/?attachment_id=451254\" rel=\"attachment wp-att-451254\"><img loading=\"lazy\" decoding=\"async\" aria-describedby=\"caption-attachment-451254\" class=\"size-large wp-image-451254\" src=\"https:\/\/www.diarioimagen.net\/wp-content\/uploads\/2019\/11\/atizapan-1-460x259.jpg\" alt=\"\" width=\"460\" height=\"259\" srcset=\"https:\/\/www.diarioimagen.net\/wp-content\/uploads\/2019\/11\/atizapan-1-460x259.jpg 460w, https:\/\/www.diarioimagen.net\/wp-content\/uploads\/2019\/11\/atizapan-1-240x135.jpg 240w, https:\/\/www.diarioimagen.net\/wp-content\/uploads\/2019\/11\/atizapan-1-235x132.jpg 235w, https:\/\/www.diarioimagen.net\/wp-content\/uploads\/2019\/11\/atizapan-1-202x114.jpg 202w, https:\/\/www.diarioimagen.net\/wp-content\/uploads\/2019\/11\/atizapan-1-350x196.jpg 350w, https:\/\/www.diarioimagen.net\/wp-content\/uploads\/2019\/11\/atizapan-1-220x123.jpg 220w, https:\/\/www.diarioimagen.net\/wp-content\/uploads\/2019\/11\/atizapan-1-237x132.jpg 237w, https:\/\/www.diarioimagen.net\/wp-content\/uploads\/2019\/11\/atizapan-1.jpg 480w\" sizes=\"auto, (max-width: 460px) 100vw, 460px\" \/><\/a><p id=\"caption-attachment-451254\" class=\"wp-caption-text\">Inauguraron la techumbre y trabajos complementarios en la escuela primaria \u201cJosefa Ortiz de Dom\u00ednguez\u201d, ubicada en la colonia Nueva Mad\u00edn.<\/p><\/div>\n<p>&nbsp;<\/p>\n<p><strong>Atizap\u00e1n, Estado de M\u00e9xico<\/strong>.- En el marco del CIX aniversario de la Revoluci\u00f3n Mexicana, autoridades municipales inauguraron la techumbre y trabajos complementarios en la escuela primaria \u201cJosefa Ortiz de Dom\u00ednguez\u201d, ubicada en la colonia Nueva Mad\u00edn, donde se realizan obras diversas que representan una inversi\u00f3n de m\u00e1s de 5 millones de pesos.<\/p>\n<p>En representaci\u00f3n de la Presidente Municipal, Ruth Olvera Nieto, el segundo regidor Mariano L\u00f3pez Camacho apunt\u00f3 la importancia de que los alumnos estudien en instalaciones en buenas condiciones, toda vez que la escuela es como su segunda casa.<\/p>\n<p>Asimismo se\u00f1al\u00f3 que para mejorar el nivel de vida de los atizapenses, es relevante que las autoridades y la comunidad caminen de la mano para lograr m\u00e1s beneficios y llegar a m\u00e1s gente. La titular de Desarrollo Territorial, Nina Hermosillo Miranda, detall\u00f3 que la obra cuenta 515 m2 de techumbre e incluy\u00f3 zapatas de cimentaci\u00f3n, armado colado, cimbrado con concreto hidr\u00e1ulico y colocaci\u00f3n de canalones de acero.<\/p>\n<p>\u201cCuenta con l\u00e1mina traslucida para no oscurecer el patio central y ahora los estudiantes podr\u00e1n realizar sus actividades sin padecer del sol o la lluvia. Tambi\u00e9n se hicieron trabajos complementarios que incluyeron la reconstrucci\u00f3n y pinta de gradas. Tuvo un costo total de casi 800 mil pesos\u201d. Asimismo destac\u00f3 que en la colonia Nuevo Mad\u00edn se efect\u00faan obras diversas como la rehabilitaci\u00f3n de la calle 5 con concreto hidr\u00e1ulico, colocaci\u00f3n de luminarias, construcci\u00f3n de muro contenci\u00f3n en la plaza, con una inversi\u00f3n de m\u00e1s de 5 millones de pesos.<\/p>\n<p>Durante su intervenci\u00f3n, la directora del plantel, Susana Beatriz Cabrera Altamirano, agradeci\u00f3 a la alcaldesa Ruth Olvera el haber cumplido con la entrega del arcotecho y record\u00f3 las palabras del psic\u00f3logo Jean Piaget : \u201cel principal objetivo de la educaci\u00f3n es crear personas capaces de hacer cosas nuevas, y no simplemente repetir lo que otras generaciones hicieron\u201d. Se\u00f1al\u00f3 que la primaria es de tiempo completo y asisten 110 pupilos.<\/p>\n<p>Finalmente, se conmemor\u00f3 el aniversario 109 de la Revoluci\u00f3n Mexicana, con una semblanza del hecho hist\u00f3rico a cargo de la alumna Arantza Rosas S\u00e1nchez y una tabla r\u00edtmica.<\/p>\n<p>Estuvieron presentes integrantes de Cabildo, directores de \u00e1rea, el supervisor escolar de la Zona 27 V\u00edctor Manuel Ch\u00e9 Sol\u00f3rzano; adem\u00e1s de la presidenta de la asociaci\u00f3n de padres de familia, Beatriz P\u00e9rez Flores.<\/p>\n","protected":false},"excerpt":{"rendered":"<p>En el marco del CIX aniversario de la Revoluci\u00f3n Mexicana, autoridades municipales inauguraron la techumbre y trabajos complementarios en la escuela primaria \u201cJosefa Ortiz de Dom\u00ednguez\u201d, ubicada en la colonia Nueva Mad\u00edn, donde se realizan obras diversas que representan una inversi\u00f3n de m\u00e1s de 5 millones de pesos.<\/p>\n","protected":false},"author":3,"featured_media":451254,"comment_status":"open","ping_status":"open","sticky":false,"template":"","format":"standard","meta":{"_monsterinsights_skip_tracking":false,"_monsterinsights_sitenote_active":false,"_monsterinsights_sitenote_note":"","_monsterinsights_sitenote_category":0,"footnotes":""},"categories":[5],"tags":[969,21479,43675,47480],"class_list":["post-451188","post","type-post","status-publish","format-standard","has-post-thumbnail","hentry","category-estado-de-mexico","tag-atizapan","tag-escuela","tag-estado-de-mexico","tag-inauguran"],"_links":{"self":[{"href":"https:\/\/www.diarioimagen.net\/index.php?rest_route=\/wp\/v2\/posts\/451188","targetHints":{"allow":["GET"]}}],"collection":[{"href":"https:\/\/www.diarioimagen.net\/index.php?rest_route=\/wp\/v2\/posts"}],"about":[{"href":"https:\/\/www.diarioimagen.net\/index.php?rest_route=\/wp\/v2\/types\/post"}],"author":[{"embeddable":true,"href":"https:\/\/www.diarioimagen.net\/index.php?rest_route=\/wp\/v2\/users\/3"}],"replies":[{"embeddable":true,"href":"https:\/\/www.diarioimagen.net\/index.php?rest_route=%2Fwp%2Fv2%2Fcomments&post=451188"}],"version-history":[{"count":0,"href":"https:\/\/www.diarioimagen.net\/index.php?rest_route=\/wp\/v2\/posts\/451188\/revisions"}],"wp:featuredmedia":[{"embeddable":true,"href":"https:\/\/www.diarioimagen.net\/index.php?rest_route=\/wp\/v2\/media\/451254"}],"wp:attachment":[{"href":"https:\/\/www.diarioimagen.net\/index.php?rest_route=%2Fwp%2Fv2%2Fmedia&parent=451188"}],"wp:term":[{"taxonomy":"category","embeddable":true,"href":"https:\/\/www.diarioimagen.net\/index.php?rest_route=%2Fwp%2Fv2%2Fcategories&post=451188"},{"taxonomy":"post_tag","embeddable":true,"href":"https:\/\/www.diarioimagen.net\/index.php?rest_route=%2Fwp%2Fv2%2Ftags&post=451188"}],"curies":[{"name":"wp","href":"https:\/\/api.w.org\/{rel}","templated":true}]}}