{"id":451189,"date":"2019-11-22T00:05:40","date_gmt":"2019-11-22T06:05:40","guid":{"rendered":"https:\/\/www.diarioimagen.net\/?p=451189"},"modified":"2019-11-22T05:53:45","modified_gmt":"2019-11-22T11:53:45","slug":"tlalnepantla-arranca-primera-semana-municipal-de-ciencia-y-tecnologia","status":"publish","type":"post","link":"https:\/\/www.diarioimagen.net\/?p=451189","title":{"rendered":"Tlalnepantla arranca primera semana municipal de ciencia y tecnolog\u00eda"},"content":{"rendered":"<p><a href=\"https:\/\/www.diarioimagen.net\/?attachment_id=451257\" rel=\"attachment wp-att-451257\"><img loading=\"lazy\" decoding=\"async\" class=\"aligncenter size-large wp-image-451257\" src=\"https:\/\/www.diarioimagen.net\/wp-content\/uploads\/2019\/11\/tlanepantla-460x259.jpg\" alt=\"\" width=\"460\" height=\"259\" srcset=\"https:\/\/www.diarioimagen.net\/wp-content\/uploads\/2019\/11\/tlanepantla-460x259.jpg 460w, https:\/\/www.diarioimagen.net\/wp-content\/uploads\/2019\/11\/tlanepantla-240x135.jpg 240w, https:\/\/www.diarioimagen.net\/wp-content\/uploads\/2019\/11\/tlanepantla-235x132.jpg 235w, https:\/\/www.diarioimagen.net\/wp-content\/uploads\/2019\/11\/tlanepantla-202x114.jpg 202w, https:\/\/www.diarioimagen.net\/wp-content\/uploads\/2019\/11\/tlanepantla-350x196.jpg 350w, https:\/\/www.diarioimagen.net\/wp-content\/uploads\/2019\/11\/tlanepantla-220x123.jpg 220w, https:\/\/www.diarioimagen.net\/wp-content\/uploads\/2019\/11\/tlanepantla-237x132.jpg 237w, https:\/\/www.diarioimagen.net\/wp-content\/uploads\/2019\/11\/tlanepantla.jpg 480w\" sizes=\"auto, (max-width: 460px) 100vw, 460px\" \/><\/a><\/p>\n<p>&nbsp;<\/p>\n<p><strong>Tlalnepantla, Estado de M\u00e9xico<\/strong><strong>.-<\/strong> El Gobierno de Tlalnepantla arranc\u00f3 la \u2018Primera Semana Municipal de Ciencia y Tecnolog\u00eda 2019\u2019 en la Escuela Secundaria T\u00e9cnica Industrial y Comercial n\u00famero 37 \u2018Antonia Franco de Lara\u2019, que tiene como objetivo involucrar a m\u00e1s j\u00f3venes en estas disciplinas para que desarrollen capacidades que les permitan enfrentar los problemas del futuro.<\/p>\n<p>Raciel P\u00e9rez Cruz, Presidente Municipal de Tlalnepantla, destac\u00f3 que para el gobierno que encabeza, la educaci\u00f3n es la clave para la transformaci\u00f3n, \u201custedes son una generaci\u00f3n que muy pronto enfrentar\u00e1n y tendr\u00e1n que resolver problemas catastr\u00f3ficos, como el hambre, la escasez de agua, el calentamiento global, y solo a trav\u00e9s de la educaci\u00f3n, la promoci\u00f3n e inversi\u00f3n en ciencia y tecnolog\u00eda, podr\u00e1n hacerlo\u201d.<\/p>\n<p>&nbsp;<\/p>\n","protected":false},"excerpt":{"rendered":"<p>El Gobierno de Tlalnepantla arranc\u00f3 la \u2018Primera Semana Municipal de Ciencia y Tecnolog\u00eda 2019\u2019 en la Escuela Secundaria T\u00e9cnica Industrial y Comercial n\u00famero 37 \u2018Antonia Franco de Lara\u2019, que tiene como objetivo involucrar a m\u00e1s j\u00f3venes en estas disciplinas para que desarrollen capacidades que les permitan enfrentar los problemas del futuro.<\/p>\n","protected":false},"author":3,"featured_media":451257,"comment_status":"open","ping_status":"open","sticky":false,"template":"","format":"standard","meta":{"_monsterinsights_skip_tracking":false,"_monsterinsights_sitenote_active":false,"_monsterinsights_sitenote_note":"","_monsterinsights_sitenote_category":0,"footnotes":""},"categories":[5],"tags":[22721,43675,4149,169],"class_list":["post-451189","post","type-post","status-publish","format-standard","has-post-thumbnail","hentry","category-estado-de-mexico","tag-ciencia","tag-estado-de-mexico","tag-tecnologia","tag-tlalnepantla"],"_links":{"self":[{"href":"https:\/\/www.diarioimagen.net\/index.php?rest_route=\/wp\/v2\/posts\/451189","targetHints":{"allow":["GET"]}}],"collection":[{"href":"https:\/\/www.diarioimagen.net\/index.php?rest_route=\/wp\/v2\/posts"}],"about":[{"href":"https:\/\/www.diarioimagen.net\/index.php?rest_route=\/wp\/v2\/types\/post"}],"author":[{"embeddable":true,"href":"https:\/\/www.diarioimagen.net\/index.php?rest_route=\/wp\/v2\/users\/3"}],"replies":[{"embeddable":true,"href":"https:\/\/www.diarioimagen.net\/index.php?rest_route=%2Fwp%2Fv2%2Fcomments&post=451189"}],"version-history":[{"count":0,"href":"https:\/\/www.diarioimagen.net\/index.php?rest_route=\/wp\/v2\/posts\/451189\/revisions"}],"wp:featuredmedia":[{"embeddable":true,"href":"https:\/\/www.diarioimagen.net\/index.php?rest_route=\/wp\/v2\/media\/451257"}],"wp:attachment":[{"href":"https:\/\/www.diarioimagen.net\/index.php?rest_route=%2Fwp%2Fv2%2Fmedia&parent=451189"}],"wp:term":[{"taxonomy":"category","embeddable":true,"href":"https:\/\/www.diarioimagen.net\/index.php?rest_route=%2Fwp%2Fv2%2Fcategories&post=451189"},{"taxonomy":"post_tag","embeddable":true,"href":"https:\/\/www.diarioimagen.net\/index.php?rest_route=%2Fwp%2Fv2%2Ftags&post=451189"}],"curies":[{"name":"wp","href":"https:\/\/api.w.org\/{rel}","templated":true}]}}