{"id":451192,"date":"2019-11-22T00:02:57","date_gmt":"2019-11-22T06:02:57","guid":{"rendered":"https:\/\/www.diarioimagen.net\/?p=451192"},"modified":"2019-11-22T05:55:05","modified_gmt":"2019-11-22T11:55:05","slug":"encabeza-alcaldesa-de-tultitlan-elena-garcia-desfile-revolucionario","status":"publish","type":"post","link":"https:\/\/www.diarioimagen.net\/?p=451192","title":{"rendered":"Encabeza alcaldesa de Tultitl\u00e1n, Elena Garc\u00eda, desfile revolucionario"},"content":{"rendered":"<ul>\n<li><strong><em>En compa\u00f1\u00eda del Cabildo<\/em><\/strong><\/li>\n<\/ul>\n<p>&nbsp;<\/p>\n<div id=\"attachment_451260\" style=\"width: 470px\" class=\"wp-caption aligncenter\"><a href=\"https:\/\/www.diarioimagen.net\/?attachment_id=451260\" rel=\"attachment wp-att-451260\"><img loading=\"lazy\" decoding=\"async\" aria-describedby=\"caption-attachment-451260\" class=\"size-large wp-image-451260\" src=\"https:\/\/www.diarioimagen.net\/wp-content\/uploads\/2019\/11\/TULTITL\u00c1N-4-460x259.jpg\" alt=\"\" width=\"460\" height=\"259\" srcset=\"https:\/\/www.diarioimagen.net\/wp-content\/uploads\/2019\/11\/TULTITL\u00c1N-4-460x259.jpg 460w, https:\/\/www.diarioimagen.net\/wp-content\/uploads\/2019\/11\/TULTITL\u00c1N-4-240x135.jpg 240w, https:\/\/www.diarioimagen.net\/wp-content\/uploads\/2019\/11\/TULTITL\u00c1N-4-235x132.jpg 235w, https:\/\/www.diarioimagen.net\/wp-content\/uploads\/2019\/11\/TULTITL\u00c1N-4-202x114.jpg 202w, https:\/\/www.diarioimagen.net\/wp-content\/uploads\/2019\/11\/TULTITL\u00c1N-4-350x196.jpg 350w, https:\/\/www.diarioimagen.net\/wp-content\/uploads\/2019\/11\/TULTITL\u00c1N-4-220x123.jpg 220w, https:\/\/www.diarioimagen.net\/wp-content\/uploads\/2019\/11\/TULTITL\u00c1N-4-237x132.jpg 237w, https:\/\/www.diarioimagen.net\/wp-content\/uploads\/2019\/11\/TULTITL\u00c1N-4.jpg 480w\" sizes=\"auto, (max-width: 460px) 100vw, 460px\" \/><\/a><p id=\"caption-attachment-451260\" class=\"wp-caption-text\">La presidenta municipal de Tultitl\u00e1n Elena Garc\u00eda Mart\u00ednez en compa\u00f1\u00eda de integrantes del cabildo y directores de la actual gesti\u00f3n, presenciaron de manera emotiva el desfile c\u00edvico deportivo.<\/p><\/div>\n<p>&nbsp;<\/p>\n<p><strong>Tultitl\u00e1n, Estado de M\u00e9xico<\/strong>.- En el marco del CIX Aniversario del Inicio de la Revoluci\u00f3n Mexicana, la presidenta municipal de Tultitl\u00e1n Elena Garc\u00eda Mart\u00ednez en compa\u00f1\u00eda de integrantes de cabildo y directores de la actual gesti\u00f3n, presenciaron de manera emotiva el desfile c\u00edvico deportivo, conmemorativo a esta importante fecha para los mexicanos.<\/p>\n<p>En este tenor, la mun\u00edcipe resalt\u00f3 que su compromiso como representante de todas y todos los tultitlenses es siempre promover la igualdad y justicia social, a trav\u00e9s del mejorar d\u00eda a d\u00eda la calidad de vida de cada habitante y seguir apoyando a los que menos tienen mediante la transparencia y rendici\u00f3n de cuentas.<\/p>\n<p>Durante dicho desfile se cont\u00f3 con la presencia de m\u00e1s de 10 mil 300 asistentes divididos en 4 bandas de guerra con 56 elementos, 3 dependencias p\u00fablicas con un contingente de 1320 personas, participaron 72 planteles educativos con 8 mil 500 alumnos, 3 organizaciones sociales con un total de 910 asistentes, participaron 45 veh\u00edculos y 40 caballos, siendo esta la parte de novedades por parte del director de Seguridad Ciudadana, Vialidad y Protecci\u00f3n Civil Julio C\u00e9sar Cata\u00f1o.<\/p>\n<p>Todos los contingentes que participaron en este magno evento recorrieron la avenida principal Hidalgo hasta llegar a Palacio Municipal donde cada contingente se hizo notar con bailables, acrobacias, tablas r\u00edtmicas marchas y m\u00e1s actividades culminando con una representaci\u00f3n de asociaci\u00f3n de cabalgantes \u201cCentauros Sierra de Guadalupe\u201d.<\/p>\n<p>Posteriormente se nombr\u00f3 a los primeros lugares del concurso emitido a trav\u00e9s de convocatoria en d\u00edas pasados donde los concursantes participaron en tres categor\u00edas\u00a0 con la tem\u00e1tica de pasaje hist\u00f3rico y se premiaron a los tres primeros lugares de cada categor\u00eda con una computadora de escritorio, una laptop, un ca\u00f1\u00f3n y un kit deportivo, en cuanto a los segundos lugares se les dot\u00f3 de una computadora de escritorio, un ca\u00f1\u00f3n y un kit deportivo y finalmente los terceros lugares se les hizo entrega de una computadora de escritorio y un kit deportivo, para poder ser utilizados en las aulas escolares.<\/p>\n<p>Finalmente la mandataria local agradeci\u00f3 a los alumnos, padres de familia, instituciones deportivas y a las \u00e1reas que conforman la administraci\u00f3n municipal por su desempe\u00f1o y participaci\u00f3n en esta fecha hist\u00f3rica den gran trascendencia de nuestro pa\u00eds y exhort\u00f3 a los mismos a ser mexicanos de bien.<\/p>\n","protected":false},"excerpt":{"rendered":"<p>En el marco del CIX Aniversario del Inicio de la Revoluci\u00f3n Mexicana, la Presidenta Municipal de Tultitl\u00e1n Elena Garc\u00eda Mart\u00ednez en compa\u00f1\u00eda de integrantes de cabildo y directores de la actual gesti\u00f3n, presenciaron de manera emotiva el desfile c\u00edvico deportivo, conmemorativo a esta importante fecha para los mexicanos.<\/p>\n","protected":false},"author":3,"featured_media":451260,"comment_status":"open","ping_status":"open","sticky":false,"template":"","format":"standard","meta":{"_monsterinsights_skip_tracking":false,"_monsterinsights_sitenote_active":false,"_monsterinsights_sitenote_note":"","_monsterinsights_sitenote_category":0,"footnotes":""},"categories":[5],"tags":[88821,69367,43675,578],"class_list":["post-451192","post","type-post","status-publish","format-standard","has-post-thumbnail","hentry","category-estado-de-mexico","tag-desile","tag-encabeza","tag-estado-de-mexico","tag-tultitlan"],"_links":{"self":[{"href":"https:\/\/www.diarioimagen.net\/index.php?rest_route=\/wp\/v2\/posts\/451192","targetHints":{"allow":["GET"]}}],"collection":[{"href":"https:\/\/www.diarioimagen.net\/index.php?rest_route=\/wp\/v2\/posts"}],"about":[{"href":"https:\/\/www.diarioimagen.net\/index.php?rest_route=\/wp\/v2\/types\/post"}],"author":[{"embeddable":true,"href":"https:\/\/www.diarioimagen.net\/index.php?rest_route=\/wp\/v2\/users\/3"}],"replies":[{"embeddable":true,"href":"https:\/\/www.diarioimagen.net\/index.php?rest_route=%2Fwp%2Fv2%2Fcomments&post=451192"}],"version-history":[{"count":0,"href":"https:\/\/www.diarioimagen.net\/index.php?rest_route=\/wp\/v2\/posts\/451192\/revisions"}],"wp:featuredmedia":[{"embeddable":true,"href":"https:\/\/www.diarioimagen.net\/index.php?rest_route=\/wp\/v2\/media\/451260"}],"wp:attachment":[{"href":"https:\/\/www.diarioimagen.net\/index.php?rest_route=%2Fwp%2Fv2%2Fmedia&parent=451192"}],"wp:term":[{"taxonomy":"category","embeddable":true,"href":"https:\/\/www.diarioimagen.net\/index.php?rest_route=%2Fwp%2Fv2%2Fcategories&post=451192"},{"taxonomy":"post_tag","embeddable":true,"href":"https:\/\/www.diarioimagen.net\/index.php?rest_route=%2Fwp%2Fv2%2Ftags&post=451192"}],"curies":[{"name":"wp","href":"https:\/\/api.w.org\/{rel}","templated":true}]}}