{"id":451193,"date":"2019-11-22T00:01:13","date_gmt":"2019-11-22T06:01:13","guid":{"rendered":"https:\/\/www.diarioimagen.net\/?p=451193"},"modified":"2019-11-22T05:56:31","modified_gmt":"2019-11-22T11:56:31","slug":"conmemoran-en-cuautitlan-inicio-de-la-revolucion-con-desfile-civico-deportivo","status":"publish","type":"post","link":"https:\/\/www.diarioimagen.net\/?p=451193","title":{"rendered":"Conmemoran en Cuautitl\u00e1n inicio de la Revoluci\u00f3n con desfile c\u00edvico deportivo"},"content":{"rendered":"<ul>\n<li><strong><em>Miles de personas se concentraron en el centro de la ciudad<\/em><\/strong><\/li>\n<\/ul>\n<p>&nbsp;<\/p>\n<div id=\"attachment_451263\" style=\"width: 470px\" class=\"wp-caption aligncenter\"><a href=\"https:\/\/www.diarioimagen.net\/?attachment_id=451263\" rel=\"attachment wp-att-451263\"><img loading=\"lazy\" decoding=\"async\" aria-describedby=\"caption-attachment-451263\" class=\"size-large wp-image-451263\" src=\"https:\/\/www.diarioimagen.net\/wp-content\/uploads\/2019\/11\/CUAUTITL\u00c1N-6-460x259.jpg\" alt=\"\" width=\"460\" height=\"259\" srcset=\"https:\/\/www.diarioimagen.net\/wp-content\/uploads\/2019\/11\/CUAUTITL\u00c1N-6-460x259.jpg 460w, https:\/\/www.diarioimagen.net\/wp-content\/uploads\/2019\/11\/CUAUTITL\u00c1N-6-240x135.jpg 240w, https:\/\/www.diarioimagen.net\/wp-content\/uploads\/2019\/11\/CUAUTITL\u00c1N-6-235x132.jpg 235w, https:\/\/www.diarioimagen.net\/wp-content\/uploads\/2019\/11\/CUAUTITL\u00c1N-6-202x114.jpg 202w, https:\/\/www.diarioimagen.net\/wp-content\/uploads\/2019\/11\/CUAUTITL\u00c1N-6-350x196.jpg 350w, https:\/\/www.diarioimagen.net\/wp-content\/uploads\/2019\/11\/CUAUTITL\u00c1N-6-220x123.jpg 220w, https:\/\/www.diarioimagen.net\/wp-content\/uploads\/2019\/11\/CUAUTITL\u00c1N-6-237x132.jpg 237w, https:\/\/www.diarioimagen.net\/wp-content\/uploads\/2019\/11\/CUAUTITL\u00c1N-6.jpg 480w\" sizes=\"auto, (max-width: 460px) 100vw, 460px\" \/><\/a><p id=\"caption-attachment-451263\" class=\"wp-caption-text\">Miles de personas se congregron en el centro de Cuautitl\u00e1n para presenciar el tradicional desfile para conmemorar el 109 Aniversario del inicio de la Revoluci\u00f3n Mexicana,<\/p><\/div>\n<p>&nbsp;<\/p>\n<p><strong>Cuautitl\u00e1n, Estado de M\u00e9xico<\/strong>.- Este 20 de noviembre la participaci\u00f3n de miles de personas enmarc\u00f3 en el centro de Cuautitl\u00e1n el tradicional desfile para conmemorar el 109 Aniversario del inicio de la Revoluci\u00f3n Mexicana, el cual estuvo encabezado por Ariel Ju\u00e1rez Rodr\u00edguez, presidente municipal y el cuerpo edilicio, empleados de la administraci\u00f3n p\u00fablica, seguidos de alumnos de instituciones p\u00fablicas y privadas, deportistas, cuerpos de seguridad y bomberos.<\/p>\n<p>Desde tempana hora se realiz\u00f3 el izamiento de la Bandera Nacional Mexicana en el Palacio Municipal, donde empleados y trabajadores y elementos de la direcci\u00f3n de Seguridad P\u00fablica Municipal, realizaron la ceremonia c\u00edvica y quienes al t\u00e9rmino se integraron a la columna del desfile que dio inici\u00f3 frente a la Casa de la Cultura hacia el estadio municipal Los Pinos.<\/p>\n<p>Al arribo a las instalaciones de Los Pinos el contingente con m\u00e1s de 3 mil 900 participantes const\u00f3 de 44 instituciones educativas, 33 escoltas, 7 escuelas de deporte, 5 asociaciones civiles, 13 bandas de guerra, 42 banderines, 20 veh\u00edculos y la exhibici\u00f3n de un simulacro de detenci\u00f3n par parte del grupo especial de la polic\u00eda municipal.<\/p>\n<p>Adem\u00e1s, los param\u00e9dicos llevaron a cabo ejercicios de simulaci\u00f3n de reanimaci\u00f3n cardiorespiratoria, como parte de las actividades realizadas en su capacitaci\u00f3n y que permiten continuar con su preparaci\u00f3n.<\/p>\n<p>Para dar atenci\u00f3n a los miles de asistentes el gobierno municipal implement\u00f3 un operativo de cierres de circulaci\u00f3n y cortes del transporte p\u00fablico, adem\u00e1s se cont\u00f3 con la instalaci\u00f3n de tres puestos de socorro de la Cruz Roja, para la atenci\u00f3n a los miles de asistentes.<\/p>\n<p>Al t\u00e9rmino del evento el Director de Seguridad P\u00fablica H\u00e9ctor Minutti Fragoso, rindi\u00f3 el parte de novedades del desfile c\u00edvico deportivo, en el cual no se registraron incidentes y se continu\u00f3 con el operativo de vigilancia y desalojo de las decenas de familias que acudieron al estadio.<\/p>\n","protected":false},"excerpt":{"rendered":"<p>Este 20 de noviembre la participaci\u00f3n de miles de personas enmarc\u00f3 en el centro de Cuautitl\u00e1n el tradicional desfile para conmemorar el 109 Aniversario del inicio de la Revoluci\u00f3n Mexicana, el cual estuvo encabezado por Ariel Ju\u00e1rez Rodr\u00edguez, presidente municipal y el cuerpo edilicio, empleados de la administraci\u00f3n p\u00fablica, seguidos de alumnos de instituciones p\u00fablicas y privadas, deportistas, cuerpos de seguridad y bomberos.<\/p>\n","protected":false},"author":3,"featured_media":451263,"comment_status":"open","ping_status":"open","sticky":false,"template":"","format":"standard","meta":{"_monsterinsights_skip_tracking":false,"_monsterinsights_sitenote_active":false,"_monsterinsights_sitenote_note":"","_monsterinsights_sitenote_category":0,"footnotes":""},"categories":[5],"tags":[681,66392,55173,43675,78270],"class_list":["post-451193","post","type-post","status-publish","format-standard","has-post-thumbnail","hentry","category-estado-de-mexico","tag-cuautitlan","tag-deportivo","tag-desfile","tag-estado-de-mexico","tag-inicio"],"_links":{"self":[{"href":"https:\/\/www.diarioimagen.net\/index.php?rest_route=\/wp\/v2\/posts\/451193","targetHints":{"allow":["GET"]}}],"collection":[{"href":"https:\/\/www.diarioimagen.net\/index.php?rest_route=\/wp\/v2\/posts"}],"about":[{"href":"https:\/\/www.diarioimagen.net\/index.php?rest_route=\/wp\/v2\/types\/post"}],"author":[{"embeddable":true,"href":"https:\/\/www.diarioimagen.net\/index.php?rest_route=\/wp\/v2\/users\/3"}],"replies":[{"embeddable":true,"href":"https:\/\/www.diarioimagen.net\/index.php?rest_route=%2Fwp%2Fv2%2Fcomments&post=451193"}],"version-history":[{"count":0,"href":"https:\/\/www.diarioimagen.net\/index.php?rest_route=\/wp\/v2\/posts\/451193\/revisions"}],"wp:featuredmedia":[{"embeddable":true,"href":"https:\/\/www.diarioimagen.net\/index.php?rest_route=\/wp\/v2\/media\/451263"}],"wp:attachment":[{"href":"https:\/\/www.diarioimagen.net\/index.php?rest_route=%2Fwp%2Fv2%2Fmedia&parent=451193"}],"wp:term":[{"taxonomy":"category","embeddable":true,"href":"https:\/\/www.diarioimagen.net\/index.php?rest_route=%2Fwp%2Fv2%2Fcategories&post=451193"},{"taxonomy":"post_tag","embeddable":true,"href":"https:\/\/www.diarioimagen.net\/index.php?rest_route=%2Fwp%2Fv2%2Ftags&post=451193"}],"curies":[{"name":"wp","href":"https:\/\/api.w.org\/{rel}","templated":true}]}}