{"id":451220,"date":"2019-11-22T00:04:33","date_gmt":"2019-11-22T06:04:33","guid":{"rendered":"https:\/\/www.diarioimagen.net\/?p=451220"},"modified":"2019-11-22T01:09:22","modified_gmt":"2019-11-22T07:09:22","slug":"revisar-estrategia-contra-delincuencia","status":"publish","type":"post","link":"https:\/\/www.diarioimagen.net\/?p=451220","title":{"rendered":"Revisar estrategia contra delincuencia"},"content":{"rendered":"<h2>Punto por punto<\/h2>\n<h5>Augusto Corro<\/h5>\n<p>&nbsp;<\/p>\n<p>De plano la estrategia contra la violencia no funciona y las cifras de asesinatos crecen constantemente.<\/p>\n<p>Con casi 30 mil asesinatos en 10 meses, 2019 se perfila para ser el a\u00f1o m\u00e1s violento.<\/p>\n<p>Entre las entidades con m\u00e1s cr\u00edmenes se encuentran Guanajuato, Edomex, Baja California y Jalisco, seg\u00fan cifras de las autoridades.<\/p>\n<p>De lo anterior se desprende que la lucha contra la delincuencia organizada no ofrece los resultados que exige la sociedad mexicana.<\/p>\n<p>Quiz\u00e1s el presidente Andr\u00e9s Manuel L\u00f3pez Obrador tenga que revisar la estrategia para enfrentar a los criminales.<\/p>\n<p>El plan del gobierno federal es no apagar el fuego con el fuego, ni aplicar la violencia contra la violencia, que ya se vio que no funcion\u00f3.<\/p>\n<p>El primer mandatario tendr\u00e1 que escuchar m\u00e1s a quienes tienen la experiencia sobre la lucha contra la delincuencia organizada.<\/p>\n<p>Tal vez la idea del presidente L\u00f3pez Obrador sea correcta y se atiendan las causas que originan la espiral de violencia que azota al pa\u00eds.<\/p>\n<p>Pero esa estrategia podr\u00eda resultar lenta y la tardanza en su aplicaci\u00f3n beneficiar\u00eda a los criminales.<\/p>\n<p>Como se ve la situaci\u00f3n, la espiral de violencia continuar\u00e1 nadie sabe por cu\u00e1nto tiempo. \u00bfSer\u00e1 suficiente la presencia y acci\u00f3n de la Guardia Nacional (GD) para que regrese la seguridad anhelada?<\/p>\n<p>Se ve dif\u00edcil. La GN tendr\u00e1 que participar en la dif\u00edcil tarea de hacer funcionales las polic\u00edas estatales y municipales ahora en franco contubernio con los delincuentes.<\/p>\n<p>En fin, a casi un a\u00f1o de gobierno del presidente L\u00f3pez Obrador el problema de la inseguridad es m\u00e1s complejo y los discursos y abrazos no proporcionar\u00e1n soluci\u00f3n alguna.<\/p>\n<p style=\"text-align: center;\"><strong>Otra prueba de feministas<\/strong><\/p>\n<p>El pr\u00f3ximo lunes se efectuar\u00e1 otra marcha de mujeres con motivo del D\u00eda Internacional de la Eliminaci\u00f3n de la Violencia contra la Mujer.<\/p>\n<p>Ya en otras ocasiones, por diferentes motivos los colectivos feministas salieron a la calle para manifestar sus inconformidades.<\/p>\n<p>Esas marchas fueron utilizadas por grupos extremistas que cometieron desmanes.<\/p>\n<p>Entre otras cosas pintarrajearon la base de la columna a la Independencia, en Reforma; as\u00ed como el paradero del metrobus en la glorieta de Insurgentes.<\/p>\n<p>En uno de esos actos los delincuentes infiltrados agredieron a todo mundo, incluido un periodista.<\/p>\n<p>Las autoridades tambi\u00e9n contagiadas por no castigar a los delincuentes se abstuvieron de enviar a la polic\u00eda a poner orden.<\/p>\n<p>Dejaron en completa libertad de acci\u00f3n a los manifestantes para que hicieron lo que sus deseos les marcaran.<\/p>\n<p>De los da\u00f1os causados a comercios y a los monumentos de avenida Reforma nadie fue detenido y presentado ante las autoridades.<\/p>\n<p>Tras una investigaci\u00f3n s\u00ed fue aprehendido el agresor del reportero.<\/p>\n<p>Trascendi\u00f3 que para el lunes, las feministas acordaron participar en la movilizaci\u00f3n con el rostro cubierto, es decir, encapuchadas.<\/p>\n<p>Ya veremos qu\u00e9 determinaciones tomar\u00e1n las autoridades capitalinas que ya demostraron que es m\u00e1s importantes para ellas proteger a la delincuencia que detener y castigar a los violentos destructores infiltrados en las marchas.<\/p>\n<p style=\"text-align: center;\"><strong>El compromiso de Graue<\/strong><\/p>\n<p>El doctor Enrique Luis Graue continuar\u00e1 como rector de la Universidad Nacional Aut\u00f3noma de M\u00e9xico (UNAM).<\/p>\n<p>Ser\u00e1 su segundo periodo consecutivo al frente de la m\u00e1xima casa de estudios para el\u00a0 periodo 2019-2023.<\/p>\n<p>En los \u00faltimos a\u00f1os, la UNAM fue escenario de hechos violentos que si no afectaron su imagen, s\u00ed afectaron la convivencia estudiantil.<\/p>\n<p>Se registraron actos criminales de diferentes tipos cuyos autores ni siquiera fueron investigados por sus conductas reprobables.<\/p>\n<p>El m\u00e1s reciente ocurri\u00f3 en la explanada universitaria cuando grupos de encapuchados arriaron la bandera mexicana y le prendieron fuego.<\/p>\n<p>Los mismos sujetos da\u00f1aron el mural de Siqueiros e intentaron incendiar las instalaciones que encontraban a su paso.\u00a0 Cometieron delitos que deber\u00e1n ser castigados, pero no se ve inter\u00e9s de las autoridades universitarias para llevarlo a cabo.<\/p>\n<p>Entre los retos importantes para el doctor Graue se encuentran los siguientes: eliminar cualquier tipo de violencia, desterrar el narcomenudeo dentro las instalaciones de la UNAM y trabajar sobre los problemas de adicci\u00f3n, depresi\u00f3n y sobrepeso de los estudiantes.<\/p>\n<p style=\"text-align: right;\"><strong><em>Feliz fin de semana.<\/em><\/strong><\/p>\n<p><span class=\"Apple-converted-space\"><em><u><a href=\"mailto:aco2742@hotmail.com\" target=\"_blank\" rel=\"noopener noreferrer\">aco2742@hotmail.com<\/a><\/u><\/em><\/span><\/p>\n","protected":false},"excerpt":{"rendered":"<p><span style=\"color: #005497;\"><strong>Augusto Corro<\/strong><\/span><\/p>\n","protected":false},"author":3,"featured_media":0,"comment_status":"open","ping_status":"open","sticky":false,"template":"","format":"standard","meta":{"_monsterinsights_skip_tracking":false,"_monsterinsights_sitenote_active":false,"_monsterinsights_sitenote_note":"","_monsterinsights_sitenote_category":0,"footnotes":""},"categories":[157],"tags":[43686,43674,11515],"class_list":["post-451220","post","type-post","status-publish","format-standard","hentry","category-augusto-corro","tag-augusto-corro","tag-opinion","tag-punto-por-punto"],"_links":{"self":[{"href":"https:\/\/www.diarioimagen.net\/index.php?rest_route=\/wp\/v2\/posts\/451220","targetHints":{"allow":["GET"]}}],"collection":[{"href":"https:\/\/www.diarioimagen.net\/index.php?rest_route=\/wp\/v2\/posts"}],"about":[{"href":"https:\/\/www.diarioimagen.net\/index.php?rest_route=\/wp\/v2\/types\/post"}],"author":[{"embeddable":true,"href":"https:\/\/www.diarioimagen.net\/index.php?rest_route=\/wp\/v2\/users\/3"}],"replies":[{"embeddable":true,"href":"https:\/\/www.diarioimagen.net\/index.php?rest_route=%2Fwp%2Fv2%2Fcomments&post=451220"}],"version-history":[{"count":0,"href":"https:\/\/www.diarioimagen.net\/index.php?rest_route=\/wp\/v2\/posts\/451220\/revisions"}],"wp:attachment":[{"href":"https:\/\/www.diarioimagen.net\/index.php?rest_route=%2Fwp%2Fv2%2Fmedia&parent=451220"}],"wp:term":[{"taxonomy":"category","embeddable":true,"href":"https:\/\/www.diarioimagen.net\/index.php?rest_route=%2Fwp%2Fv2%2Fcategories&post=451220"},{"taxonomy":"post_tag","embeddable":true,"href":"https:\/\/www.diarioimagen.net\/index.php?rest_route=%2Fwp%2Fv2%2Ftags&post=451220"}],"curies":[{"name":"wp","href":"https:\/\/api.w.org\/{rel}","templated":true}]}}