{"id":451294,"date":"2019-11-25T00:11:02","date_gmt":"2019-11-25T06:11:02","guid":{"rendered":"https:\/\/www.diarioimagen.net\/?p=451294"},"modified":"2019-11-25T08:14:25","modified_gmt":"2019-11-25T14:14:25","slug":"burocracia-dorada-va-pa-fuera-dice-lopez-obrador-y-senala-al-ine","status":"publish","type":"post","link":"https:\/\/www.diarioimagen.net\/?p=451294","title":{"rendered":"L\u00f3pez Obrador al INE: \u201cva pa\u2019 fuera\u201d burocracia dorada"},"content":{"rendered":"<ul>\n<li><em><strong>\u201cLos consejeros gana 300 mil mensuales\u201d<\/strong><\/em><\/li>\n<\/ul>\n<p>&nbsp;<\/p>\n<div id=\"attachment_451295\" style=\"width: 470px\" class=\"wp-caption aligncenter\"><img loading=\"lazy\" decoding=\"async\" aria-describedby=\"caption-attachment-451295\" class=\"size-large wp-image-451295\" src=\"https:\/\/www.diarioimagen.net\/wp-content\/uploads\/2019\/11\/DORADA25-PORTAL-460x268.png\" alt=\"\" width=\"460\" height=\"268\" srcset=\"https:\/\/www.diarioimagen.net\/wp-content\/uploads\/2019\/11\/DORADA25-PORTAL-460x268.png 460w, https:\/\/www.diarioimagen.net\/wp-content\/uploads\/2019\/11\/DORADA25-PORTAL-240x140.png 240w, https:\/\/www.diarioimagen.net\/wp-content\/uploads\/2019\/11\/DORADA25-PORTAL.png 480w\" sizes=\"auto, (max-width: 460px) 100vw, 460px\" \/><p id=\"caption-attachment-451295\" class=\"wp-caption-text\">Los del INE ganaban 300 mil pesos mensuales. Ya eso se termin\u00f3, esa burocracia dorada va pa&#8217; fuera&#8230;\u00bb, expres\u00f3 Andr\u00e9s Manuel L\u00f3pez Obrador.<\/p><\/div>\n<p>&nbsp;<\/p>\n<p>En su recorrido por Guerrero este fin de semana, el presidente Andr\u00e9s Manuel L\u00f3pez Obrador sostuvo que la \u201cburocracia dorada\u201d de gobiernos anteriores se termin\u00f3 y se refiri\u00f3 a las inconformidades que se han expresado en el Instituto Nacional Electoral (INE) por el recorte a su Presupuesto 2020.<\/p>\n<p>\u201cAh\u00ed se andan quejando algunos&#8230; Los del INE ganaban 300 mil pesos mensuales. Ya eso se termin\u00f3, esa burocracia dorada va pa\u2019 fuera&#8230;\u201d, expres\u00f3.<\/p>\n<p>L\u00f3pez Obrador record\u00f3 que el salario de los altos funcionarios disminuy\u00f3, como en su caso que gana menos de la mitad que el expresidente Enrique Pe\u00f1a Nieto.En d\u00edas pasados el INE dio a conocer que con el presupuesto que se le estaba asignando se acercaba a una \u201czona de riesgo\u201d, ya que estaba por organizar las elecciones m\u00e1s grandes de Mexico en el periodo 2020-2021.<\/p>\n<p style=\"text-align: center;\"><b>\u201cNo queremos golpes\u00a0<\/b><b><span class=\"Apple-converted-space\">\u00a0<\/span>de Estado\u201d: AMLO<\/b><\/p>\n<p>Al continuar su recorrido ayer por Guerrero, L\u00f3pez Obrador, asever\u00f3 que en su mandato no se permitir\u00e1 el uso de la fuerza para quitar mandatarios del poder.<\/p>\n<p><span class=\"Apple-converted-space\">\u00a0<\/span>\u201cNo queremos golpes de Estado. El pueblo da y el pueblo quita, que no se use la fuerza para que se quite a funcionarios de su cargo\u201d, dijo en su visita a la Unidad Deportiva de Tlapa de Comonfort, Guerrero.<\/p>\n<p>En su tercera jornada de Di\u00e1logo con los Pueblos Ind\u00edgenas, el titular del Ejecutivo indic\u00f3 que la Revocaci\u00f3n de Mandato, aprobada por el Congreso se aplicar\u00e1 en 2022, con la intenci\u00f3n de evitar cualquier conflicto.<span class=\"Apple-converted-space\">\u00a0<\/span><\/p>\n<p>\u201cPor eso, siguiendo con la historia de las relaciones de Pol\u00edtica Exterior de M\u00e9xico, que ha sido ejemplar, se le dio asilo pol\u00edtico a Evo Morales\u201d, detall\u00f3.L\u00f3pez Obrador explic\u00f3 que la revocaci\u00f3n se realizar\u00e1 a trav\u00e9s de una consulta popular, tal y como lo establece una de las modificaciones a la Constituci\u00f3n, que se le han hecho en menos de un a\u00f1o.<span class=\"Apple-converted-space\">\u00a0<\/span><\/p>\n<p style=\"text-align: center;\"><b>La nueva Constituci\u00f3n Mexicana<\/b><\/p>\n<p>El titular del Ejecutivo dijo ante las y los representantes de las comunidades Mixteca, Tlapaneca, Amuzco y N\u00e1huatl de la regi\u00f3n alta de la monta\u00f1a de Guerrero, que no era necesaria una nueva Constituci\u00f3n ya que con todas las modificaciones que ha hecho a la Carta Magna, es m\u00e1s que suficiente.<\/p>\n","protected":false},"excerpt":{"rendered":"<p>En su recorrido por Guerrero este fin de semana, el presidente Andr\u00e9s Manuel L\u00f3pez Obrador sostuvo que la \u201cburocracia dorada\u201d de gobiernos anteriores se termin\u00f3 y se refiri\u00f3 a las inconformidades que se han expresado en el Instituto Nacional Electoral (INE) por el recorte a su Presupuesto 2020.<\/p>\n","protected":false},"author":5,"featured_media":451295,"comment_status":"open","ping_status":"open","sticky":false,"template":"","format":"standard","meta":{"_monsterinsights_skip_tracking":false,"_monsterinsights_sitenote_active":false,"_monsterinsights_sitenote_note":"","_monsterinsights_sitenote_category":0,"footnotes":""},"categories":[3],"tags":[1352,81020],"class_list":["post-451294","post","type-post","status-publish","format-standard","has-post-thumbnail","hentry","category-nacional","tag-andres-manuel-lopez-obrador","tag-lopez-obrador"],"_links":{"self":[{"href":"https:\/\/www.diarioimagen.net\/index.php?rest_route=\/wp\/v2\/posts\/451294","targetHints":{"allow":["GET"]}}],"collection":[{"href":"https:\/\/www.diarioimagen.net\/index.php?rest_route=\/wp\/v2\/posts"}],"about":[{"href":"https:\/\/www.diarioimagen.net\/index.php?rest_route=\/wp\/v2\/types\/post"}],"author":[{"embeddable":true,"href":"https:\/\/www.diarioimagen.net\/index.php?rest_route=\/wp\/v2\/users\/5"}],"replies":[{"embeddable":true,"href":"https:\/\/www.diarioimagen.net\/index.php?rest_route=%2Fwp%2Fv2%2Fcomments&post=451294"}],"version-history":[{"count":0,"href":"https:\/\/www.diarioimagen.net\/index.php?rest_route=\/wp\/v2\/posts\/451294\/revisions"}],"wp:featuredmedia":[{"embeddable":true,"href":"https:\/\/www.diarioimagen.net\/index.php?rest_route=\/wp\/v2\/media\/451295"}],"wp:attachment":[{"href":"https:\/\/www.diarioimagen.net\/index.php?rest_route=%2Fwp%2Fv2%2Fmedia&parent=451294"}],"wp:term":[{"taxonomy":"category","embeddable":true,"href":"https:\/\/www.diarioimagen.net\/index.php?rest_route=%2Fwp%2Fv2%2Fcategories&post=451294"},{"taxonomy":"post_tag","embeddable":true,"href":"https:\/\/www.diarioimagen.net\/index.php?rest_route=%2Fwp%2Fv2%2Ftags&post=451294"}],"curies":[{"name":"wp","href":"https:\/\/api.w.org\/{rel}","templated":true}]}}