{"id":451351,"date":"2019-11-25T00:03:13","date_gmt":"2019-11-25T06:03:13","guid":{"rendered":"https:\/\/www.diarioimagen.net\/?p=451351"},"modified":"2019-11-25T08:32:29","modified_gmt":"2019-11-25T14:32:29","slug":"elecciones-charruas","status":"publish","type":"post","link":"https:\/\/www.diarioimagen.net\/?p=451351","title":{"rendered":"\u00a0Elecciones charr\u00faas"},"content":{"rendered":"<h2>Espacio Electoral<\/h2>\n<h5>Eleazar Flores<\/h5>\n<p>&nbsp;<\/p>\n<p>\u00bfDERECHA O IZQUIERDA?-. Para quienes est\u00e1n pendientes de todos los sucesos pol\u00edtico-electorales de Sudam\u00e9rica, recuerden que hoy se elige presidente en la rep\u00fablica oriental de Uruguay naci\u00f3n tranquila en relaci\u00f3n a lo que sucede con sus vecinos Bolivia y Venezuela.<\/p>\n<p>Uruguay a\u00fan disfruta de la calma en que dej\u00f3 a su pa\u00eds el \u00faltimo presidente Jos\u00e9 Alberto Mujica Cordano, mejor conocido como Pepe Mujica, tan bien recordado como su auto \u201cvochito\u201d.<\/p>\n<p>DATOS-. Uruguay es un pa\u00eds con apenas 3 millones 600 mil habitantes, un padr\u00f3n de 2.7 millones de inscritos y escasos<span class=\"Apple-converted-space\">\u00a0 <\/span>2 millones 435 mil votantes. Uruguay es de los pocos pa\u00edses en desarrollo donde el voto no solo es un derecho, tambi\u00e9n una obligaci\u00f3n o multa para los abstencionistas e incluso negaci\u00f3n para realizar tr\u00e1mites en oficinas de gobierno. As\u00ed que a votar charr\u00faas.<\/p>\n<p>Uruguay es famoso por la sobriedad de sus pol\u00edticos en los que es mano Pepe Mujica, pero tambi\u00e9n trascienden fronteras destacados deportistas, principalmente de futbol, como el internacional Luis Su\u00e1rez en Espa\u00f1a. En M\u00e9xico las mejores \u00e9pocas de los charr\u00faas pasaron en el siglo veinte con el ex toluco Roberto Matosas, pap\u00e1 del ex t\u00e9cnico crema y leon\u00e9s metido en l\u00edos.<\/p>\n<p>CANDIDATOS-. Las elecciones presidenciales en primera vuelta se celebraron el pasado 27 de octubre, proceso en el que participaron casi una decena de aspirantes. En segunda vuelta quedaron,<span class=\"Apple-converted-space\">\u00a0 <\/span>como se esperaba, Daniel Mart\u00ednez Villamil del Frente Amplio y Luis Lacalle Pou del partido colorado, con aparentes ligas al actual mandatario Tabar\u00e9 V\u00e1zquez.<\/p>\n<p>Ram\u00f3n Tabar\u00e9 V\u00e1zquez Rosas es presidente por segunda ocasi\u00f3n<span class=\"Apple-converted-space\">\u00a0 <\/span>ya que la primera la ejerci\u00f3 del primero de marzo de 2005 hasta 2010.<\/p>\n<p>Apueste y ganar\u00e1 a que haya ganado quien haya ganado la elecci\u00f3n de ayer, los uruguayos aceptar\u00e1n el resultado, pues en an\u00e1lisis de procesos anteriores, no se han registrado mayores reclamos que los de posibles malos conteos sin llegar a la violencia, cuando menos en los \u00faltimos a\u00f1os y se ve dif\u00edcil que ahora suceda lo contrario.<\/p>\n<p>Obvio que los observadores pol\u00edticos est\u00e1n atentos a posibles virajes hacia la derecha o a la izquierda, m\u00e1xime que en el vecino pa\u00eds de Bolivia se efectuar\u00e1n en el primer trimestre del a\u00f1o pr\u00f3ximo nuevas elecciones, al desconocerse el resultado en el que el exiliado Evo Morales gan\u00f3 la elecci\u00f3n, tan discutida que lo obligaron a refugiarse en M\u00e9xico.<\/p>\n<p>Esto en funci\u00f3n de su amistad con el gobierno del presidente Andr\u00e9s Manuel L\u00f3pez Obrador, elogiada por algunos y cuestionada por la mayor\u00eda de la poblaci\u00f3n.<\/p>\n<p>Tan cuestionado refugio a Evo como el discutido proceso para renovar la dirigencia en el Movimiento de Regeneraci\u00f3n Nacional, Morena.<\/p>\n<p><a href=\"mailto:elefa44@gmail.com\" target=\"_blank\" rel=\"noopener noreferrer\"><em>elefa44@gmail.com<\/em><\/a><\/p>\n","protected":false},"excerpt":{"rendered":"<p><span style=\"color: #005497;\"><strong>Eleazar Flores<\/strong><\/span><\/p>\n","protected":false},"author":1,"featured_media":0,"comment_status":"open","ping_status":"open","sticky":false,"template":"","format":"standard","meta":{"_monsterinsights_skip_tracking":false,"_monsterinsights_sitenote_active":false,"_monsterinsights_sitenote_note":"","_monsterinsights_sitenote_category":0,"footnotes":""},"categories":[81743],"tags":[81744,81776,43674],"class_list":["post-451351","post","type-post","status-publish","format-standard","hentry","category-eleazar-flores","tag-eleazar-flores","tag-espacio-electoral","tag-opinion"],"_links":{"self":[{"href":"https:\/\/www.diarioimagen.net\/index.php?rest_route=\/wp\/v2\/posts\/451351","targetHints":{"allow":["GET"]}}],"collection":[{"href":"https:\/\/www.diarioimagen.net\/index.php?rest_route=\/wp\/v2\/posts"}],"about":[{"href":"https:\/\/www.diarioimagen.net\/index.php?rest_route=\/wp\/v2\/types\/post"}],"author":[{"embeddable":true,"href":"https:\/\/www.diarioimagen.net\/index.php?rest_route=\/wp\/v2\/users\/1"}],"replies":[{"embeddable":true,"href":"https:\/\/www.diarioimagen.net\/index.php?rest_route=%2Fwp%2Fv2%2Fcomments&post=451351"}],"version-history":[{"count":0,"href":"https:\/\/www.diarioimagen.net\/index.php?rest_route=\/wp\/v2\/posts\/451351\/revisions"}],"wp:attachment":[{"href":"https:\/\/www.diarioimagen.net\/index.php?rest_route=%2Fwp%2Fv2%2Fmedia&parent=451351"}],"wp:term":[{"taxonomy":"category","embeddable":true,"href":"https:\/\/www.diarioimagen.net\/index.php?rest_route=%2Fwp%2Fv2%2Fcategories&post=451351"},{"taxonomy":"post_tag","embeddable":true,"href":"https:\/\/www.diarioimagen.net\/index.php?rest_route=%2Fwp%2Fv2%2Ftags&post=451351"}],"curies":[{"name":"wp","href":"https:\/\/api.w.org\/{rel}","templated":true}]}}