{"id":451389,"date":"2019-11-25T10:33:54","date_gmt":"2019-11-25T16:33:54","guid":{"rendered":"https:\/\/www.diarioimagen.net\/?p=451389"},"modified":"2019-11-25T10:33:54","modified_gmt":"2019-11-25T16:33:54","slug":"suteym-naucalpan-entrega-becas-a-hijos-de-trabajadores-sindicalizados","status":"publish","type":"post","link":"https:\/\/www.diarioimagen.net\/?p=451389","title":{"rendered":"SUTEyM-Naucalpan entrega becas\u00a0a hijos de trabajadores sindicalizados"},"content":{"rendered":"<ul>\n<li><em><b>Reitera su compromiso con la educaci\u00f3n<\/b><\/em><\/li>\n<\/ul>\n<p>&nbsp;<\/p>\n<div id=\"attachment_451390\" style=\"width: 470px\" class=\"wp-caption aligncenter\"><a href=\"https:\/\/www.diarioimagen.net\/?attachment_id=451390\" rel=\"attachment wp-att-451390\"><img loading=\"lazy\" decoding=\"async\" aria-describedby=\"caption-attachment-451390\" class=\"size-large wp-image-451390\" src=\"https:\/\/www.diarioimagen.net\/wp-content\/uploads\/2019\/11\/NAUCALPAN-8-460x259.jpg\" alt=\"\" width=\"460\" height=\"259\" srcset=\"https:\/\/www.diarioimagen.net\/wp-content\/uploads\/2019\/11\/NAUCALPAN-8-460x259.jpg 460w, https:\/\/www.diarioimagen.net\/wp-content\/uploads\/2019\/11\/NAUCALPAN-8-240x135.jpg 240w, https:\/\/www.diarioimagen.net\/wp-content\/uploads\/2019\/11\/NAUCALPAN-8-235x132.jpg 235w, https:\/\/www.diarioimagen.net\/wp-content\/uploads\/2019\/11\/NAUCALPAN-8-202x114.jpg 202w, https:\/\/www.diarioimagen.net\/wp-content\/uploads\/2019\/11\/NAUCALPAN-8-350x196.jpg 350w, https:\/\/www.diarioimagen.net\/wp-content\/uploads\/2019\/11\/NAUCALPAN-8-220x123.jpg 220w, https:\/\/www.diarioimagen.net\/wp-content\/uploads\/2019\/11\/NAUCALPAN-8-237x132.jpg 237w, https:\/\/www.diarioimagen.net\/wp-content\/uploads\/2019\/11\/NAUCALPAN-8.jpg 480w\" sizes=\"auto, (max-width: 460px) 100vw, 460px\" \/><\/a><p id=\"caption-attachment-451390\" class=\"wp-caption-text\">El dirigente del SUTEyM Naucalpan, Tom\u00e1s Palomares Parra, entreg\u00f3 apoyos de becas a los hijos de los trabajadores sindicalizados.<\/p><\/div>\n<p>&nbsp;<\/p>\n<p><strong>Naucalpan, Estado de M\u00e9xico.-<\/strong> Con el \u00fanico fin de abrirles la oportunidad de estudiar y el de cimentar un buen futuro, el Sindicato \u00danico de Trabajadores del Estado y sus Municipios (SUTEyM) de esta localidad, hizo entrega apoyos de becas a los hijos de los trabajadores sindicalizados, reiterando as\u00ed su compromiso con la educaci\u00f3n.<\/p>\n<p>Tom\u00e1s Palomares Parra, secretario general de ese gremio sindical, \u00a0asegur\u00f3 que \u00a0\u201ccon la entrega de becas a los hijos de los servidores p\u00fablicos afiliados a esta organizaci\u00f3n, les deja claro que est\u00e1n caminando hacia un futuro mejor, cumplimiento de \u00e9sta manera\u00a0 con la \u00a0cl\u00e1usula que busca un mejor porvenir para todos y cada uno de ustedes, ni\u00f1os, j\u00f3venes y personas con discapacidad\u201d, dijo.<\/p>\n<p>Palomares Parra, record\u00f3 que esta prestaci\u00f3n es sin duda alguna, producto del trabajo que desarrollan diariamente los padres familia, entregando resultados a los habitantes de Naucalpan. En el marco de la entrega de los apoyos econ\u00f3micos a becarios llevada a cabo en la explanada del palacio municipal, el l\u00edder sindical inst\u00f3 a los beneficiados a valorar el esfuerzo de sus padres que los tienen en vida.<\/p>\n<p>\u201cValoren a quienes est\u00e1n con ustedes, ya que quieren lo mejor. No hay padres de repuesto, y que los \u00fanicos son los que se encuentran aqu\u00ed y ahora. Ustedes, no van al supermercado a pedir uno de repuesto, pese a que no son padres perfectos, pero que sin embargo en el fondo de su coraz\u00f3n, quieren lo mejor para sus hijos\u201d, subray\u00f3.<\/p>\n","protected":false},"excerpt":{"rendered":"<p>Con el \u00fanico fin de abrirles la oportunidad de estudiar y el de cimentar un buen futuro, el Sindicato \u00danico de Trabajadores del Estado y sus Municipios (SUTEyM) de esta localidad, hizo entrega apoyos de becas a los hijos de los trabajadores sindicalizados, reiterando as\u00ed su compromiso con la educaci\u00f3n.<\/p>\n","protected":false},"author":1,"featured_media":451390,"comment_status":"open","ping_status":"open","sticky":false,"template":"","format":"standard","meta":{"_monsterinsights_skip_tracking":false,"_monsterinsights_sitenote_active":false,"_monsterinsights_sitenote_note":"","_monsterinsights_sitenote_category":0,"footnotes":""},"categories":[5],"tags":[],"class_list":["post-451389","post","type-post","status-publish","format-standard","has-post-thumbnail","hentry","category-estado-de-mexico"],"_links":{"self":[{"href":"https:\/\/www.diarioimagen.net\/index.php?rest_route=\/wp\/v2\/posts\/451389","targetHints":{"allow":["GET"]}}],"collection":[{"href":"https:\/\/www.diarioimagen.net\/index.php?rest_route=\/wp\/v2\/posts"}],"about":[{"href":"https:\/\/www.diarioimagen.net\/index.php?rest_route=\/wp\/v2\/types\/post"}],"author":[{"embeddable":true,"href":"https:\/\/www.diarioimagen.net\/index.php?rest_route=\/wp\/v2\/users\/1"}],"replies":[{"embeddable":true,"href":"https:\/\/www.diarioimagen.net\/index.php?rest_route=%2Fwp%2Fv2%2Fcomments&post=451389"}],"version-history":[{"count":0,"href":"https:\/\/www.diarioimagen.net\/index.php?rest_route=\/wp\/v2\/posts\/451389\/revisions"}],"wp:featuredmedia":[{"embeddable":true,"href":"https:\/\/www.diarioimagen.net\/index.php?rest_route=\/wp\/v2\/media\/451390"}],"wp:attachment":[{"href":"https:\/\/www.diarioimagen.net\/index.php?rest_route=%2Fwp%2Fv2%2Fmedia&parent=451389"}],"wp:term":[{"taxonomy":"category","embeddable":true,"href":"https:\/\/www.diarioimagen.net\/index.php?rest_route=%2Fwp%2Fv2%2Fcategories&post=451389"},{"taxonomy":"post_tag","embeddable":true,"href":"https:\/\/www.diarioimagen.net\/index.php?rest_route=%2Fwp%2Fv2%2Ftags&post=451389"}],"curies":[{"name":"wp","href":"https:\/\/api.w.org\/{rel}","templated":true}]}}