{"id":451392,"date":"2019-11-25T10:38:52","date_gmt":"2019-11-25T16:38:52","guid":{"rendered":"https:\/\/www.diarioimagen.net\/?p=451392"},"modified":"2019-11-25T10:38:52","modified_gmt":"2019-11-25T16:38:52","slug":"1er-aniversario-de-la-inauguracion-del-museo-del-mamut-de-tultepec","status":"publish","type":"post","link":"https:\/\/www.diarioimagen.net\/?p=451392","title":{"rendered":"1er. aniversario de la inauguraci\u00f3n\u00a0del\u00a0Museo del Mamut de Tultepec"},"content":{"rendered":"<ul>\n<li><em><b>Alistan actividades del 27 al 30 de noviembre<\/b><\/em><\/li>\n<\/ul>\n<p>&nbsp;<\/p>\n<div id=\"attachment_451393\" style=\"width: 470px\" class=\"wp-caption aligncenter\"><a href=\"https:\/\/www.diarioimagen.net\/?attachment_id=451393\" rel=\"attachment wp-att-451393\"><img loading=\"lazy\" decoding=\"async\" aria-describedby=\"caption-attachment-451393\" class=\"size-large wp-image-451393\" src=\"https:\/\/www.diarioimagen.net\/wp-content\/uploads\/2019\/11\/TULTEPEC-2-460x259.jpg\" alt=\"\" width=\"460\" height=\"259\" srcset=\"https:\/\/www.diarioimagen.net\/wp-content\/uploads\/2019\/11\/TULTEPEC-2-460x259.jpg 460w, https:\/\/www.diarioimagen.net\/wp-content\/uploads\/2019\/11\/TULTEPEC-2-240x135.jpg 240w, https:\/\/www.diarioimagen.net\/wp-content\/uploads\/2019\/11\/TULTEPEC-2-235x132.jpg 235w, https:\/\/www.diarioimagen.net\/wp-content\/uploads\/2019\/11\/TULTEPEC-2-202x114.jpg 202w, https:\/\/www.diarioimagen.net\/wp-content\/uploads\/2019\/11\/TULTEPEC-2-350x196.jpg 350w, https:\/\/www.diarioimagen.net\/wp-content\/uploads\/2019\/11\/TULTEPEC-2-220x123.jpg 220w, https:\/\/www.diarioimagen.net\/wp-content\/uploads\/2019\/11\/TULTEPEC-2-237x132.jpg 237w, https:\/\/www.diarioimagen.net\/wp-content\/uploads\/2019\/11\/TULTEPEC-2.jpg 480w\" sizes=\"auto, (max-width: 460px) 100vw, 460px\" \/><\/a><p id=\"caption-attachment-451393\" class=\"wp-caption-text\">Preparan una serie de actividades para celebrar el primer aniversario de la inauguraci\u00f3n del\u00a0Museo del Mamut de Tultepec.<\/p><\/div>\n<p>&nbsp;<\/p>\n<p><strong>Tultepec, Estado de M\u00e9xico.-<\/strong> Para conmemorar el 1er aniversario de la inauguraci\u00f3n del\u00a0Museo del Mamut de Tultepec, el H. Ayuntamiento prepara una serie de actividades para celebrarlo a trav\u00e9s de conferencias, teatro, cine, m\u00fasica de rock para ni\u00f1os, ensamble de cuerdas, elevaci\u00f3n de globos de cantolla y una rodada ciclista que se llevar\u00e1n a cabo del 27 al 30 de noviembre.<\/p>\n<p>Salvo la rodada ciclista, todas las actividades se desarrollar\u00e1n en la Casa de Cultura V\u00edctor Urb\u00e1n Velasco y en el Museo del Mamut que se localiza dentro de la misma. La celebraci\u00f3n inicia el mi\u00e9rcoles 27 de noviembre con la inauguraci\u00f3n de Noches de Museo, que consiste en el recorrido nocturno por la sala del Mamut a partir de las 19:00 horas, la cual estar\u00e1 amenizada por en el Ensamble de la propia Casa de Cultura.<\/p>\n<p>El jueves 28 a las 10:00 horas, el Arque\u00f3logo Luis C\u00f3rdoba Barradas, Investigador de Salvamento Arqueol\u00f3gico del Instituto Nacional de Antropolog\u00eda e Historia (INAH), y encargado del rescate, dictar\u00e1 la conferencia\u00a0Tultepec II, Un Sitio de Cacer\u00eda y Destazamiento de Mamuts en el Noroeste de la Cuenca de M\u00e9xico,\u00a0en la Sala de Conferencias dentro del Museo.<\/p>\n<p>En esta intervenci\u00f3n el investigador del INAH, dar\u00e1 los pormenores a cerca de los m\u00e1s recientes hallazgos encontrados en lo que fuera el relleno sanitario municipal, donde explicar\u00e1 las razones que lo llevan a pensar que hab\u00eda una gran organizaci\u00f3n entre los cazadores de esa \u00e9poca a tal grado de cavar trampas para atrapar a estos mastodontes y as\u00ed aprovechar su carne, su piel y huesos, lo que significa un cambio en la historia conocida hasta hoy.<\/p>\n","protected":false},"excerpt":{"rendered":"<p>Para conmemorar el 1er aniversario de la inauguraci\u00f3n del\u00a0Museo del Mamut de Tultepec, el H. Ayuntamiento prepara una serie de actividades para celebrarlo a trav\u00e9s de conferencias, teatro, cine, m\u00fasica de rock para ni\u00f1os, ensamble de cuerdas, elevaci\u00f3n de globos de cantolla y una rodada ciclista que se llevar\u00e1n a cabo del 27 al 30 de noviembre.<\/p>\n","protected":false},"author":1,"featured_media":451393,"comment_status":"open","ping_status":"open","sticky":false,"template":"","format":"standard","meta":{"_monsterinsights_skip_tracking":false,"_monsterinsights_sitenote_active":false,"_monsterinsights_sitenote_note":"","_monsterinsights_sitenote_category":0,"footnotes":""},"categories":[5],"tags":[43675],"class_list":["post-451392","post","type-post","status-publish","format-standard","has-post-thumbnail","hentry","category-estado-de-mexico","tag-estado-de-mexico"],"_links":{"self":[{"href":"https:\/\/www.diarioimagen.net\/index.php?rest_route=\/wp\/v2\/posts\/451392","targetHints":{"allow":["GET"]}}],"collection":[{"href":"https:\/\/www.diarioimagen.net\/index.php?rest_route=\/wp\/v2\/posts"}],"about":[{"href":"https:\/\/www.diarioimagen.net\/index.php?rest_route=\/wp\/v2\/types\/post"}],"author":[{"embeddable":true,"href":"https:\/\/www.diarioimagen.net\/index.php?rest_route=\/wp\/v2\/users\/1"}],"replies":[{"embeddable":true,"href":"https:\/\/www.diarioimagen.net\/index.php?rest_route=%2Fwp%2Fv2%2Fcomments&post=451392"}],"version-history":[{"count":0,"href":"https:\/\/www.diarioimagen.net\/index.php?rest_route=\/wp\/v2\/posts\/451392\/revisions"}],"wp:featuredmedia":[{"embeddable":true,"href":"https:\/\/www.diarioimagen.net\/index.php?rest_route=\/wp\/v2\/media\/451393"}],"wp:attachment":[{"href":"https:\/\/www.diarioimagen.net\/index.php?rest_route=%2Fwp%2Fv2%2Fmedia&parent=451392"}],"wp:term":[{"taxonomy":"category","embeddable":true,"href":"https:\/\/www.diarioimagen.net\/index.php?rest_route=%2Fwp%2Fv2%2Fcategories&post=451392"},{"taxonomy":"post_tag","embeddable":true,"href":"https:\/\/www.diarioimagen.net\/index.php?rest_route=%2Fwp%2Fv2%2Ftags&post=451392"}],"curies":[{"name":"wp","href":"https:\/\/api.w.org\/{rel}","templated":true}]}}