{"id":451473,"date":"2019-11-26T00:10:58","date_gmt":"2019-11-26T06:10:58","guid":{"rendered":"https:\/\/www.diarioimagen.net\/?p=451473"},"modified":"2019-11-26T07:00:38","modified_gmt":"2019-11-26T13:00:38","slug":"cero-tolerancia-a-los-comportamientos-que-atenten-contra-la-integridad-de-las-mujeres-alfredo-barrera","status":"publish","type":"post","link":"https:\/\/www.diarioimagen.net\/?p=451473","title":{"rendered":"Cero tolerancia a los comportamientos que atenten\u00a0contra la integridad de las mujeres: Alfredo Barrera"},"content":{"rendered":"<div id=\"attachment_451474\" style=\"width: 470px\" class=\"wp-caption aligncenter\"><a href=\"https:\/\/www.diarioimagen.net\/?attachment_id=451474\" rel=\"attachment wp-att-451474\"><img loading=\"lazy\" decoding=\"async\" aria-describedby=\"caption-attachment-451474\" class=\"size-large wp-image-451474\" src=\"https:\/\/www.diarioimagen.net\/wp-content\/uploads\/2019\/11\/UAEM-10-460x259.jpg\" alt=\"\" width=\"460\" height=\"259\" srcset=\"https:\/\/www.diarioimagen.net\/wp-content\/uploads\/2019\/11\/UAEM-10-460x259.jpg 460w, https:\/\/www.diarioimagen.net\/wp-content\/uploads\/2019\/11\/UAEM-10-240x135.jpg 240w, https:\/\/www.diarioimagen.net\/wp-content\/uploads\/2019\/11\/UAEM-10-235x132.jpg 235w, https:\/\/www.diarioimagen.net\/wp-content\/uploads\/2019\/11\/UAEM-10-202x114.jpg 202w, https:\/\/www.diarioimagen.net\/wp-content\/uploads\/2019\/11\/UAEM-10-350x196.jpg 350w, https:\/\/www.diarioimagen.net\/wp-content\/uploads\/2019\/11\/UAEM-10-220x123.jpg 220w, https:\/\/www.diarioimagen.net\/wp-content\/uploads\/2019\/11\/UAEM-10-237x132.jpg 237w, https:\/\/www.diarioimagen.net\/wp-content\/uploads\/2019\/11\/UAEM-10.jpg 480w\" sizes=\"auto, (max-width: 460px) 100vw, 460px\" \/><\/a><p id=\"caption-attachment-451474\" class=\"wp-caption-text\">El rector de la UAEM, Alfredo Barrera Baca, encabez\u00f3 la ceremonia conmemorativa del D\u00eda Internacional de la Eliminaci\u00f3n de la Violencia contra las Mujeres.<\/p><\/div>\n<p>&nbsp;<\/p>\n<p><strong>Toluca, Estado de M\u00e9xico.-<\/strong> La Universidad Aut\u00f3noma del Estado de M\u00e9xico no tolerar\u00e1, en ninguna circunstancia, actos, gestos, posturas o acciones que atenten contra la dignidad e integridad de las mujeres, asever\u00f3 el rector Alfredo Barrera Baca, al encabezar la ceremonia conmemorativa al D\u00eda Internacional de la Eliminaci\u00f3n de la Violencia contra las Mujeres.<\/p>\n<p>En el Patio del Centenario del Edificio de Rector\u00eda, sostuvo que habr\u00e1 cero tolerancia a comportamientos que atenten contra la integridad de las universitarias; por ello, la instituci\u00f3n respalda y\u00a0encauza las denuncias de las mujeres.<\/p>\n<p>\u201cAnte la violencia contra las mujeres no tenemos opci\u00f3n ni alternativa. No podemos optar entre eludir el problema o confrontarlo a medias, con las simulaciones irrespetuosas de un sistema que no ha sabido responder\u201d.<\/p>\n<p>Puntualiz\u00f3 que en 2018 qued\u00f3 establecido el Procedimiento de Responsabilidad Universitaria, instrumento que permiti\u00f3 dar formalidad a 79 denuncias en materia de violencia de g\u00e9nero.<\/p>\n<p>Adem\u00e1s, refiri\u00f3 Barrera Baca, se han ejecutado 60 procedimientos de responsabilidad universitaria, de los cuales, se resolvieron 33, con 30 sanciones que corresponden a 10 destituciones, nueve suspensiones temporales, una expulsi\u00f3n y 10 amonestaciones por escrito.<\/p>\n<p>Estos datos, afirm\u00f3, muestran que es necesario hacer valer las leyes y principios que rigen a la instituci\u00f3n, as\u00ed como integrar en los marcos legales la perspectiva de las v\u00edctimas.<\/p>\n<p>Enfatiz\u00f3 que existe acoso y violencia contra las mujeres porque hay permisi\u00f3n, encubrimiento, justificaciones insolventes y porque es permitido. Necesitamos, subray\u00f3, no eludir el problema y confrontarlo.<\/p>\n<p>La comunidad universitaria, manifest\u00f3, se rige bajo un c\u00f3digo \u00e9tico y de racionalidad. Precis\u00f3 que no se permitir\u00e1 impunidad ni negligencia. \u201cNo caeremos en la par\u00e1lisis de las instancias burocr\u00e1ticas, ni seguiremos la estela de simulaci\u00f3n de estrategias fallidas\u201d.<\/p>\n<p>En la Universidad Aut\u00f3noma del Estado de M\u00e9xico, finaliz\u00f3 el rector Alfredo Barrera Baca, no puede permitirse la violencia de ning\u00fan tipo. Consentirlo, expres\u00f3, es solaparlo. Es fundamental integrar la voz de las v\u00edctimas y las necesidades reales de la comunidad. \u201cLa Universidad nos respalda y libraremos esta batalla con dignidad y raz\u00f3n\u201d.<\/p>\n","protected":false},"excerpt":{"rendered":"<p>La Universidad Aut\u00f3noma del Estado de M\u00e9xico no tolerar\u00e1, en ninguna circunstancia, actos, gestos, posturas o acciones que atenten contra la dignidad e integridad de las mujeres, asever\u00f3 el rector Alfredo Barrera Baca, al encabezar la ceremonia conmemorativa al D\u00eda Internacional de la Eliminaci\u00f3n de la Violencia contra las Mujeres.<\/p>\n","protected":false},"author":1,"featured_media":451474,"comment_status":"open","ping_status":"open","sticky":false,"template":"","format":"standard","meta":{"_monsterinsights_skip_tracking":false,"_monsterinsights_sitenote_active":false,"_monsterinsights_sitenote_note":"","_monsterinsights_sitenote_category":0,"footnotes":""},"categories":[5],"tags":[58572,88852,43675,1491],"class_list":["post-451473","post","type-post","status-publish","format-standard","has-post-thumbnail","hentry","category-estado-de-mexico","tag-alfredo-barrera-baca","tag-dia-internacional-de-la-eliminacion-de-la-violencia-contra-las-mujeres","tag-estado-de-mexico","tag-uaem"],"_links":{"self":[{"href":"https:\/\/www.diarioimagen.net\/index.php?rest_route=\/wp\/v2\/posts\/451473","targetHints":{"allow":["GET"]}}],"collection":[{"href":"https:\/\/www.diarioimagen.net\/index.php?rest_route=\/wp\/v2\/posts"}],"about":[{"href":"https:\/\/www.diarioimagen.net\/index.php?rest_route=\/wp\/v2\/types\/post"}],"author":[{"embeddable":true,"href":"https:\/\/www.diarioimagen.net\/index.php?rest_route=\/wp\/v2\/users\/1"}],"replies":[{"embeddable":true,"href":"https:\/\/www.diarioimagen.net\/index.php?rest_route=%2Fwp%2Fv2%2Fcomments&post=451473"}],"version-history":[{"count":0,"href":"https:\/\/www.diarioimagen.net\/index.php?rest_route=\/wp\/v2\/posts\/451473\/revisions"}],"wp:featuredmedia":[{"embeddable":true,"href":"https:\/\/www.diarioimagen.net\/index.php?rest_route=\/wp\/v2\/media\/451474"}],"wp:attachment":[{"href":"https:\/\/www.diarioimagen.net\/index.php?rest_route=%2Fwp%2Fv2%2Fmedia&parent=451473"}],"wp:term":[{"taxonomy":"category","embeddable":true,"href":"https:\/\/www.diarioimagen.net\/index.php?rest_route=%2Fwp%2Fv2%2Fcategories&post=451473"},{"taxonomy":"post_tag","embeddable":true,"href":"https:\/\/www.diarioimagen.net\/index.php?rest_route=%2Fwp%2Fv2%2Ftags&post=451473"}],"curies":[{"name":"wp","href":"https:\/\/api.w.org\/{rel}","templated":true}]}}