{"id":451497,"date":"2019-11-26T00:09:01","date_gmt":"2019-11-26T06:09:01","guid":{"rendered":"https:\/\/www.diarioimagen.net\/?p=451497"},"modified":"2019-11-26T07:44:06","modified_gmt":"2019-11-26T13:44:06","slug":"huixquilucan-celebra-con-gran-exito-la-primera-feria-de-la-barbacoa-y-el-pulque","status":"publish","type":"post","link":"https:\/\/www.diarioimagen.net\/?p=451497","title":{"rendered":"Huixquilucan celebra con gran \u00e9xito la primera feria de la barbacoa y el pulque"},"content":{"rendered":"<ul>\n<li><em><b>Cientos de personas degustaron alimentos y bebidas<\/b><\/em><\/li>\n<\/ul>\n<p>&nbsp;<\/p>\n<div id=\"attachment_451498\" style=\"width: 470px\" class=\"wp-caption aligncenter\"><a href=\"https:\/\/www.diarioimagen.net\/?attachment_id=451498\" rel=\"attachment wp-att-451498\"><img loading=\"lazy\" decoding=\"async\" aria-describedby=\"caption-attachment-451498\" class=\"size-large wp-image-451498\" src=\"https:\/\/www.diarioimagen.net\/wp-content\/uploads\/2019\/11\/HUIXQUILUCAN-26-460x259.jpg\" alt=\"\" width=\"460\" height=\"259\" srcset=\"https:\/\/www.diarioimagen.net\/wp-content\/uploads\/2019\/11\/HUIXQUILUCAN-26-460x259.jpg 460w, https:\/\/www.diarioimagen.net\/wp-content\/uploads\/2019\/11\/HUIXQUILUCAN-26-240x135.jpg 240w, https:\/\/www.diarioimagen.net\/wp-content\/uploads\/2019\/11\/HUIXQUILUCAN-26-235x132.jpg 235w, https:\/\/www.diarioimagen.net\/wp-content\/uploads\/2019\/11\/HUIXQUILUCAN-26-202x114.jpg 202w, https:\/\/www.diarioimagen.net\/wp-content\/uploads\/2019\/11\/HUIXQUILUCAN-26-350x196.jpg 350w, https:\/\/www.diarioimagen.net\/wp-content\/uploads\/2019\/11\/HUIXQUILUCAN-26-220x123.jpg 220w, https:\/\/www.diarioimagen.net\/wp-content\/uploads\/2019\/11\/HUIXQUILUCAN-26-237x132.jpg 237w, https:\/\/www.diarioimagen.net\/wp-content\/uploads\/2019\/11\/HUIXQUILUCAN-26.jpg 480w\" sizes=\"auto, (max-width: 460px) 100vw, 460px\" \/><\/a><p id=\"caption-attachment-451498\" class=\"wp-caption-text\">En la explanada municipal, las familias hicieron de esta primera Feria de la Barbacoa y el Pulque todo un \u00e9xito en sana convivencia.<\/p><\/div>\n<p>&nbsp;<\/p>\n<p><b>Huixquilucan, Estado de Mexico.-<\/b> Cientos de personas degustaron de la tradicional barbacoa que se prepara en Huixquilucan acompa\u00f1ada de un curado de pulque de pi\u00f1\u00f3n, guayaba, mazap\u00e1n, cacahuate, avena, zarzamora, pi\u00f1a, apio o natural.<\/p>\n<p>En la explanada municipal, las familias hicieron de esta primera Feria de la Barbacoa y el Pulque todo un \u00e9xito en sana convivencia. \u00a0En representaci\u00f3n del Presidente Municipal de Huixquilucan, Enrique Vargas del Villar, el diputado local Jos\u00e9 Antonio Garc\u00eda, destac\u00f3 que con la asistencia de los huixquiluquenses a esta feria no s\u00f3lo se fortalece la econom\u00eda local sino se conservan los usos y costumbres de la localidad.<\/p>\n<p>La mejor barbacoa del Estado de M\u00e9xico se prepara y vende en Huixquilucan, es por eso que para el pr\u00f3ximo a\u00f1o habr\u00e1 una segunda edici\u00f3n de la Feria de la Barbacoa y el Pulque.<\/p>\n<p>\u201cVamos a continuar fomentando usos y costumbres, para que este evento cada d\u00eda sea m\u00e1s grande\u201d, puntualiz\u00f3 Jos\u00e9 Antonio Garc\u00eda.<\/p>\n<p>En la primera edici\u00f3n de esta Feria se instalaron 18 puestos de barbacoa y 17 de pulque, as\u00ed como 30 artesanos de la localidad que ofrecieron ropa, licor, miel, chocolate y mole.<\/p>\n","protected":false},"excerpt":{"rendered":"<p>Cientos de personas degustaron de la tradicional barbacoa que se prepara en Huixquilucan acompa\u00f1ada de un curado de pulque de pi\u00f1\u00f3n, guayaba, mazap\u00e1n, cacahuate, avena, zarzamora, pi\u00f1a, apio o natural.<\/p>\n","protected":false},"author":1,"featured_media":451498,"comment_status":"open","ping_status":"open","sticky":false,"template":"","format":"standard","meta":{"_monsterinsights_skip_tracking":false,"_monsterinsights_sitenote_active":false,"_monsterinsights_sitenote_note":"","_monsterinsights_sitenote_category":0,"footnotes":""},"categories":[5],"tags":[43675,1097],"class_list":["post-451497","post","type-post","status-publish","format-standard","has-post-thumbnail","hentry","category-estado-de-mexico","tag-estado-de-mexico","tag-huixquilucan"],"_links":{"self":[{"href":"https:\/\/www.diarioimagen.net\/index.php?rest_route=\/wp\/v2\/posts\/451497","targetHints":{"allow":["GET"]}}],"collection":[{"href":"https:\/\/www.diarioimagen.net\/index.php?rest_route=\/wp\/v2\/posts"}],"about":[{"href":"https:\/\/www.diarioimagen.net\/index.php?rest_route=\/wp\/v2\/types\/post"}],"author":[{"embeddable":true,"href":"https:\/\/www.diarioimagen.net\/index.php?rest_route=\/wp\/v2\/users\/1"}],"replies":[{"embeddable":true,"href":"https:\/\/www.diarioimagen.net\/index.php?rest_route=%2Fwp%2Fv2%2Fcomments&post=451497"}],"version-history":[{"count":0,"href":"https:\/\/www.diarioimagen.net\/index.php?rest_route=\/wp\/v2\/posts\/451497\/revisions"}],"wp:featuredmedia":[{"embeddable":true,"href":"https:\/\/www.diarioimagen.net\/index.php?rest_route=\/wp\/v2\/media\/451498"}],"wp:attachment":[{"href":"https:\/\/www.diarioimagen.net\/index.php?rest_route=%2Fwp%2Fv2%2Fmedia&parent=451497"}],"wp:term":[{"taxonomy":"category","embeddable":true,"href":"https:\/\/www.diarioimagen.net\/index.php?rest_route=%2Fwp%2Fv2%2Fcategories&post=451497"},{"taxonomy":"post_tag","embeddable":true,"href":"https:\/\/www.diarioimagen.net\/index.php?rest_route=%2Fwp%2Fv2%2Ftags&post=451497"}],"curies":[{"name":"wp","href":"https:\/\/api.w.org\/{rel}","templated":true}]}}