{"id":451499,"date":"2019-11-26T00:08:07","date_gmt":"2019-11-26T06:08:07","guid":{"rendered":"https:\/\/www.diarioimagen.net\/?p=451499"},"modified":"2019-11-26T07:46:46","modified_gmt":"2019-11-26T13:46:46","slug":"supervisa-alcalde-ariel-juarez-avance-de-obras-en-san-mateo-ixtacalco-cuautitlan","status":"publish","type":"post","link":"https:\/\/www.diarioimagen.net\/?p=451499","title":{"rendered":"Supervisa alcalde Ariel Ju\u00e1rez avance de\u00a0obras en San Mateo Ixtacalco, Cuautitl\u00e1n"},"content":{"rendered":"<ul>\n<li><em><b>Mejoramiento de la infraestructura sanitaria urbana<\/b><\/em><\/li>\n<\/ul>\n<p>&nbsp;<\/p>\n<div id=\"attachment_451501\" style=\"width: 470px\" class=\"wp-caption aligncenter\"><a href=\"https:\/\/www.diarioimagen.net\/?attachment_id=451501\" rel=\"attachment wp-att-451501\"><img loading=\"lazy\" decoding=\"async\" aria-describedby=\"caption-attachment-451501\" class=\"size-large wp-image-451501\" src=\"https:\/\/www.diarioimagen.net\/wp-content\/uploads\/2019\/11\/CUAUTITL\u00c1N-7-460x259.jpg\" alt=\"\" width=\"460\" height=\"259\" srcset=\"https:\/\/www.diarioimagen.net\/wp-content\/uploads\/2019\/11\/CUAUTITL\u00c1N-7-460x259.jpg 460w, https:\/\/www.diarioimagen.net\/wp-content\/uploads\/2019\/11\/CUAUTITL\u00c1N-7-240x135.jpg 240w, https:\/\/www.diarioimagen.net\/wp-content\/uploads\/2019\/11\/CUAUTITL\u00c1N-7-235x132.jpg 235w, https:\/\/www.diarioimagen.net\/wp-content\/uploads\/2019\/11\/CUAUTITL\u00c1N-7-202x114.jpg 202w, https:\/\/www.diarioimagen.net\/wp-content\/uploads\/2019\/11\/CUAUTITL\u00c1N-7-350x196.jpg 350w, https:\/\/www.diarioimagen.net\/wp-content\/uploads\/2019\/11\/CUAUTITL\u00c1N-7-220x123.jpg 220w, https:\/\/www.diarioimagen.net\/wp-content\/uploads\/2019\/11\/CUAUTITL\u00c1N-7-237x132.jpg 237w, https:\/\/www.diarioimagen.net\/wp-content\/uploads\/2019\/11\/CUAUTITL\u00c1N-7.jpg 480w\" sizes=\"auto, (max-width: 460px) 100vw, 460px\" \/><\/a><p id=\"caption-attachment-451501\" class=\"wp-caption-text\">El alcalde Ariel Ju\u00e1rez Rodr\u00edguez supervis\u00f3 el avance de los trabajos de mejoramiento de la infraestructura sanitaria urbana.<\/p><\/div>\n<p>&nbsp;<\/p>\n<p><b>Cuautitl\u00e1n, Estado de M\u00e9xico.-<\/b> Durante un recorrido de obras en la comunidad de San Mateo Ixtacalco, el presidente municipal Ariel Ju\u00e1rez Rodr\u00edguez supervis\u00f3 el avance de los trabajos de mejoramiento de la infraestructura sanitaria urbana que se realizan como parte de los recursos del Fondo de Aportaciones para la Infraestructura Social Municipal y De las demarcaciones del Distrito Federal FISMDF 2019.<\/p>\n<p>Acompa\u00f1ado de Karla Aguilar Talavera, subsecretaria de desarrollo regional de la zona norponiente de la Secretaria de Desarrollo Social del Estado de M\u00e9xico, el titular de obras p\u00fablicas municipales de Cuautitl\u00e1n, recorrieron los trabajos de introducci\u00f3n de drenaje sanitario y construcci\u00f3n de pavimentaci\u00f3n.<\/p>\n<p>Estas obras consisten en los trabajos de introducci\u00f3n de drenaje sanitario en el tramo del c\u00e1rcamo de bombeo La Merced-calle Mirador, que consistieron en la excavaci\u00f3n de 329 metros lineales, introducci\u00f3n de tubo de polietileno de alta densidad de 1.2 metros de di\u00e1metro, as\u00ed como la construcci\u00f3n de cajas recolectoras de concreto armado, con el objetivo de beneficiar a m\u00e1s de 800 personas, y que representan una inversi\u00f3n de 4 millones 13 mil 826.26 pesos. La construcci\u00f3n de la pavimentaci\u00f3n con mezcla asf\u00e1ltica de mil 380 metros cuadrados en el tramo de la calle Miraflores-La Merced, donde se realizan trabajos de excavaci\u00f3n de terreno, colocaci\u00f3n de base hidr\u00e1ulica, pozos de visita, renivelaci\u00f3n, construcci\u00f3n de guarniciones y banquetas, con un costo de 2 millones 509 mil 819.43 pesos.<span class=\"Apple-converted-space\">\u00a0<\/span><\/p>\n","protected":false},"excerpt":{"rendered":"<p>Durante un recorrido de obras en la comunidad de San Mateo Ixtacalco, el presidente municipal Ariel Ju\u00e1rez Rodr\u00edguez supervis\u00f3 el avance de los trabajos de mejoramiento de la infraestructura sanitaria urbana que se realizan como parte de los recursos del Fondo de Aportaciones para la Infraestructura Social Municipal y De las demarcaciones del Distrito Federal FISMDF 2019.<\/p>\n","protected":false},"author":1,"featured_media":451501,"comment_status":"open","ping_status":"open","sticky":false,"template":"","format":"standard","meta":{"_monsterinsights_skip_tracking":false,"_monsterinsights_sitenote_active":false,"_monsterinsights_sitenote_note":"","_monsterinsights_sitenote_category":0,"footnotes":""},"categories":[5],"tags":[681,43675],"class_list":["post-451499","post","type-post","status-publish","format-standard","has-post-thumbnail","hentry","category-estado-de-mexico","tag-cuautitlan","tag-estado-de-mexico"],"_links":{"self":[{"href":"https:\/\/www.diarioimagen.net\/index.php?rest_route=\/wp\/v2\/posts\/451499","targetHints":{"allow":["GET"]}}],"collection":[{"href":"https:\/\/www.diarioimagen.net\/index.php?rest_route=\/wp\/v2\/posts"}],"about":[{"href":"https:\/\/www.diarioimagen.net\/index.php?rest_route=\/wp\/v2\/types\/post"}],"author":[{"embeddable":true,"href":"https:\/\/www.diarioimagen.net\/index.php?rest_route=\/wp\/v2\/users\/1"}],"replies":[{"embeddable":true,"href":"https:\/\/www.diarioimagen.net\/index.php?rest_route=%2Fwp%2Fv2%2Fcomments&post=451499"}],"version-history":[{"count":0,"href":"https:\/\/www.diarioimagen.net\/index.php?rest_route=\/wp\/v2\/posts\/451499\/revisions"}],"wp:featuredmedia":[{"embeddable":true,"href":"https:\/\/www.diarioimagen.net\/index.php?rest_route=\/wp\/v2\/media\/451501"}],"wp:attachment":[{"href":"https:\/\/www.diarioimagen.net\/index.php?rest_route=%2Fwp%2Fv2%2Fmedia&parent=451499"}],"wp:term":[{"taxonomy":"category","embeddable":true,"href":"https:\/\/www.diarioimagen.net\/index.php?rest_route=%2Fwp%2Fv2%2Fcategories&post=451499"},{"taxonomy":"post_tag","embeddable":true,"href":"https:\/\/www.diarioimagen.net\/index.php?rest_route=%2Fwp%2Fv2%2Ftags&post=451499"}],"curies":[{"name":"wp","href":"https:\/\/api.w.org\/{rel}","templated":true}]}}