{"id":451506,"date":"2019-11-26T00:06:03","date_gmt":"2019-11-26T06:06:03","guid":{"rendered":"https:\/\/www.diarioimagen.net\/?p=451506"},"modified":"2019-11-26T07:52:34","modified_gmt":"2019-11-26T13:52:34","slug":"tultitlan-conforman-cocicovi-para-rehabilitacion-de-nucleos-sanitarios-en-escuela","status":"publish","type":"post","link":"https:\/\/www.diarioimagen.net\/?p=451506","title":{"rendered":"Tultitl\u00e1n: conforman COCICOVI para rehabilitaci\u00f3n de n\u00facleos sanitarios en escuela"},"content":{"rendered":"<p><a href=\"https:\/\/www.diarioimagen.net\/?attachment_id=451507\" rel=\"attachment wp-att-451507\"><img loading=\"lazy\" decoding=\"async\" class=\"aligncenter size-large wp-image-451507\" src=\"https:\/\/www.diarioimagen.net\/wp-content\/uploads\/2019\/11\/TULTITL\u00c1N--460x259.jpg\" alt=\"\" width=\"460\" height=\"259\" srcset=\"https:\/\/www.diarioimagen.net\/wp-content\/uploads\/2019\/11\/TULTITL\u00c1N--460x259.jpg 460w, https:\/\/www.diarioimagen.net\/wp-content\/uploads\/2019\/11\/TULTITL\u00c1N--240x135.jpg 240w, https:\/\/www.diarioimagen.net\/wp-content\/uploads\/2019\/11\/TULTITL\u00c1N--235x132.jpg 235w, https:\/\/www.diarioimagen.net\/wp-content\/uploads\/2019\/11\/TULTITL\u00c1N--202x114.jpg 202w, https:\/\/www.diarioimagen.net\/wp-content\/uploads\/2019\/11\/TULTITL\u00c1N--350x196.jpg 350w, https:\/\/www.diarioimagen.net\/wp-content\/uploads\/2019\/11\/TULTITL\u00c1N--220x123.jpg 220w, https:\/\/www.diarioimagen.net\/wp-content\/uploads\/2019\/11\/TULTITL\u00c1N--237x132.jpg 237w, https:\/\/www.diarioimagen.net\/wp-content\/uploads\/2019\/11\/TULTITL\u00c1N-.jpg 480w\" sizes=\"auto, (max-width: 460px) 100vw, 460px\" \/><\/a><\/p>\n<p>&nbsp;<\/p>\n<p><b>Tultitl\u00e1n, Estado de M\u00e9xico.- <\/b>Al ser la educaci\u00f3n una prioridad del gobierno encabezado por Elena Garc\u00eda Mart\u00ednez, la Contralor\u00eda Municipal\u00a0 y la direcci\u00f3n de Obras P\u00fablicas llevaron a cabo la instalaci\u00f3n del Comit\u00e9 Ciudadano de Control y Vigilancia (COCICOVI) para realizar la obra de rehabilitaci\u00f3n de m\u00f3dulos sanitarios en la escuela primaria \u201cAmado Nervo\u201d ubicada en San Pablo de las Salinas.\u00a0 Dicho comit\u00e9 tiene la finalidad de orientar y vigilar la correcta aplicaci\u00f3n del recurso de esta obra a trav\u00e9s de la contralor\u00eda interna, en estrecha colaboraci\u00f3n de las autoridades escolares y los padres de familia, para que culmine en tiempo y forma, pero sobre todo que sea una obra que observe los est\u00e1ndares de calidad.<\/p>\n","protected":false},"excerpt":{"rendered":"<p>Al ser la educaci\u00f3n una prioridad del gobierno encabezado por Elena Garc\u00eda Mart\u00ednez, la Contralor\u00eda Municipal\u00a0 y la direcci\u00f3n de Obras P\u00fablicas llevaron a cabo la instalaci\u00f3n del Comit\u00e9 Ciudadano de Control y Vigilancia<\/p>\n","protected":false},"author":1,"featured_media":451507,"comment_status":"open","ping_status":"open","sticky":false,"template":"","format":"standard","meta":{"_monsterinsights_skip_tracking":false,"_monsterinsights_sitenote_active":false,"_monsterinsights_sitenote_note":"","_monsterinsights_sitenote_category":0,"footnotes":""},"categories":[5],"tags":[],"class_list":["post-451506","post","type-post","status-publish","format-standard","has-post-thumbnail","hentry","category-estado-de-mexico"],"_links":{"self":[{"href":"https:\/\/www.diarioimagen.net\/index.php?rest_route=\/wp\/v2\/posts\/451506","targetHints":{"allow":["GET"]}}],"collection":[{"href":"https:\/\/www.diarioimagen.net\/index.php?rest_route=\/wp\/v2\/posts"}],"about":[{"href":"https:\/\/www.diarioimagen.net\/index.php?rest_route=\/wp\/v2\/types\/post"}],"author":[{"embeddable":true,"href":"https:\/\/www.diarioimagen.net\/index.php?rest_route=\/wp\/v2\/users\/1"}],"replies":[{"embeddable":true,"href":"https:\/\/www.diarioimagen.net\/index.php?rest_route=%2Fwp%2Fv2%2Fcomments&post=451506"}],"version-history":[{"count":0,"href":"https:\/\/www.diarioimagen.net\/index.php?rest_route=\/wp\/v2\/posts\/451506\/revisions"}],"wp:featuredmedia":[{"embeddable":true,"href":"https:\/\/www.diarioimagen.net\/index.php?rest_route=\/wp\/v2\/media\/451507"}],"wp:attachment":[{"href":"https:\/\/www.diarioimagen.net\/index.php?rest_route=%2Fwp%2Fv2%2Fmedia&parent=451506"}],"wp:term":[{"taxonomy":"category","embeddable":true,"href":"https:\/\/www.diarioimagen.net\/index.php?rest_route=%2Fwp%2Fv2%2Fcategories&post=451506"},{"taxonomy":"post_tag","embeddable":true,"href":"https:\/\/www.diarioimagen.net\/index.php?rest_route=%2Fwp%2Fv2%2Ftags&post=451506"}],"curies":[{"name":"wp","href":"https:\/\/api.w.org\/{rel}","templated":true}]}}