{"id":451576,"date":"2019-11-27T00:06:01","date_gmt":"2019-11-27T06:06:01","guid":{"rendered":"https:\/\/www.diarioimagen.net\/?p=451576"},"modified":"2019-11-27T07:09:24","modified_gmt":"2019-11-27T13:09:24","slug":"la-uaem-combate-la-violencia-contra-la-mujer","status":"publish","type":"post","link":"https:\/\/www.diarioimagen.net\/?p=451576","title":{"rendered":"La UAEM combate la violencia contra la mujer"},"content":{"rendered":"<ul>\n<li><em><b>Panel \u201cMasculinidades. Resistencias y propuestas\u201d<\/b><\/em><\/li>\n<\/ul>\n<p>&nbsp;<\/p>\n<div id=\"attachment_451577\" style=\"width: 470px\" class=\"wp-caption aligncenter\"><a href=\"https:\/\/www.diarioimagen.net\/?attachment_id=451577\" rel=\"attachment wp-att-451577\"><img loading=\"lazy\" decoding=\"async\" aria-describedby=\"caption-attachment-451577\" class=\"size-large wp-image-451577\" src=\"https:\/\/www.diarioimagen.net\/wp-content\/uploads\/2019\/11\/uaem-3-460x259.jpg\" alt=\"\" width=\"460\" height=\"259\" srcset=\"https:\/\/www.diarioimagen.net\/wp-content\/uploads\/2019\/11\/uaem-3-460x259.jpg 460w, https:\/\/www.diarioimagen.net\/wp-content\/uploads\/2019\/11\/uaem-3-240x135.jpg 240w, https:\/\/www.diarioimagen.net\/wp-content\/uploads\/2019\/11\/uaem-3-235x132.jpg 235w, https:\/\/www.diarioimagen.net\/wp-content\/uploads\/2019\/11\/uaem-3-202x114.jpg 202w, https:\/\/www.diarioimagen.net\/wp-content\/uploads\/2019\/11\/uaem-3-350x196.jpg 350w, https:\/\/www.diarioimagen.net\/wp-content\/uploads\/2019\/11\/uaem-3-220x123.jpg 220w, https:\/\/www.diarioimagen.net\/wp-content\/uploads\/2019\/11\/uaem-3-237x132.jpg 237w, https:\/\/www.diarioimagen.net\/wp-content\/uploads\/2019\/11\/uaem-3.jpg 480w\" sizes=\"auto, (max-width: 460px) 100vw, 460px\" \/><\/a><p id=\"caption-attachment-451577\" class=\"wp-caption-text\">En la Facultad de Ciencias Pol\u00edticas y Sociales se llev\u00f3 a cabo el panel \u201cMasculinidades. Resistencias y propuestas\u201d.<\/p><\/div>\n<p>&nbsp;<\/p>\n<p><b>Toluca, Estado de M\u00e9xico.\u2013<\/b> La Universidad Aut\u00f3noma del Estado de M\u00e9xico ofrece una educaci\u00f3n con valores y contribuye al combate de la inseguridad y la violencia, sobre todo la de g\u00e9nero, a trav\u00e9s del dise\u00f1o, aplicaci\u00f3n y evaluaci\u00f3n de esquemas de colaboraci\u00f3n interinstitucional, afirm\u00f3 la secretar\u00eda de Rector\u00eda de esta casa de estudios, Jannet Valero Vilchis.<\/p>\n<p>Al inaugurar el panel \u201cMasculinidades. Resistencias y propuestas\u201d, en la Facultad de Ciencias Pol\u00edticas y Sociales, refiri\u00f3 que en materia de g\u00e9nero, a trav\u00e9s de la Coordinaci\u00f3n Institucional de Equidad de G\u00e9nero (CIEG), la UAEM presta especial atenci\u00f3n a la capacitaci\u00f3n de estudiantes, personal acad\u00e9mico y administrativo en temas como acoso y hostigamiento sexual, violencia de g\u00e9nero, lenguaje incluyente y principios de la Norma Mexicana en Igualdad Laboral.<\/p>\n<p>En el marco de las actividades conmemorativas al D\u00eda Internacional de la Eliminaci\u00f3n de la Violencia contra la Mujer, Valero Vilchis llam\u00f3 a la comunidad universitaria a ser parte del cambio estructural que con responsabilidad y compromiso se requiere para combatir la violencia contra la mujer.<\/p>\n<p>En su oportunidad, el director de la Facultad, Marco Aurelio Cienfuegos Terr\u00f3n, lament\u00f3 que las cifras demuestren que la violencia hacia la mujer persiste e incluso, va en aumento, pese a las pol\u00edticas p\u00fablicas o alertas de g\u00e9nero que se han emitido.<\/p>\n<p>Indic\u00f3 que la conmemoraci\u00f3n de este d\u00eda es una oportunidad para reflexionar y sensibilizarnos ante esta situaci\u00f3n. Asever\u00f3 que, seg\u00fan cifras del INEGI, 66 de cada 100 mexicanas mayores de 15 a\u00f1os han sufrido alg\u00fan tipo de violencia, por lo que desde los espacios universitarios se deben redoblar los esfuerzos para lograr el cambio. \u201cLa violencia contra las mujeres es un obst\u00e1culo para contribuir a sociedades inclusivas y sostenibles, ya que es imposible que una sociedad avance si la mitad de la poblaci\u00f3n de M\u00e9xico y el mundo vive con miedo y en situaci\u00f3n de vulnerabilidad\u201d.<\/p>\n<p>La titular de la CIEG, Roc\u00edo \u00c1lvarez Miranda, dijo que ante este panorama y en una entidad como el Estado de M\u00e9xico, que se ubica en la segunda posici\u00f3n por feminicidios y en la primera por feminicidios infantiles, es urgente que hombres y mujeres replanten sus creencias, aquellas que sustentan, legitiman y promueven la violencia.<\/p>\n<p>Adem\u00e1s, consider\u00f3 la universitaria, \u201ces necesario hablar de las nuevas masculinidades y nuevas formas de ser hombres y ser mujeres, con la finalidad de tener convivencias m\u00e1s sanas y un mejor devenir\u201d.<\/p>\n","protected":false},"excerpt":{"rendered":"<p>La Universidad Aut\u00f3noma del Estado de M\u00e9xico ofrece una educaci\u00f3n con valores y contribuye al combate de la inseguridad y la violencia, sobre todo la de g\u00e9nero, a trav\u00e9s del dise\u00f1o, aplicaci\u00f3n y evaluaci\u00f3n de esquemas de colaboraci\u00f3n interinstitucional, afirm\u00f3 la secretar\u00eda de Rector\u00eda de esta casa de estudios, Jannet Valero Vilchis.<\/p>\n","protected":false},"author":1,"featured_media":451577,"comment_status":"open","ping_status":"open","sticky":false,"template":"","format":"standard","meta":{"_monsterinsights_skip_tracking":false,"_monsterinsights_sitenote_active":false,"_monsterinsights_sitenote_note":"","_monsterinsights_sitenote_category":0,"footnotes":""},"categories":[5],"tags":[43675,1491],"class_list":["post-451576","post","type-post","status-publish","format-standard","has-post-thumbnail","hentry","category-estado-de-mexico","tag-estado-de-mexico","tag-uaem"],"_links":{"self":[{"href":"https:\/\/www.diarioimagen.net\/index.php?rest_route=\/wp\/v2\/posts\/451576","targetHints":{"allow":["GET"]}}],"collection":[{"href":"https:\/\/www.diarioimagen.net\/index.php?rest_route=\/wp\/v2\/posts"}],"about":[{"href":"https:\/\/www.diarioimagen.net\/index.php?rest_route=\/wp\/v2\/types\/post"}],"author":[{"embeddable":true,"href":"https:\/\/www.diarioimagen.net\/index.php?rest_route=\/wp\/v2\/users\/1"}],"replies":[{"embeddable":true,"href":"https:\/\/www.diarioimagen.net\/index.php?rest_route=%2Fwp%2Fv2%2Fcomments&post=451576"}],"version-history":[{"count":0,"href":"https:\/\/www.diarioimagen.net\/index.php?rest_route=\/wp\/v2\/posts\/451576\/revisions"}],"wp:featuredmedia":[{"embeddable":true,"href":"https:\/\/www.diarioimagen.net\/index.php?rest_route=\/wp\/v2\/media\/451577"}],"wp:attachment":[{"href":"https:\/\/www.diarioimagen.net\/index.php?rest_route=%2Fwp%2Fv2%2Fmedia&parent=451576"}],"wp:term":[{"taxonomy":"category","embeddable":true,"href":"https:\/\/www.diarioimagen.net\/index.php?rest_route=%2Fwp%2Fv2%2Fcategories&post=451576"},{"taxonomy":"post_tag","embeddable":true,"href":"https:\/\/www.diarioimagen.net\/index.php?rest_route=%2Fwp%2Fv2%2Ftags&post=451576"}],"curies":[{"name":"wp","href":"https:\/\/api.w.org\/{rel}","templated":true}]}}