{"id":451579,"date":"2019-11-27T00:09:13","date_gmt":"2019-11-27T06:09:13","guid":{"rendered":"https:\/\/www.diarioimagen.net\/?p=451579"},"modified":"2019-11-27T07:20:00","modified_gmt":"2019-11-27T13:20:00","slug":"anuncian-campana-para-erradicar-la-violencia-de-genero-en-transporte-publico","status":"publish","type":"post","link":"https:\/\/www.diarioimagen.net\/?p=451579","title":{"rendered":"Anuncian campa\u00f1a para erradicar la\u00a0violencia de g\u00e9nero en transporte p\u00fablico"},"content":{"rendered":"<ul>\n<li><em><b>En Atizap\u00e1n de Zaragoza<\/b><\/em><\/li>\n<\/ul>\n<p>&nbsp;<\/p>\n<div id=\"attachment_451580\" style=\"width: 470px\" class=\"wp-caption aligncenter\"><a href=\"https:\/\/www.diarioimagen.net\/?attachment_id=451580\" rel=\"attachment wp-att-451580\"><img loading=\"lazy\" decoding=\"async\" aria-describedby=\"caption-attachment-451580\" class=\"size-large wp-image-451580\" src=\"https:\/\/www.diarioimagen.net\/wp-content\/uploads\/2019\/11\/ATIZAP\u00c1N-27-460x259.jpg\" alt=\"\" width=\"460\" height=\"259\" srcset=\"https:\/\/www.diarioimagen.net\/wp-content\/uploads\/2019\/11\/ATIZAP\u00c1N-27-460x259.jpg 460w, https:\/\/www.diarioimagen.net\/wp-content\/uploads\/2019\/11\/ATIZAP\u00c1N-27-240x135.jpg 240w, https:\/\/www.diarioimagen.net\/wp-content\/uploads\/2019\/11\/ATIZAP\u00c1N-27-235x132.jpg 235w, https:\/\/www.diarioimagen.net\/wp-content\/uploads\/2019\/11\/ATIZAP\u00c1N-27-202x114.jpg 202w, https:\/\/www.diarioimagen.net\/wp-content\/uploads\/2019\/11\/ATIZAP\u00c1N-27-350x196.jpg 350w, https:\/\/www.diarioimagen.net\/wp-content\/uploads\/2019\/11\/ATIZAP\u00c1N-27-220x123.jpg 220w, https:\/\/www.diarioimagen.net\/wp-content\/uploads\/2019\/11\/ATIZAP\u00c1N-27-237x132.jpg 237w, https:\/\/www.diarioimagen.net\/wp-content\/uploads\/2019\/11\/ATIZAP\u00c1N-27.jpg 480w\" sizes=\"auto, (max-width: 460px) 100vw, 460px\" \/><\/a><p id=\"caption-attachment-451580\" class=\"wp-caption-text\">La pr\u00f3xima semana iniciar\u00e1 la campa\u00f1a contra la violencia de g\u00e9nero en transporte p\u00fablico con la pega de alrededor de 3 mil calcoman\u00edas.<\/p><\/div>\n<p>&nbsp;<\/p>\n<p><b>Atizap\u00e1n, Estado de M\u00e9xico.- <\/b>La campa\u00f1a para erradicar la violencia de g\u00e9nero, a cargo de la direcci\u00f3n de Desarrollo Econ\u00f3mico de Atizap\u00e1n, consiste en la instalaci\u00f3n de carteles en el transporte p\u00fablico y taxis con diferentes mensajes que buscan visibilizar este problema e invitan a prevenir la violencia o acoso a mujeres, explic\u00f3 Alfonso C\u00e1rdenas Zepeda, titular de la dependencia.<\/p>\n<p>En el marco del \u201cD\u00eda Internacional de la no violencia contra la mujer\u201d, el funcionario se\u00f1al\u00f3 que la pr\u00f3xima semana iniciar\u00e1 la campa\u00f1a con la pega de alrededor de 3 mil calcoman\u00edas que contienen leyendas como: \u201cTu denuncia es tu mejor defensa\u201d, \u201cDe 10 a 20 a\u00f1os de prisi\u00f3n por violaci\u00f3n\u201d, \u201cDe 1 a 4 a\u00f1os de prisi\u00f3n por abuso sexual\u201d, De 1 a 4 a\u00f1os de prisi\u00f3n por acoso sexual\u201d.<\/p>\n<p>Adem\u00e1s, contienen im\u00e1genes que representan el acoso que enfrentan diariamente las mujeres durante su viaje en el transporte p\u00fablico y se exhorta a la poblaci\u00f3n a denunciar los casos de agresi\u00f3n al tel\u00e9fono 911.<\/p>\n<p>La quinta regidora Ana Lilia L\u00f3pez enfatiz\u00f3 la importancia de tomar acci\u00f3n jur\u00eddica en contra de cualquier tipo de violencia que sufran las mujeres. \u201cDesafortunadamente una de cada tres mujeres es violentada, la violencia en contra de las mujeres no es un tema solo de ellas, ata\u00f1e a todas y todos. Los invito a que dejemos de ser omisos, a que levantemos la voz, denunciemos\u201d.<\/p>\n<p>Por su parte, la directora del Instituto de la Mujer, Alejandra Gonz\u00e1lez, resalt\u00f3 que el objetivo de la presente administraci\u00f3n es contribuir para un mundo libre de violencia contra las mujeres y ni\u00f1as.<\/p>\n<p>\u201cPodemos decir mil palabras, miles de cosas, pero lo primero que tenemos que hacer es pensar en nosotras mismas, valorarnos c\u00f3mo mujeres y seres humanos\u201d.<\/p>\n<p>De acuerdo a la ONU, la violencia contra las mujeres se manifiesta de forma f\u00edsica, sexual y psicol\u00f3gica e incluye violencia por un compa\u00f1ero sentimental, violencia sexual y acoso, trata de seres humanos y matrimonio infantil. Es por eso que debe ser tema de inter\u00e9s y preocupaci\u00f3n para todos los niveles de gobierno.<\/p>\n<p>Para concluir el evento, se present\u00f3 una escenificaci\u00f3n c\u00f3mica a cargo de \u201cAnforita\u201d, quien con una rutina c\u00f3mica trata de concientizar sobre la violencia que viven las mujeres en situaciones cotidianas, adem\u00e1s de exhortarlas a denunciar estos hechos.<\/p>\n","protected":false},"excerpt":{"rendered":"<p>La campa\u00f1a para erradicar la violencia de g\u00e9nero, a cargo de la direcci\u00f3n de Desarrollo Econ\u00f3mico de Atizap\u00e1n, consiste en la instalaci\u00f3n de carteles en el transporte p\u00fablico y taxis con diferentes mensajes que buscan visibilizar este problema e invitan a prevenir la violencia o acoso a mujeres, explic\u00f3 Alfonso C\u00e1rdenas Zepeda, titular de la dependencia.<\/p>\n","protected":false},"author":1,"featured_media":451580,"comment_status":"open","ping_status":"open","sticky":false,"template":"","format":"standard","meta":{"_monsterinsights_skip_tracking":false,"_monsterinsights_sitenote_active":false,"_monsterinsights_sitenote_note":"","_monsterinsights_sitenote_category":0,"footnotes":""},"categories":[5],"tags":[],"class_list":["post-451579","post","type-post","status-publish","format-standard","has-post-thumbnail","hentry","category-estado-de-mexico"],"_links":{"self":[{"href":"https:\/\/www.diarioimagen.net\/index.php?rest_route=\/wp\/v2\/posts\/451579","targetHints":{"allow":["GET"]}}],"collection":[{"href":"https:\/\/www.diarioimagen.net\/index.php?rest_route=\/wp\/v2\/posts"}],"about":[{"href":"https:\/\/www.diarioimagen.net\/index.php?rest_route=\/wp\/v2\/types\/post"}],"author":[{"embeddable":true,"href":"https:\/\/www.diarioimagen.net\/index.php?rest_route=\/wp\/v2\/users\/1"}],"replies":[{"embeddable":true,"href":"https:\/\/www.diarioimagen.net\/index.php?rest_route=%2Fwp%2Fv2%2Fcomments&post=451579"}],"version-history":[{"count":0,"href":"https:\/\/www.diarioimagen.net\/index.php?rest_route=\/wp\/v2\/posts\/451579\/revisions"}],"wp:featuredmedia":[{"embeddable":true,"href":"https:\/\/www.diarioimagen.net\/index.php?rest_route=\/wp\/v2\/media\/451580"}],"wp:attachment":[{"href":"https:\/\/www.diarioimagen.net\/index.php?rest_route=%2Fwp%2Fv2%2Fmedia&parent=451579"}],"wp:term":[{"taxonomy":"category","embeddable":true,"href":"https:\/\/www.diarioimagen.net\/index.php?rest_route=%2Fwp%2Fv2%2Fcategories&post=451579"},{"taxonomy":"post_tag","embeddable":true,"href":"https:\/\/www.diarioimagen.net\/index.php?rest_route=%2Fwp%2Fv2%2Ftags&post=451579"}],"curies":[{"name":"wp","href":"https:\/\/api.w.org\/{rel}","templated":true}]}}