{"id":451582,"date":"2019-11-27T00:08:02","date_gmt":"2019-11-27T06:08:02","guid":{"rendered":"https:\/\/www.diarioimagen.net\/?p=451582"},"modified":"2019-11-27T07:21:49","modified_gmt":"2019-11-27T13:21:49","slug":"seguridad-de-ninas-y-mujeres-prioridad-en-tultitlan","status":"publish","type":"post","link":"https:\/\/www.diarioimagen.net\/?p=451582","title":{"rendered":"Seguridad de ni\u00f1as\u00a0y mujeres, prioridad\u00a0en Tultitl\u00e1n\u00a0"},"content":{"rendered":"<div id=\"attachment_451583\" style=\"width: 470px\" class=\"wp-caption aligncenter\"><a href=\"https:\/\/www.diarioimagen.net\/?attachment_id=451583\" rel=\"attachment wp-att-451583\"><img loading=\"lazy\" decoding=\"async\" aria-describedby=\"caption-attachment-451583\" class=\"size-large wp-image-451583\" src=\"https:\/\/www.diarioimagen.net\/wp-content\/uploads\/2019\/11\/TULTITL\u00c1N-1-1-460x259.jpg\" alt=\"\" width=\"460\" height=\"259\" srcset=\"https:\/\/www.diarioimagen.net\/wp-content\/uploads\/2019\/11\/TULTITL\u00c1N-1-1-460x259.jpg 460w, https:\/\/www.diarioimagen.net\/wp-content\/uploads\/2019\/11\/TULTITL\u00c1N-1-1-240x135.jpg 240w, https:\/\/www.diarioimagen.net\/wp-content\/uploads\/2019\/11\/TULTITL\u00c1N-1-1-235x132.jpg 235w, https:\/\/www.diarioimagen.net\/wp-content\/uploads\/2019\/11\/TULTITL\u00c1N-1-1-202x114.jpg 202w, https:\/\/www.diarioimagen.net\/wp-content\/uploads\/2019\/11\/TULTITL\u00c1N-1-1-350x196.jpg 350w, https:\/\/www.diarioimagen.net\/wp-content\/uploads\/2019\/11\/TULTITL\u00c1N-1-1-220x123.jpg 220w, https:\/\/www.diarioimagen.net\/wp-content\/uploads\/2019\/11\/TULTITL\u00c1N-1-1-237x132.jpg 237w, https:\/\/www.diarioimagen.net\/wp-content\/uploads\/2019\/11\/TULTITL\u00c1N-1-1.jpg 480w\" sizes=\"auto, (max-width: 460px) 100vw, 460px\" \/><\/a><p id=\"caption-attachment-451583\" class=\"wp-caption-text\">En el marco del D\u00eda Internacional para la Eliminaci\u00f3n de la Violencia contra las Mujeres, el Gobierno Municipal de Tultitl\u00e1n, a trav\u00e9s del Instituto Municipal para la Protecci\u00f3n de la Mujer de Tultitl\u00e1n, llevaron a cabo diversas actividades<\/p><\/div>\n<p>&nbsp;<\/p>\n<p><b>Tultitl\u00e1n, Estado De M\u00e9x.-<\/b> En el marco del D\u00eda Internacional para la Eliminaci\u00f3n de la Violencia contra las Mujeres, el Gobierno Municipal de Tultitl\u00e1n, a trav\u00e9s del Instituto Municipal para la Protecci\u00f3n de la Mujer de Tultitl\u00e1n, llevaron a cabo diversas actividades encaminadas a generar conciencia de la problem\u00e1tica que se vive no solo en el \u00e1mbito municipal, sino en el entorno social nacional e internacional, con respecto a los diversos actos de violencia en contra de la mujer.<span class=\"Apple-converted-space\">\u00a0 <\/span>\u201cEs importante garantizar que cada una de las oficinas y edificios del gobierno municipal sean espacios libres de violencia, en especial en contra de la mujer\u201d se\u00f1al\u00f3 la alcaldesa Elena Garc\u00eda Mart\u00ednez.<\/p>\n","protected":false},"excerpt":{"rendered":"<p>En el marco del D\u00eda Internacional para la Eliminaci\u00f3n de la Violencia contra las Mujeres, el Gobierno Municipal de Tultitl\u00e1n, a trav\u00e9s del Instituto Municipal para la Protecci\u00f3n de la Mujer de Tultitl\u00e1n, llevaron a cabo diversas actividades<\/p>\n","protected":false},"author":1,"featured_media":451583,"comment_status":"open","ping_status":"open","sticky":false,"template":"","format":"standard","meta":{"_monsterinsights_skip_tracking":false,"_monsterinsights_sitenote_active":false,"_monsterinsights_sitenote_note":"","_monsterinsights_sitenote_category":0,"footnotes":""},"categories":[5],"tags":[43675,578],"class_list":["post-451582","post","type-post","status-publish","format-standard","has-post-thumbnail","hentry","category-estado-de-mexico","tag-estado-de-mexico","tag-tultitlan"],"_links":{"self":[{"href":"https:\/\/www.diarioimagen.net\/index.php?rest_route=\/wp\/v2\/posts\/451582","targetHints":{"allow":["GET"]}}],"collection":[{"href":"https:\/\/www.diarioimagen.net\/index.php?rest_route=\/wp\/v2\/posts"}],"about":[{"href":"https:\/\/www.diarioimagen.net\/index.php?rest_route=\/wp\/v2\/types\/post"}],"author":[{"embeddable":true,"href":"https:\/\/www.diarioimagen.net\/index.php?rest_route=\/wp\/v2\/users\/1"}],"replies":[{"embeddable":true,"href":"https:\/\/www.diarioimagen.net\/index.php?rest_route=%2Fwp%2Fv2%2Fcomments&post=451582"}],"version-history":[{"count":0,"href":"https:\/\/www.diarioimagen.net\/index.php?rest_route=\/wp\/v2\/posts\/451582\/revisions"}],"wp:featuredmedia":[{"embeddable":true,"href":"https:\/\/www.diarioimagen.net\/index.php?rest_route=\/wp\/v2\/media\/451583"}],"wp:attachment":[{"href":"https:\/\/www.diarioimagen.net\/index.php?rest_route=%2Fwp%2Fv2%2Fmedia&parent=451582"}],"wp:term":[{"taxonomy":"category","embeddable":true,"href":"https:\/\/www.diarioimagen.net\/index.php?rest_route=%2Fwp%2Fv2%2Fcategories&post=451582"},{"taxonomy":"post_tag","embeddable":true,"href":"https:\/\/www.diarioimagen.net\/index.php?rest_route=%2Fwp%2Fv2%2Ftags&post=451582"}],"curies":[{"name":"wp","href":"https:\/\/api.w.org\/{rel}","templated":true}]}}