{"id":451588,"date":"2019-11-27T00:06:01","date_gmt":"2019-11-27T06:06:01","guid":{"rendered":"https:\/\/www.diarioimagen.net\/?p=451588"},"modified":"2019-11-27T07:26:40","modified_gmt":"2019-11-27T13:26:40","slug":"promueven-en-naucalpan-proyectos-de-mujeres-emprendedoras-en-bazar","status":"publish","type":"post","link":"https:\/\/www.diarioimagen.net\/?p=451588","title":{"rendered":"Promueven en Naucalpan proyectos\u00a0de mujeres emprendedoras en bazar"},"content":{"rendered":"<ul>\n<li><em><b>Comercializan productos en edificio anexo al Palacio Municipal<\/b><\/em><\/li>\n<\/ul>\n<p>&nbsp;<\/p>\n<div id=\"attachment_451589\" style=\"width: 470px\" class=\"wp-caption aligncenter\"><a href=\"https:\/\/www.diarioimagen.net\/?attachment_id=451589\" rel=\"attachment wp-att-451589\"><img loading=\"lazy\" decoding=\"async\" aria-describedby=\"caption-attachment-451589\" class=\"size-large wp-image-451589\" src=\"https:\/\/www.diarioimagen.net\/wp-content\/uploads\/2019\/11\/NAUCALPAN--460x259.jpg\" alt=\"\" width=\"460\" height=\"259\" srcset=\"https:\/\/www.diarioimagen.net\/wp-content\/uploads\/2019\/11\/NAUCALPAN--460x259.jpg 460w, https:\/\/www.diarioimagen.net\/wp-content\/uploads\/2019\/11\/NAUCALPAN--240x135.jpg 240w, https:\/\/www.diarioimagen.net\/wp-content\/uploads\/2019\/11\/NAUCALPAN--235x132.jpg 235w, https:\/\/www.diarioimagen.net\/wp-content\/uploads\/2019\/11\/NAUCALPAN--202x114.jpg 202w, https:\/\/www.diarioimagen.net\/wp-content\/uploads\/2019\/11\/NAUCALPAN--350x196.jpg 350w, https:\/\/www.diarioimagen.net\/wp-content\/uploads\/2019\/11\/NAUCALPAN--220x123.jpg 220w, https:\/\/www.diarioimagen.net\/wp-content\/uploads\/2019\/11\/NAUCALPAN--237x132.jpg 237w, https:\/\/www.diarioimagen.net\/wp-content\/uploads\/2019\/11\/NAUCALPAN-.jpg 480w\" sizes=\"auto, (max-width: 460px) 100vw, 460px\" \/><\/a><p id=\"caption-attachment-451589\" class=\"wp-caption-text\">El proyecto concentr\u00f3 a 24 productoras y artesanas naucalpenses que comercializaron sus productos en el edificio anexo al Palacio Municipal.<\/p><\/div>\n<p>&nbsp;<\/p>\n<p><b>Naucalpan, Estado de M\u00e9xico.- <\/b>En el marco del D\u00eda Internacional de la Eliminaci\u00f3n de la Violencia Contra la Mujer, la Segunda Regidora, Alexis Santos Garc\u00eda, en coordinaci\u00f3n con el Secretario de Desarrollo Social, Pedro G\u00e1lvez Bastida, inaugur\u00f3 un bazar de productoras y artesanas.<\/p>\n<p>El proyecto concentr\u00f3 a 24 productoras y artesanas naucalpenses que comercializaron sus productos en el edificio anexo al Palacio Municipal.<\/p>\n<p>Santos Garc\u00eda destac\u00f3 la importancia del empoderamiento econ\u00f3mico de las mujeres. Indic\u00f3 que esta iniciativa adem\u00e1s de visibilizar la violencia econ\u00f3mica ejercida sobre las mujeres, las empodera para que tengan una vida aut\u00f3noma y logren romper con los estereotipos de g\u00e9nero.<\/p>\n<p>\u201cEs violencia econ\u00f3mica que nos amenacen con no darnos gasto, que controlen nuestros gastos e ingresos, o que la solvencia econ\u00f3mica que los agresores dan a sus v\u00edctimas sea justificaci\u00f3n de otros tipos de violencia.<\/p>\n<p>\u201cLa dependencia econ\u00f3mica en muchos casos obliga a las v\u00edctimas a permanecer con los agresores, de ah\u00ed la importancia del empoderamiento econ\u00f3mico. Una mujer empoderada tendr\u00e1 m\u00e1s herramientas para salir de los contextos de violencia\u201d, manifest\u00f3. Durante el evento, las autoridades entregaron reconocimientos a las 24 productoras por su participaci\u00f3n en el bazar.<\/p>\n<p>Al respecto, Agustina Gonz\u00e1lez Delgado, de 74 a\u00f1os de edad y vecina de San Mateo Nopala, coment\u00f3 que tras 50 a\u00f1os en la agricultura ella sigue descubriendo nuevas t\u00e9cnicas.<\/p>\n<p>\u201cLlevo m\u00e1s de 50 a\u00f1os trabajando en el campo sola, ahora mis hijos est\u00e1n grandes y me est\u00e1n apoyando en la producci\u00f3n de jitomate de invernadero, es algo que siempre quise hacer\u201d, indic\u00f3.<\/p>\n<p>Para Agustina, el reconocimiento que le otorgaron las autoridades de Naucalpan representa un logro.<\/p>\n<p>\u201cSon mis propios logros que despu\u00e9s de muchos a\u00f1os estoy cosechando. Yo quiero decirles a todas las mujeres que si yo pude salir adelante sola, ellas tambi\u00e9n pueden\u201d, asever\u00f3.<\/p>\n<p>Impulsadas por el departamento de Proyectos Productivos, las emprendedoras que habitan comunidades como Santiago Tepatlaxco, Jardines de San Mateo, San Francisco Chimalpa y San Mateo Nopala, brindaron al p\u00fablico una amplia gama de hortalizas, l\u00e1cteos, alimentos preparados, artesan\u00edas y bisuter\u00eda.<\/p>\n","protected":false},"excerpt":{"rendered":"<p>n el marco del D\u00eda Internacional de la Eliminaci\u00f3n de la Violencia Contra la Mujer, la Segunda Regidora, Alexis Santos Garc\u00eda, en coordinaci\u00f3n con el Secretario de Desarrollo Social, Pedro G\u00e1lvez Bastida, inaugur\u00f3 un bazar de productoras y artesanas.<\/p>\n","protected":false},"author":1,"featured_media":451589,"comment_status":"open","ping_status":"open","sticky":false,"template":"","format":"standard","meta":{"_monsterinsights_skip_tracking":false,"_monsterinsights_sitenote_active":false,"_monsterinsights_sitenote_note":"","_monsterinsights_sitenote_category":0,"footnotes":""},"categories":[5],"tags":[43675,970],"class_list":["post-451588","post","type-post","status-publish","format-standard","has-post-thumbnail","hentry","category-estado-de-mexico","tag-estado-de-mexico","tag-naucalpan"],"_links":{"self":[{"href":"https:\/\/www.diarioimagen.net\/index.php?rest_route=\/wp\/v2\/posts\/451588","targetHints":{"allow":["GET"]}}],"collection":[{"href":"https:\/\/www.diarioimagen.net\/index.php?rest_route=\/wp\/v2\/posts"}],"about":[{"href":"https:\/\/www.diarioimagen.net\/index.php?rest_route=\/wp\/v2\/types\/post"}],"author":[{"embeddable":true,"href":"https:\/\/www.diarioimagen.net\/index.php?rest_route=\/wp\/v2\/users\/1"}],"replies":[{"embeddable":true,"href":"https:\/\/www.diarioimagen.net\/index.php?rest_route=%2Fwp%2Fv2%2Fcomments&post=451588"}],"version-history":[{"count":0,"href":"https:\/\/www.diarioimagen.net\/index.php?rest_route=\/wp\/v2\/posts\/451588\/revisions"}],"wp:featuredmedia":[{"embeddable":true,"href":"https:\/\/www.diarioimagen.net\/index.php?rest_route=\/wp\/v2\/media\/451589"}],"wp:attachment":[{"href":"https:\/\/www.diarioimagen.net\/index.php?rest_route=%2Fwp%2Fv2%2Fmedia&parent=451588"}],"wp:term":[{"taxonomy":"category","embeddable":true,"href":"https:\/\/www.diarioimagen.net\/index.php?rest_route=%2Fwp%2Fv2%2Fcategories&post=451588"},{"taxonomy":"post_tag","embeddable":true,"href":"https:\/\/www.diarioimagen.net\/index.php?rest_route=%2Fwp%2Fv2%2Ftags&post=451588"}],"curies":[{"name":"wp","href":"https:\/\/api.w.org\/{rel}","templated":true}]}}