{"id":451591,"date":"2019-11-27T00:06:37","date_gmt":"2019-11-27T06:06:37","guid":{"rendered":"https:\/\/www.diarioimagen.net\/?p=451591"},"modified":"2019-11-27T07:31:12","modified_gmt":"2019-11-27T13:31:12","slug":"gobierno-de-tultepec-comprometido-a-erradicar-violencia-contra-las-mujeres-2","status":"publish","type":"post","link":"https:\/\/www.diarioimagen.net\/?p=451591","title":{"rendered":"Gobierno de Tultepec, comprometido a erradicar violencia contra las mujeres"},"content":{"rendered":"<ul>\n<li><em><b>Acciones como la Polic\u00eda de G\u00e9nero<\/b><\/em><\/li>\n<\/ul>\n<p>&nbsp;<\/p>\n<div id=\"attachment_451586\" style=\"width: 470px\" class=\"wp-caption aligncenter\"><a href=\"https:\/\/www.diarioimagen.net\/?attachment_id=451586\" rel=\"attachment wp-att-451586\"><img loading=\"lazy\" decoding=\"async\" aria-describedby=\"caption-attachment-451586\" class=\"size-large wp-image-451586\" src=\"https:\/\/www.diarioimagen.net\/wp-content\/uploads\/2019\/11\/TULTEPEC-3-460x259.jpg\" alt=\"\" width=\"460\" height=\"259\" srcset=\"https:\/\/www.diarioimagen.net\/wp-content\/uploads\/2019\/11\/TULTEPEC-3-460x259.jpg 460w, https:\/\/www.diarioimagen.net\/wp-content\/uploads\/2019\/11\/TULTEPEC-3-240x135.jpg 240w, https:\/\/www.diarioimagen.net\/wp-content\/uploads\/2019\/11\/TULTEPEC-3-235x132.jpg 235w, https:\/\/www.diarioimagen.net\/wp-content\/uploads\/2019\/11\/TULTEPEC-3-202x114.jpg 202w, https:\/\/www.diarioimagen.net\/wp-content\/uploads\/2019\/11\/TULTEPEC-3-350x196.jpg 350w, https:\/\/www.diarioimagen.net\/wp-content\/uploads\/2019\/11\/TULTEPEC-3-220x123.jpg 220w, https:\/\/www.diarioimagen.net\/wp-content\/uploads\/2019\/11\/TULTEPEC-3-237x132.jpg 237w, https:\/\/www.diarioimagen.net\/wp-content\/uploads\/2019\/11\/TULTEPEC-3.jpg 480w\" sizes=\"auto, (max-width: 460px) 100vw, 460px\" \/><\/a><p id=\"caption-attachment-451586\" class=\"wp-caption-text\">Compromiso del gobierno de Tultepec para poner fin a la violencia contra las mujeres y las ni\u00f1as.<\/p><\/div>\n<p>&nbsp;<\/p>\n<p><b>Tultepec, Estado de M\u00e9xico.- <\/b>\u201cEn M\u00e9xico la violencia contra la mujer constituye un obst\u00e1culo para el logro de la igualdad, la paz, e impide total o parcialmente a la mujer gozar de los derechos humanos y las libertades fundamentales\u201d, expres\u00f3 Marisela Urb\u00e1n Hern\u00e1ndez, titular del Instituto Municipal de la Mujer, en el marco del\u00a0D\u00eda Internacional de la Eliminaci\u00f3n contra las Mujeres y las Ni\u00f1as.<\/p>\n<p>Durante la ceremonia c\u00edvica del lunes,\u00a0ante el cabildo en pleno, directores, jefes de \u00e1rea y servidores p\u00fablicos de la administraci\u00f3n municipal 2019-2021, en su mayor\u00eda vestidos con distintivos color naranja; agradeci\u00f3 el compromiso del gobierno municipal para poner fin a la violencia contra las mujeres y las ni\u00f1as.<\/p>\n<p>Asever\u00f3 que, ante el nada honroso primer lugar del Estado de M\u00e9xico como la entidad m\u00e1s peligrosa para las mujeres por el alto \u00edndice de asesinatos, el objetivo es no formar parte de las estad\u00edsticas negativas en la entidad, como una alcald\u00eda m\u00e1s en alerta de g\u00e9nero.<\/p>\n<p>\u201cCon acciones como la implementaci\u00f3n de la Polic\u00eda de G\u00e9nero y la red de servidores p\u00fablicos que ya operan en Tultepec, son clara muestra del compromiso institucional para la construcci\u00f3n de un municipio libre de violencia y el inter\u00e9s de involucrar a toda la comunidad en esta substancial labor\u201d, dijo.<\/p>\n<p>Marisela Urb\u00e1n Hern\u00e1ndez agradeci\u00f3 la confianza que cientos de mujeres han depositado en la instituci\u00f3n, participando activamente en los servicios y actividades desarrolladas en su beneficio, como es el caso de diversos talleres de capacitaci\u00f3n como globoflexia, chocolater\u00eda, velas art\u00edsticas, jabones artesanales y defensa personal, entre otros.<\/p>\n<p>++<\/p>\n<p><b>Compromiso del <\/b>gobierno de Tultepec para poner fin a la violencia contra las mujeres y las ni\u00f1as.<\/p>\n","protected":false},"excerpt":{"rendered":"<p>\u201cEn M\u00e9xico la violencia contra la mujer constituye un obst\u00e1culo para el logro de la igualdad, la paz, e impide total o parcialmente a la mujer gozar de los derechos humanos y las libertades fundamentales\u201d, expres\u00f3 Marisela Urb\u00e1n Hern\u00e1ndez, titular del Instituto Municipal de la Mujer, en el marco del\u00a0D\u00eda Internacional de la Eliminaci\u00f3n contra las Mujeres y las Ni\u00f1as.<\/p>\n","protected":false},"author":1,"featured_media":451586,"comment_status":"open","ping_status":"open","sticky":false,"template":"","format":"standard","meta":{"_monsterinsights_skip_tracking":false,"_monsterinsights_sitenote_active":false,"_monsterinsights_sitenote_note":"","_monsterinsights_sitenote_category":0,"footnotes":""},"categories":[5],"tags":[43675,3802],"class_list":["post-451591","post","type-post","status-publish","format-standard","has-post-thumbnail","hentry","category-estado-de-mexico","tag-estado-de-mexico","tag-tultepec"],"_links":{"self":[{"href":"https:\/\/www.diarioimagen.net\/index.php?rest_route=\/wp\/v2\/posts\/451591","targetHints":{"allow":["GET"]}}],"collection":[{"href":"https:\/\/www.diarioimagen.net\/index.php?rest_route=\/wp\/v2\/posts"}],"about":[{"href":"https:\/\/www.diarioimagen.net\/index.php?rest_route=\/wp\/v2\/types\/post"}],"author":[{"embeddable":true,"href":"https:\/\/www.diarioimagen.net\/index.php?rest_route=\/wp\/v2\/users\/1"}],"replies":[{"embeddable":true,"href":"https:\/\/www.diarioimagen.net\/index.php?rest_route=%2Fwp%2Fv2%2Fcomments&post=451591"}],"version-history":[{"count":0,"href":"https:\/\/www.diarioimagen.net\/index.php?rest_route=\/wp\/v2\/posts\/451591\/revisions"}],"wp:featuredmedia":[{"embeddable":true,"href":"https:\/\/www.diarioimagen.net\/index.php?rest_route=\/wp\/v2\/media\/451586"}],"wp:attachment":[{"href":"https:\/\/www.diarioimagen.net\/index.php?rest_route=%2Fwp%2Fv2%2Fmedia&parent=451591"}],"wp:term":[{"taxonomy":"category","embeddable":true,"href":"https:\/\/www.diarioimagen.net\/index.php?rest_route=%2Fwp%2Fv2%2Fcategories&post=451591"},{"taxonomy":"post_tag","embeddable":true,"href":"https:\/\/www.diarioimagen.net\/index.php?rest_route=%2Fwp%2Fv2%2Ftags&post=451591"}],"curies":[{"name":"wp","href":"https:\/\/api.w.org\/{rel}","templated":true}]}}