{"id":451608,"date":"2019-11-27T00:12:52","date_gmt":"2019-11-27T06:12:52","guid":{"rendered":"https:\/\/www.diarioimagen.net\/?p=451608"},"modified":"2019-11-27T08:24:52","modified_gmt":"2019-11-27T14:24:52","slug":"el-caudillo-de-la-4t-confunde-prioridades-necesidades-y-adversarios","status":"publish","type":"post","link":"https:\/\/www.diarioimagen.net\/?p=451608","title":{"rendered":"El Caudillo de la 4T confunde\u00a0prioridades, necesidades y adversarios"},"content":{"rendered":"<h2>\u00cdndice pol\u00edtico<\/h2>\n<h5>Francisco Rodr\u00edguez<\/h5>\n<p>&nbsp;<\/p>\n<div id=\"attachment_451609\" style=\"width: 470px\" class=\"wp-caption aligncenter\"><a href=\"https:\/\/www.diarioimagen.net\/?attachment_id=451609\" rel=\"attachment wp-att-451609\"><img loading=\"lazy\" decoding=\"async\" aria-describedby=\"caption-attachment-451609\" class=\"size-large wp-image-451609\" src=\"https:\/\/www.diarioimagen.net\/wp-content\/uploads\/2019\/11\/enojo-versus-anarcas-violentas-MARAL-460x309.jpg\" alt=\"\" width=\"460\" height=\"309\" srcset=\"https:\/\/www.diarioimagen.net\/wp-content\/uploads\/2019\/11\/enojo-versus-anarcas-violentas-MARAL-460x309.jpg 460w, https:\/\/www.diarioimagen.net\/wp-content\/uploads\/2019\/11\/enojo-versus-anarcas-violentas-MARAL-240x161.jpg 240w, https:\/\/www.diarioimagen.net\/wp-content\/uploads\/2019\/11\/enojo-versus-anarcas-violentas-MARAL-768x516.jpg 768w, https:\/\/www.diarioimagen.net\/wp-content\/uploads\/2019\/11\/enojo-versus-anarcas-violentas-MARAL.jpg 1200w\" sizes=\"auto, (max-width: 460px) 100vw, 460px\" \/><\/a><p id=\"caption-attachment-451609\" class=\"wp-caption-text\">Enojo versus anarcas violentas&#8230; | Maral<\/p><\/div>\n<p>&nbsp;<\/p>\n<p>La organizaci\u00f3n, dijo Robert Michels, \u201ces lo que da origen a la dominaci\u00f3n de los elegidos sobre los electores, de los mandatarios sobre los mandantes, de los delegados sobre los delegantes. Toda organizaci\u00f3n, aunque lo simule, tiene mandos verticales\u201d.<\/p>\n<p>Quien dice organizaci\u00f3n, dice oligarqu\u00eda, se\u00f1al\u00f3 desde principios del siglo pasado, y formul\u00f3 su famosa \u201cLey de hierro de las oligarqu\u00edas\u201d. Dej\u00f3 sentada la profunda convicci\u00f3n de que esa oligarqu\u00eda acabar\u00eda por desQuien dice organizaci\u00f3n, dice oligarqu\u00eda, se\u00f1al\u00f3 desde principios del siglo pasado, y formul\u00f3 su famosa \u201cLey de hierro de las oligarqu\u00edas\u201d. Dej\u00f3 sentada la profunda convicci\u00f3n de que esa oligarqu\u00eda acabar\u00eda por destruir las posibilidades de la democracia, si ca\u00eda en las peores manos.<\/p>\n<p>Por esa convicci\u00f3n, Michels abandon\u00f3 las teor\u00edas socialistas que hab\u00eda abrazado durante toda su vida de l\u00facido investigador de la ciencia pol\u00edtica y se dedic\u00f3 a justificar y a trabajar para el fascismo italiano de Benito Mussolini. A final de cuentas eran lo mismo.<\/p>\n<p>Despu\u00e9s de mucho tiempo, de todas las aguas que han corrido bajo los puentes, aqu\u00ed en el rancho grande vivimos en un escenario de descomposici\u00f3n ideol\u00f3gica que no tiene parang\u00f3n posible. Y las contradicciones, como siempre sucede, se encuentran en el seno del grupo gobernante.<\/p>\n<p style=\"text-align: center;\"><b>Ya hay dudas sobre la real fuerza pol\u00edtica de AMLO, a diario pierde adeptos<\/b><\/p>\n<p>La poblaci\u00f3n no puede explicarse que, ante toda la mesa puesta, el Estado omnipresente, las C\u00e1maras, la mayor\u00eda de los gobiernos locales dispuestos a seguir las \u00f3rdenes, el Caudillo insiste en la polarizaci\u00f3n y en la divisi\u00f3n incesante del pa\u00eds.<\/p>\n<p>Si el Caudillo cree que todav\u00eda cuenta con sus 30 millones de votos, deber\u00eda conservarlos y aumentarlos con pol\u00edticas p\u00fablicas y decisiones de gobierno que consolidaran la econom\u00eda, para asegurar la permanencia en la intenci\u00f3n y en la voluntad electoral del pueblo. Como no lo hace, y jam\u00e1s lo ha intentado, surgen las dudas sobre su fuerza, y \u00e9stas alimentan la desconfianza creciente en todos los sectores.<\/p>\n<p style=\"text-align: center;\"><b>Y \u00e9l sigue alebrestando auditorios cautivos en comunidades vulnerables<\/b><\/p>\n<p>En los \u00faltimos doce meses, los trabajadores han empezado a retirar sus fondos de ahorro acumulados durante su vida laboral. Diez mil millones de pesos en Afores, fondos para el desempleo, han sido retirados, en una orde\u00f1a persistente, que ya alcanza m\u00e1ximos hist\u00f3ricos para cualquier per\u00edodo comparado.<\/p>\n<p>Pero el Caudillo sigue alebrestando auditorios cautivos en comunidades vulnerables. A lo largo del pa\u00eds enardece a los asistentes a los m\u00edtines provincianos con frases que s\u00f3lo fomentan el odio y la rabia contra adversarios del r\u00e9gimen, contra burocracias doradas que supuestamente ya fueron expulsadas de las n\u00f3minas gubernamentales.<\/p>\n<p>Alienta con singular empe\u00f1o, frentes de seguidores incondicionales, cada vez menos, que adquieren vertiginosamente perfiles fascistas y que en \u201clas ma\u00f1aneras\u201d reiteran obediencia absoluta al Supremo. Consignas de quintas columnas, alimento mental para francotiradores contra la vida pac\u00edfica y las costumbres democr\u00e1ticas.<\/p>\n<p style=\"text-align: center;\"><b>Con una pistolita calibre .22, L\u00e1zaro C\u00e1rdenas se deshizo<span class=\"Apple-converted-space\">\u00a0<\/span>de su n\u00e9mesis<\/b><\/p>\n<p>A eso, obviamente, no debe dedicarse quien ya tiene el mando de una Naci\u00f3n. Si el general L\u00e1zaro C\u00e1rdenas lo hizo hace ochenta y tantos a\u00f1os, fue para asegurarse del apoyo popular en su lucha por liberarse de las burocracias militares, empresariales y pol\u00edticas del \u201cCallismo\u201d, que no lo dejaba gobernar.<\/p>\n<p>Hasta que tom\u00f3 la decisi\u00f3n de expulsar del pa\u00eds al <i>Hombre Fuerte<\/i>, y a sus m\u00e1s fieles seguidores, Luis N. Morones y Luis L. Le\u00f3n. Simplemente un manotazo, para lo cual no requiri\u00f3 m\u00e1s que de una pistola calibre .22 que llevaban los enviados Francisco Russi, jefe de la polic\u00eda capitalina, y su ayudante, el teniente Ram\u00f3n Navarro. All\u00ed se acab\u00f3 el peregrinar por las rancher\u00edas.<\/p>\n<p style=\"text-align: center;\"><b>Ayer, fieros adversarios de la 4T; hoy, son los salvadores de la Patria<\/b><\/p>\n<p>El equivalente actual de esa acci\u00f3n ejecutiva ser\u00eda haber aplicado desde un principio la ley contra los delincuentes de cuello blanco del aparato que alientan y protegen supuestamente a los capos y sicarios, a los manipuladores de las concesiones gubernamentales, a los que han burlado el inter\u00e9s superior de la Naci\u00f3n.<\/p>\n<p>Pero no es as\u00ed, ni ser\u00e1 as\u00ed. Ante ellos se obnubila, los colma de privilegios, les concede las mayores obras proyectadas y los aplaude emocionado ante todos los p\u00fablicos. Ellos son ahora los salvadores de la patria, cuando apenas ayer eran los m\u00e1s fieros adversarios de la Cuarta Transformaci\u00f3n.<\/p>\n<p>Se posterg\u00f3 la aplicaci\u00f3n de las consultas populares, ya dotadas de todas las facultades vinculantes, para no molestarlos. Los capos son perdonados, liberados y exonerados ante la sorpresa internacional. El Caudillo s\u00f3lo se dedica a ofender y destruir con la fuerza del Estado a los adversarios peque\u00f1os, a los que no tienen forma de defenderse.<\/p>\n<p style=\"text-align: center;\"><b>Pymes, retra\u00eddas por las amenazas de persecuci\u00f3n fiscal y hasta penal<\/b><\/p>\n<p>Los de m\u00e1s arriba son los nuevos h\u00e9roes de la patria, los ep\u00edtomes de la Cuarta, los que dicen s\u00f3lo de dientes para afuera, que hay que apoyarlo, que hay que estar alrededor de \u00e9l&#8230; mientras dure, mientras no venga otro que los apapache mejor.<\/p>\n<p>\u00c9stos son los que con sus grupitos de empresas asociadas no impactar\u00e1n jam\u00e1s en el mercado interno, si lo que de verdad se busca es distribuir mejor el ingreso, los que jam\u00e1s podr\u00e1n motivar a los empresarios pymes que son los que realmente crean y multiplican los empleos y los ingresos. \u00c9stos est\u00e1n ubicados en la desconfianza y en el retraimiento provocado por las amenazas de persecuci\u00f3n fiscal y penal.<\/p>\n<p style=\"text-align: center;\"><b>S\u00f3lo campean el discurso del enfrentamiento y la ideolog\u00eda del enga\u00f1o<\/b><\/p>\n<p>Hay una delicada y perniciosa confusi\u00f3n de prioridades pol\u00edticas, econ\u00f3micas y sociales. El entendimiento est\u00e1 nublado y ya no distingue a los adversarios del desarrollo, tampoco ordena las necesidades nacionales, ni identifica a los aliados leales. Toda cr\u00edtica se asume como disidencia y como traici\u00f3n.<\/p>\n<p>Lo \u00fanico que campea en este cotarro es el discurso del enfrentamiento, la ideolog\u00eda del enga\u00f1o, la rebambaramba rupestre, la formaci\u00f3n de un elemental frente fascista y las medidas pueriles de corto plazo, reeleccionistas y \u00f1o\u00f1as. El peligro para M\u00e9xico, pues.<\/p>\n<p style=\"text-align: center;\"><b>Ahora, el retroceso hacia la caverna de la mano de la derecha retrechera<\/b><\/p>\n<p>El pa\u00eds es manejado manipulando sus sentimientos con irresponsabilidad supina, altamente punible, con afanes de perpetuidad que atizan todos los d\u00edas y a toda hora la desconfianza y el estancamiento regresivo. No tienen para d\u00f3nde hacerse fuera de estos par\u00e1metros de ininteligible comprensi\u00f3n.<\/p>\n<p>Y aparte de la resequedad monetaria, la inminente devaluaci\u00f3n, la represi\u00f3n y el atasque, asoma la hambruna, viene ahora el retroceso hacia la caverna de la mano de la derecha retrechera, demag\u00f3gica, b\u00e9lica y populista.<\/p>\n<p>Lo que sigue es volver a vivir las etapas m\u00e1s negras de este pa\u00eds.<\/p>\n<p>Ojal\u00e1 que no.<\/p>\n<p>\u00bfNo cree usted?<\/p>\n<p><b><i>\u00cdndice Flam\u00edgero<\/i><\/b>: Fueron los villanos de sus tres campa\u00f1as presidenciales. Ahora, los empresarios son \u201clos muchachos chichos de la pel\u00edcula\u201d, de acuerdo a las palabras presidenciales de ayer en \u201cla ma\u00f1anera\u201d. Y es que dijo que el Acuerdo Nacional de Inversi\u00f3n en Infraestructura es muestra de que su Gobierno no est\u00e1 peleado con el sector privado del Pa\u00eds, sino que se mantiene el di\u00e1logo y la colaboraci\u00f3n. \u201cHay una clara, franca manifestaci\u00f3n de apoyo para que juntos logremos sacar adelante a nuestro querido M\u00e9xico, necesitamos la unidad y esta es una expresi\u00f3n de que ustedes como empresarios tienen dimensi\u00f3n c\u00edvica y social\u201d, dijo el Mandatario ante los empresarios invitados a su conferencia en Palacio Nacional. \u201cQuiero dejar en claro que nosotros no tenemos ninguna diferencia, ning\u00fan problema con el sector empresarial, al contrario hemos procurado mantener muy buenas relaciones y agradezco mucho el que los representantes de los empresarios de M\u00e9xico est\u00e9n actuando con mucha responsabilidad\u201d. + + + El Acuerdo firmado contempla 859 mil 22 millones de pesos en 147 proyectos para los pr\u00f3ximos 5 a\u00f1os, como parte de un primer paquete. De ellos 431 mil 318 millones de pesos para 72 obras en 2020; 255 mil 993 millones para 41 obras en 2021 y 2022, y 171 mil 711 millones para 34 proyectos en 2023 y 2024.<\/p>\n<p><em><u><a href=\"http:\/\/www.indicepolitico.com\" target=\"_blank\" rel=\"noopener noreferrer\">www.indicepolitico.com<\/a><br \/>\n<a href=\"mailto:pacorodriguez@journalist.com\" target=\"_blank\" rel=\"noopener noreferrer\">pacorodriguez@journalist.com<\/a><br \/>\n<a href=\"https:\/\/twitter.com\/pacorodriguez\" target=\"_blank\" rel=\"noopener noreferrer\">@pacorodriguez<\/a><\/u><\/em><\/p>\n","protected":false},"excerpt":{"rendered":"<p><span style=\"color: #005497;\"><strong>Francisco Rodr\u00edguez<\/strong><\/span><br \/>\n<br \/>\nLa organizaci\u00f3n, dijo Robert Michels, \u201ces lo que da origen a la dominaci\u00f3n de los elegidos sobre los electores, de los mandatarios sobre los mandantes, de los delegados sobre los delegantes. Toda organizaci\u00f3n, aunque lo simule, tiene mandos verticales\u201d.<\/p>\n","protected":false},"author":1,"featured_media":451609,"comment_status":"open","ping_status":"open","sticky":false,"template":"","format":"standard","meta":{"_monsterinsights_skip_tracking":false,"_monsterinsights_sitenote_active":false,"_monsterinsights_sitenote_note":"","_monsterinsights_sitenote_category":0,"footnotes":""},"categories":[549],"tags":[43689,550,43674],"class_list":["post-451608","post","type-post","status-publish","format-standard","has-post-thumbnail","hentry","category-francisco-rodriguez","tag-francisco-rodriguez","tag-indice-politico","tag-opinion"],"_links":{"self":[{"href":"https:\/\/www.diarioimagen.net\/index.php?rest_route=\/wp\/v2\/posts\/451608","targetHints":{"allow":["GET"]}}],"collection":[{"href":"https:\/\/www.diarioimagen.net\/index.php?rest_route=\/wp\/v2\/posts"}],"about":[{"href":"https:\/\/www.diarioimagen.net\/index.php?rest_route=\/wp\/v2\/types\/post"}],"author":[{"embeddable":true,"href":"https:\/\/www.diarioimagen.net\/index.php?rest_route=\/wp\/v2\/users\/1"}],"replies":[{"embeddable":true,"href":"https:\/\/www.diarioimagen.net\/index.php?rest_route=%2Fwp%2Fv2%2Fcomments&post=451608"}],"version-history":[{"count":0,"href":"https:\/\/www.diarioimagen.net\/index.php?rest_route=\/wp\/v2\/posts\/451608\/revisions"}],"wp:featuredmedia":[{"embeddable":true,"href":"https:\/\/www.diarioimagen.net\/index.php?rest_route=\/wp\/v2\/media\/451609"}],"wp:attachment":[{"href":"https:\/\/www.diarioimagen.net\/index.php?rest_route=%2Fwp%2Fv2%2Fmedia&parent=451608"}],"wp:term":[{"taxonomy":"category","embeddable":true,"href":"https:\/\/www.diarioimagen.net\/index.php?rest_route=%2Fwp%2Fv2%2Fcategories&post=451608"},{"taxonomy":"post_tag","embeddable":true,"href":"https:\/\/www.diarioimagen.net\/index.php?rest_route=%2Fwp%2Fv2%2Ftags&post=451608"}],"curies":[{"name":"wp","href":"https:\/\/api.w.org\/{rel}","templated":true}]}}