{"id":451626,"date":"2019-11-27T00:00:03","date_gmt":"2019-11-27T06:00:03","guid":{"rendered":"https:\/\/www.diarioimagen.net\/?p=451626"},"modified":"2019-11-27T09:02:52","modified_gmt":"2019-11-27T15:02:52","slug":"confrontacion-3","status":"publish","type":"post","link":"https:\/\/www.diarioimagen.net\/?p=451626","title":{"rendered":"Confrontaci\u00f3n"},"content":{"rendered":"<h2>Municiones<\/h2>\n<h5>Mauro Benites G.<\/h5>\n<p>&nbsp;<\/p>\n<p>La Revoluci\u00f3n de 1910 fue iniciada por un hombre tan bueno como valiente, el se\u00f1or Madero. Puso en manos del ejercito porfirista la verdadera fuerza y naturalmente, porque as\u00ed son siempre las cosas del poder, fue asesinado junto con el se\u00f1or Pino Suarez, por un soldado muy eficiente como tal, pero un perfecto b\u00e1rbaro que se hizo con el poder cometiendo todos los abusos y cr\u00edmenes imaginables. Ning\u00fan pa\u00eds pod\u00eda tolerar a un borracho asesino como Presidente. Y fue el se\u00f1or Carranza, que hab\u00eda sido casi 20 a\u00f1os senador porfirista, quien se alz\u00f3 contra Huerta. Los dos principales jefes militares que lo acompa\u00f1aron en su lucha fueron Francisco Villa, un antiguo bandido guerrillero genial, y \u00c1lvaro Obreg\u00f3n, que tenia genio de jefe de guerra. Villa, por supuesto, se alz\u00f3 contra Carranza porque no estaba en su naturaleza acatar disciplina alguna, instituci\u00f3n ninguna. Obreg\u00f3n lo venci\u00f3 en Celaya y se convirti\u00f3 en el \u00eddolo de la Revoluci\u00f3n.<\/p>\n<p>Como todos sabemos, el asesinato contra Carranza dio paso al triunfo de lo que podr\u00edamos llamar el sector medio entre los revolucionarios. Carranza era un conservador, y culpa suya fue no entender el signo de los tiempos. Quiso imponer en la Presidencia a un se\u00f1or Bonilla en contra de m\u00e1s que la opini\u00f3n, el deseo del Ej\u00e9rcito que hab\u00eda vencido a la dictadura, as\u00ed convertida en santuario de Porfirio D\u00edaz, un brillante soldado republicano contra la invasi\u00f3n francesa que se eterniz\u00f3 en el mando. Nadie discute que al principio haya tenido que recurrir a la fuerza, pues ciertos partidos asolaban al pa\u00eds, robando y matando. Con los rurales, D\u00edaz pacific\u00f3 por medio de la fuerza del fusilamiento, a un pueblo bronco, incivilizado, absolutamente inmaduro por la pol\u00edtica. Nuestra gente necesitaba un gran cacique jefe de caciques regionales. Pero Porfirio D\u00edaz se qued\u00f3 30 a\u00f1os en el poder y as\u00ed invalid\u00f3 los servicios que indudablemente le presto al pa\u00eds. Villa y Zapata por un lado, Emiliano no era un bandido, es preciso decirlo, representaron al pueblo analfabeta. Obreg\u00f3n, con Calles, encabezaba la parte media del gran sector triunfante. Carranza quiso realizar un nuevo Porfirismo y fue vencido por el pueblo y sus representantes en el Constituyente de Quer\u00e9taro.<span class=\"Apple-converted-space\">\u00a0<\/span><\/p>\n<p>Se le dej\u00f3 el poder porque los hombres de guerra reconoc\u00edan sus merecimientos, pero cuando quiso imponer a un desconocido, fue a dar al monte y a la muerte, pues Obreg\u00f3n no sab\u00eda perdonar. Obreg\u00f3n impuso a Calles, a costa de la guerra cristera y a la eliminaci\u00f3n de la mayor parte de los generales y luego se reeligi\u00f3 contra toda idea revolucionaria y toda justicia. Al ser asesinado por un fan\u00e1tico. Calles quedo due\u00f1o de la situaci\u00f3n. Manejando las elecciones presidenciales de Portes Gil, Ortiz Rubio y Abelardo L. Rodr\u00edguez. Sin que fuera su favorito, C\u00e1rdenas lleg\u00f3 al poder y empez\u00f3 a llevar a cabo un gobierno reivindicado, reparti\u00f3 la tierra y permiti\u00f3 y alent\u00f3 muchas huelgas. Esto provoc\u00f3 su ruptura con Calles, quien para entonces en 1935 era ya un hombre arrepentido de su juventud revolucionaria. C\u00e1rdenas actu\u00f3 con mucho valor y con una decisi\u00f3n heroica ante los pol\u00edticos, callistas casi todos, y se apoy\u00f3 en el campesino y en el obrero. Se crearon entonces la CNC y la CTM. Siendo el general L\u00e1zaro C\u00e1rdenas del R\u00edo, el \u00faltimo presidente con proyectos y acciones revolucionarias verdaderamente, como la reforma agraria, la expropiaci\u00f3n petrolera, la creaci\u00f3n de la educaci\u00f3n laica y el Instituto Polit\u00e9cnico Nacional, entre otras instituciones. Por lo anterior: L\u00e1zaro C\u00e1rdenas, Presidente de M\u00e9xico, \u00a1Presente!<\/p>\n<p><a href=\"mailto:%20%20mauben625@yahoo.com.mx\" target=\"_blank\" rel=\"noopener noreferrer\"><em>mauben625@yahoo.com.mx<\/em><\/a><\/p>\n","protected":false},"excerpt":{"rendered":"<p><span><span style=\"color: #005497;\"><strong>Mauro Benites G.<\/strong><\/span><\/span><\/p>\n","protected":false},"author":1,"featured_media":0,"comment_status":"open","ping_status":"open","sticky":false,"template":"","format":"standard","meta":{"_monsterinsights_skip_tracking":false,"_monsterinsights_sitenote_active":false,"_monsterinsights_sitenote_note":"","_monsterinsights_sitenote_category":0,"footnotes":""},"categories":[8466],"tags":[43702,27246,43674],"class_list":["post-451626","post","type-post","status-publish","format-standard","hentry","category-mauro-benites-g","tag-mauro-benites-g","tag-municiones","tag-opinion"],"_links":{"self":[{"href":"https:\/\/www.diarioimagen.net\/index.php?rest_route=\/wp\/v2\/posts\/451626","targetHints":{"allow":["GET"]}}],"collection":[{"href":"https:\/\/www.diarioimagen.net\/index.php?rest_route=\/wp\/v2\/posts"}],"about":[{"href":"https:\/\/www.diarioimagen.net\/index.php?rest_route=\/wp\/v2\/types\/post"}],"author":[{"embeddable":true,"href":"https:\/\/www.diarioimagen.net\/index.php?rest_route=\/wp\/v2\/users\/1"}],"replies":[{"embeddable":true,"href":"https:\/\/www.diarioimagen.net\/index.php?rest_route=%2Fwp%2Fv2%2Fcomments&post=451626"}],"version-history":[{"count":0,"href":"https:\/\/www.diarioimagen.net\/index.php?rest_route=\/wp\/v2\/posts\/451626\/revisions"}],"wp:attachment":[{"href":"https:\/\/www.diarioimagen.net\/index.php?rest_route=%2Fwp%2Fv2%2Fmedia&parent=451626"}],"wp:term":[{"taxonomy":"category","embeddable":true,"href":"https:\/\/www.diarioimagen.net\/index.php?rest_route=%2Fwp%2Fv2%2Fcategories&post=451626"},{"taxonomy":"post_tag","embeddable":true,"href":"https:\/\/www.diarioimagen.net\/index.php?rest_route=%2Fwp%2Fv2%2Ftags&post=451626"}],"curies":[{"name":"wp","href":"https:\/\/api.w.org\/{rel}","templated":true}]}}