{"id":451628,"date":"2019-11-27T00:01:52","date_gmt":"2019-11-27T06:01:52","guid":{"rendered":"https:\/\/www.diarioimagen.net\/?p=451628"},"modified":"2019-11-27T09:09:43","modified_gmt":"2019-11-27T15:09:43","slug":"la-nueva-mafia-del-poder-3","status":"publish","type":"post","link":"https:\/\/www.diarioimagen.net\/?p=451628","title":{"rendered":"La nueva mafia del poder"},"content":{"rendered":"<h2>De pe a pa<\/h2>\n<h5>Alberto Vieyra G.<\/h5>\n<p>&nbsp;<\/p>\n<p>Ya lo sab\u00edamos los mexicanos que nos rascamos los bolsillos todos los d\u00edas, pero el INEGI se encargar\u00eda este lunes 25 de noviembre de confirmarnos que la econom\u00eda de M\u00e9xico est\u00e1 en la lona, pues durante los \u00faltimos 9 meses no crece y se mantiene en ceros, y aunque no es la funci\u00f3n de ese organismo aut\u00f3nomo definir si M\u00e9xico est\u00e1 o no en recesi\u00f3n, los sabios dentro y fuera del pa\u00eds no dudan en afirmar que la naci\u00f3n azteca est\u00e1 en R E C E S I \u00d3 N,<span class=\"Apple-converted-space\">\u00a0 <\/span>aunque el r\u00e9gimen de AMLO se empe\u00f1a en seguirle echando la culpa a todo, pues unos dicen que la enfermedad nos llega del extranjero, otros que la econom\u00eda esta estancada y el Presidente que es experto en la simulaci\u00f3n y el enga\u00f1o, se limita a decirnos que \u201cno vamos en camino a la recesi\u00f3n\u201d. En fin, pura habladur\u00eda, puro \u201catolito con el dedo\u201d y nosotros s\u00f3lo sabemos que al pa\u00eds se lo esta llevando la \u201crechintola\u201d.<span class=\"Apple-converted-space\">\u00a0<\/span><\/p>\n<p>Esa econom\u00eda de \u201cchiquitolina\u201d se siente en los bolsillos, la panza y las mesas de millones de mexicanos, incluyendo los ricos que amasan menos fortuna, porque la gente no tiene dinero para comprar y la que compra, lo hace con dinero de pl\u00e1stico, a sabiendas de que m\u00e1s temprano que tarde se habr\u00e1 de declarar insolvente para pagar.<span class=\"Apple-converted-space\">\u00a0<\/span><\/p>\n<p><b>No hay circulante.<\/b> El gobierno socialista-comunista de Andr\u00e9s Manuel L\u00f3pez Obrador no est\u00e1 ejerciendo el Presupuesto como lo mandatan las leyes y en el \u201ccochinito\u201d y el colch\u00f3n presidencial, guarda nuestro dinero p\u00fablico para salvar a Morena en las elecciones federales de 2021, cuando se renovar\u00e1n 14 gubernaturas, 500 diputaciones federales y casi 2 mil diputaciones locales. La consigna presidencial es mantener al precio que sea, la mayor\u00eda morenista en la C\u00e1mara de Diputados, para que L\u00f3pez Obrador siga ejerciendo su poder unipersonal aplastante, despu\u00e9s de haber sometido a los poderes Legislativo y Judicial, as\u00ed como los organismos aut\u00f3nomos como el INE, la Fiscal\u00eda Especial, la CNDH, el INEGI y tal y tal, que representan verdaderos contrapesos para el \u201ctlatoani\u201d de Palacio Nacional.<\/p>\n<p>Pues s\u00ed, cuando el pa\u00eds toca fondo en materia econ\u00f3mica, en el gobierno amlista ya se prendieron los focos rojos, porque la falta de crecimiento econ\u00f3mico se traduce en un galopante desempleo, falta de consumo porque la gente no tiene dinero, galopante inseguridad, pues cientos de j\u00f3venes engrosan las filas de la delincuencia criminal y lo que es peor, no hay inversiones y se espera que para<span class=\"Apple-converted-space\">\u00a0 <\/span>2020 se desplome la recaudaci\u00f3n de impuestos, pues los pobres antes que pagarlos, gastar\u00e1n sus recursos para \u201ccapotear\u201d el hambre.<span class=\"Apple-converted-space\">\u00a0<\/span><\/p>\n<p>A pesar de que AMLO, en reiteradas ocasiones les llam\u00f3 a los empresarios de M\u00e9xico \u201cla minor\u00eda rapaz, que ha robado mucho\u201d, hoy parece ser que empieza a entender que, sin la participaci\u00f3n del empresariado nacional en proyectos de infraestructura para detonar el crecimiento del pa\u00eds, no podr\u00e1 jam\u00e1s sacar al buey de la barranca y recula diciendo: \u201cno tengo ning\u00fan problema con los empresarios\u201d, al momento de anunciar que la IP (iniciativa privada) invertir\u00e1 casi m\u00e1s de 800 mil millones de pesos en 147 proyectos de infraestructura nacional. Sin embargo, los empresarios, como siempre cautelosos y recelosos de un r\u00e9gimen que lleva aceleradamente a la naci\u00f3n azteca al socialismo-comunista, advierten que invertir\u00e1n dicha cantidad de dinero, \u201csiempre y cuando los proyectos gubernamentales sean viables\u201d, es decir donde no vayan a tirar su dinero a la basura, como suele hacerlo AMLO en el caso del Aeropuerto de Texcoco que tir\u00f3 con la mano en la cintura casi 400 mil millones de pesos al basurero.<\/p>\n<p>Claro, que los hombres del dinero no van a dar paso sin huarache y por lo que se refiere a AMLO, ya vio que \u201ccae m\u00e1s f\u00e1cil un hablador que un cojo\u201d, pues ser\u00e1 \u201cla minor\u00eda rapaz que ha robado mucho\u201d la que salve su gobierno, porque hoy est\u00e1n juntos y revueltos para conformar la nueva mafia en el poder. \u00bfEvitar\u00e1n que M\u00e9xico se vaya al abismo?&#8230;<\/p>\n<p><em><a href=\"mailto:info@agenciamn.com\" target=\"_blank\" rel=\"noopener noreferrer\">info@agenciamn.com<\/a><\/em><\/p>\n","protected":false},"excerpt":{"rendered":"<p><span style=\"color: #005497;\"><strong>Alberto Vieyra G.<\/strong><\/span><\/p>\n","protected":false},"author":1,"featured_media":0,"comment_status":"open","ping_status":"open","sticky":false,"template":"","format":"standard","meta":{"_monsterinsights_skip_tracking":false,"_monsterinsights_sitenote_active":false,"_monsterinsights_sitenote_note":"","_monsterinsights_sitenote_category":0,"footnotes":""},"categories":[4596],"tags":[43697,4597,43674],"class_list":["post-451628","post","type-post","status-publish","format-standard","hentry","category-alberto-vieyra-g","tag-alberto-vieyra-g","tag-de-pe-a-pa","tag-opinion"],"_links":{"self":[{"href":"https:\/\/www.diarioimagen.net\/index.php?rest_route=\/wp\/v2\/posts\/451628","targetHints":{"allow":["GET"]}}],"collection":[{"href":"https:\/\/www.diarioimagen.net\/index.php?rest_route=\/wp\/v2\/posts"}],"about":[{"href":"https:\/\/www.diarioimagen.net\/index.php?rest_route=\/wp\/v2\/types\/post"}],"author":[{"embeddable":true,"href":"https:\/\/www.diarioimagen.net\/index.php?rest_route=\/wp\/v2\/users\/1"}],"replies":[{"embeddable":true,"href":"https:\/\/www.diarioimagen.net\/index.php?rest_route=%2Fwp%2Fv2%2Fcomments&post=451628"}],"version-history":[{"count":0,"href":"https:\/\/www.diarioimagen.net\/index.php?rest_route=\/wp\/v2\/posts\/451628\/revisions"}],"wp:attachment":[{"href":"https:\/\/www.diarioimagen.net\/index.php?rest_route=%2Fwp%2Fv2%2Fmedia&parent=451628"}],"wp:term":[{"taxonomy":"category","embeddable":true,"href":"https:\/\/www.diarioimagen.net\/index.php?rest_route=%2Fwp%2Fv2%2Fcategories&post=451628"},{"taxonomy":"post_tag","embeddable":true,"href":"https:\/\/www.diarioimagen.net\/index.php?rest_route=%2Fwp%2Fv2%2Ftags&post=451628"}],"curies":[{"name":"wp","href":"https:\/\/api.w.org\/{rel}","templated":true}]}}