{"id":451630,"date":"2019-11-27T00:00:48","date_gmt":"2019-11-27T06:00:48","guid":{"rendered":"https:\/\/www.diarioimagen.net\/?p=451630"},"modified":"2019-11-27T09:34:52","modified_gmt":"2019-11-27T15:34:52","slug":"el-super-heroe-ebrard-no-puede-con-todo","status":"publish","type":"post","link":"https:\/\/www.diarioimagen.net\/?p=451630","title":{"rendered":"El \u201cs\u00faper h\u00e9roe\u201d Ebrard no puede con todo"},"content":{"rendered":"<h2>La Retaguardia<\/h2>\n<h5>Adriana Moreno Cordero<\/h5>\n<p>&nbsp;<\/p>\n<ul>\n<li><strong><i>Los LeBar\u00f3n exigen coordinaci\u00f3n a M\u00e9xico y EU en combate contra la delincuencia<\/i><\/strong><\/li>\n<\/ul>\n<p>&nbsp;<\/p>\n<p>En el marco de la Glosa del Primer Informe de Gobierno del presidente <b>Andr\u00e9s Manuel L\u00f3pez Obrador<\/b>, el pr\u00f3ximo martes se presentar\u00e1 a comparecer en el Senado de la Rep\u00fablica, el secretario de Relaciones, <b>Marcelo Ebrard Casaub\u00f3n<\/b> y evidentemente las atenciones no estar\u00e1n solamente concentradas en la pol\u00edtica exterior mexicana en esta llamada Cuarta Transformaci\u00f3n, sino m\u00e1s bien, en lo que ser\u00e1 el futuro del canciller para 2024, aunque ahora no pueda con todos los asuntos que se le han encomendado.<\/p>\n<p>Y es que para nadie resulta extra\u00f1o que desde hace alg\u00fan tiempo, al Presidente le ha dado por placear en uno y otro lado a Ebrard Casaub\u00f3n, que es quien hace los viajes internacionales, porque el Ejecutivo, al parecer, ya no puede estar tantas horas en el avi\u00f3n.<\/p>\n<p>Lo anterior, le ha ca\u00eddo al titular de la SRE \u201cde perlas\u201d, pues eso le ha permitido codearse con jefes de Estado, cosa que el Presidente no puede hacer, en parte tambi\u00e9n porque le causa una sensaci\u00f3n de temor el no poder estar a la altura de los estadistas mundiales.<\/p>\n<p>No ha transcurrido tanto tiempo desde que L\u00f3pez Obrador le pas\u00f3 la estafeta de pr\u00e1cticamente todos los asuntos a su canciller, que es tan solo unos a\u00f1os m\u00e1s joven que \u00e9l. Lo ha perfilado como \u201cel s\u00faper h\u00e9roe\u201d de esta llamada Cuarta Transformaci\u00f3n.<\/p>\n<p>As\u00ed que, en lo que ser\u00e1 su comparecencia en la C\u00e1mara alta, seguramente temas para hablar, los tendr\u00e1 y much\u00edsimos. Haciendo un poco de memoria, cuando hubo que ir a negociar a Estados Unidos que el presidente <b>Donald Trump<\/b> frenara sus intenciones de imponer aranceles a M\u00e9xico por permitir de manera tan laxa el paso de migrantes centroamericanos al vecino pa\u00eds del norte; la delegaci\u00f3n la encabezaba \u00e9l.<\/p>\n<p>Posteriormente, cuando se registr\u00f3 la matanza en El Paso, Texas, quien tom\u00f3 el asunto en sus manos por instrucci\u00f3n presidencial, fue Marcelo Ebrard y hasta se \u201cavent\u00f3\u201d a declarar que pedir\u00eda la extradici\u00f3n de <b>Patrick Crusiuss<\/b>, el joven que perpetr\u00f3 ese crimen, a nuestro pa\u00eds para que fuera juzgado aqu\u00ed.<\/p>\n<p>Sin embargo, con el asunto que no ha podido y que el presidente tambi\u00e9n le encomend\u00f3, es con el de la matanza de que fue objeto la familia LeBar\u00f3n. Ayer, el vocero de la SRE, <b>Roberto Velasco \u00c1lvarez<\/b>, dio a conocer las \u00faltimas declaraciones de Trump en relaci\u00f3n a considerar a los c\u00e1rteles del crimen organizado como grupos terroristas, ese es el \u00faltimo asunto que el flamante canciller tiene en sus manos y no podr\u00e1 impedir que el inquilino de la Casa Blanca declare terroristas a los c\u00e1rteles mexicanos.<\/p>\n<p>Con la posici\u00f3n de Trump, se sabe ahora que lo que diga el presidente L\u00f3pez Obrador en eso de que el vecino pa\u00eds del norte tiene que respetar la pol\u00edtica interna de M\u00e9xico, le viene absolutamente \u201cguango\u201d. A ver con qu\u00e9 sale el tabasque\u00f1o hoy, en la gustad\u00edsima conferencia de prensa ma\u00f1anera.<\/p>\n<p>La familia LeBar\u00f3n present\u00f3 esta petici\u00f3n ante la Casa Blanca porque en M\u00e9xico, las autoridades andan m\u00e1s perdidas que un n\u00e1ufrago y a la fecha, no han hecho nada al respecto, por ello, los LeBar\u00f3n consideran que el gobierno mexicano no tiene la capacidad, ni la inteligencia, ni la voluntad para enfrentar a la delincuencia organizada.<\/p>\n<p>De manera tradicional, los gobiernos mexicanos se han opuesto a esta declaraci\u00f3n que est\u00e1 a punto de hacer Trump, ya que eso involucrar\u00eda en nuestro pa\u00eds a la DEA, el FBI y dem\u00e1s agencias norteamericanas, am\u00e9n de que se refuerza la idea de que M\u00e9xico es un \u201cEstado fallido\u201d. <span class=\"Apple-converted-space\">\u00a0<\/span><\/p>\n<p>Por \u201clas benditas redes\u201d, <b>Alex LeBar\u00f3n<\/b> se\u00f1al\u00f3: \u201cno abogamos por \u2018invasi\u00f3n\u2019, ya estamos invadidos por c\u00e1rteles terroristas en territorio mexicano\u2026 EXIGIMOS Coordinaci\u00f3n REAL entre ambos pa\u00edses!&#8230; ambos pa\u00edses son responsables del tr\u00e1fico de drogas, armas, dinero y consumo en ascenso\u201d<\/p>\n<p style=\"text-align: center;\"><b>Municiones<\/b><\/p>\n<p>*** Durante su participaci\u00f3n en la presentaci\u00f3n del\u00a0Plan de Infraestructura que anunci\u00f3 el presidente L\u00f3pez Obrador,\u00a0<b>Luis Ni\u00f1o de Rivera,\u00a0<\/b>Presidente de la Asociaci\u00f3n de Bancos de M\u00e9xico (ABM)\u00a0se\u00f1al\u00f3 que \u201clos recursos adicionales que hay en la banca internacional y en los fondos internacionales, que han manifestado con toda claridad su inter\u00e9s en venir a invertir a M\u00e9xico, nos permiten asegurar, no s\u00f3lo el financiamiento de estos 859 mil millones en los pr\u00f3ximos cinco a\u00f1os, sino todos los paquetes de inversi\u00f3n adicional en infraestructura que tiene la iniciativa privada y tambi\u00e9n seguir apoyando las inversiones que har\u00e1 el sector p\u00fablico en los temas de infraestructura\u201d. Para financiar el crecimiento y estos programas, que son 859 mil millones de pesos, precis\u00f3 Ni\u00f1o de Rivera: \u201cdisponemos no s\u00f3lo de los 600 mil millones que tiene la banca, de los cuales puede invertir, si somos consistentes con lo que ha sucedido en el pasado, que es el 14 por ciento de ese dinero, tenemos aproximadamente 84 mil millones de pesos disponibles por a\u00f1o\u201d. Las Afores cuentan con<span class=\"Apple-converted-space\">\u00a0 <\/span>3.9 billones de pesos captados y \u00fanicamente invierten el d\u00eda de hoy el 4% de ese dinero en infraestructura. Si nosotros aumentamos un 1% de ese dinero anualmente, vamos a tener 39 mil millones anualmente para invertir y los fondos de inversi\u00f3n privados en M\u00e9xico que tienen 2.6 billones de pesos ser\u00edan otros 26 mil millones de pesos adicionales, As\u00ed que recursos en M\u00e9xico e internacionales hay suficientes para cumplir con este primer paquete y con los dem\u00e1s que tengamos en el futuro\u201d, apunt\u00f3 Luis Ni\u00f1o de Rivera.<span class=\"Apple-converted-space\">\u00a0<\/span><\/p>\n<p>*** El diputado federal del PVEM, <b>Ricardo Gallardo<\/b> afirm\u00f3 que el Plan Nacional de Infraestructura es una muestra de la confianza de los empresarios al proyecto econ\u00f3mico del Gobierno de la Rep\u00fablica, por lo que hay que dar tiempo para ver sus resultados. Asever\u00f3 que este es un ejemplo de trabajo por el bien de M\u00e9xico, por encima de diferencias de cualquier tipo, pues la iniciativa privada est\u00e1 manifestando su inter\u00e9s de invertir y activar la econom\u00eda nacional.\u00a0El legislador potosino agreg\u00f3 que esto tambi\u00e9n deja claro que hay que evitar emitir juicios por adelantado, como se est\u00e1 generando con las versiones encontradas sobre la recesi\u00f3n econ\u00f3mica. \u201cHay que\u00a0 tener confianza, vivimos una nueva forma de hacer pol\u00edtica, pues es parte de un cambio de r\u00e9gimen y, en lugar de confrontar, deber ser motivo para que todos trabajemos unidos y contribuir al crecimiento y desarrollo de M\u00e9xico\u201d. Hay que recordar que\u00a0el Plan Nacional de Infraestructura plantea, en una primera etapa, 147 proyectos con una inversi\u00f3n de m\u00e1s de 859 mil millones de pesos, por lo que el diputado subray\u00f3 que hay que esperar su desarrollo y, en su momento, hacer una evaluaci\u00f3n seria de sus resultados.\u00a0El diputado Gallardo subray\u00f3 que otro s\u00edntoma de confianza en M\u00e9xico para invertir es que, durante los primeros nueve meses de este a\u00f1o, se captaron 26 mil millones de d\u00f3lares de Inversi\u00f3n Extranjera Directa, que representan un crecimiento de 7.8 por respecto al a\u00f1o pasado, de acuerdo con la Secretar\u00eda de Econom\u00eda.<span class=\"Apple-converted-space\">\u00a0<\/span><\/p>\n<p><a href=\"mailto:morcora@gmail.com\" target=\"_blank\" rel=\"noopener noreferrer\"><em>morcora@gmail.com<\/em><\/a><\/p>\n","protected":false},"excerpt":{"rendered":"<p><span style=\"color: #005497;\"><strong>Adriana Moreno Cordero<\/strong><\/span><\/p>\n","protected":false},"author":1,"featured_media":0,"comment_status":"open","ping_status":"open","sticky":false,"template":"","format":"standard","meta":{"_monsterinsights_skip_tracking":false,"_monsterinsights_sitenote_active":false,"_monsterinsights_sitenote_note":"","_monsterinsights_sitenote_category":0,"footnotes":""},"categories":[69370],"tags":[43674],"class_list":["post-451630","post","type-post","status-publish","format-standard","hentry","category-adriana-moreno-cordero","tag-opinion"],"_links":{"self":[{"href":"https:\/\/www.diarioimagen.net\/index.php?rest_route=\/wp\/v2\/posts\/451630","targetHints":{"allow":["GET"]}}],"collection":[{"href":"https:\/\/www.diarioimagen.net\/index.php?rest_route=\/wp\/v2\/posts"}],"about":[{"href":"https:\/\/www.diarioimagen.net\/index.php?rest_route=\/wp\/v2\/types\/post"}],"author":[{"embeddable":true,"href":"https:\/\/www.diarioimagen.net\/index.php?rest_route=\/wp\/v2\/users\/1"}],"replies":[{"embeddable":true,"href":"https:\/\/www.diarioimagen.net\/index.php?rest_route=%2Fwp%2Fv2%2Fcomments&post=451630"}],"version-history":[{"count":0,"href":"https:\/\/www.diarioimagen.net\/index.php?rest_route=\/wp\/v2\/posts\/451630\/revisions"}],"wp:attachment":[{"href":"https:\/\/www.diarioimagen.net\/index.php?rest_route=%2Fwp%2Fv2%2Fmedia&parent=451630"}],"wp:term":[{"taxonomy":"category","embeddable":true,"href":"https:\/\/www.diarioimagen.net\/index.php?rest_route=%2Fwp%2Fv2%2Fcategories&post=451630"},{"taxonomy":"post_tag","embeddable":true,"href":"https:\/\/www.diarioimagen.net\/index.php?rest_route=%2Fwp%2Fv2%2Ftags&post=451630"}],"curies":[{"name":"wp","href":"https:\/\/api.w.org\/{rel}","templated":true}]}}