{"id":451647,"date":"2019-11-28T00:07:12","date_gmt":"2019-11-28T06:07:12","guid":{"rendered":"https:\/\/www.diarioimagen.net\/?p=451647"},"modified":"2019-11-28T06:02:00","modified_gmt":"2019-11-28T12:02:00","slug":"entrega-amlo-premios-nacionales-del-deporte-y-al-merito-deportivo","status":"publish","type":"post","link":"https:\/\/www.diarioimagen.net\/?p=451647","title":{"rendered":"Entrega AMLO premios nacionales del Deporte y al M\u00e9rito Deportivo"},"content":{"rendered":"<h2 style=\"text-align: center;\">Fotos: Gustavo Camacho Olivares<\/h2>\n<p>&nbsp;<\/p>\n<ul>\n<li><strong><em>Alexa Moreno pide al mandatario seguir apoyando a talentos mexicanos<\/em><\/strong><\/li>\n<\/ul>\n<p>&nbsp;<\/p>\n<p><a href=\"https:\/\/www.diarioimagen.net\/?attachment_id=451820\" rel=\"attachment wp-att-451820\"><img loading=\"lazy\" decoding=\"async\" class=\"aligncenter size-large wp-image-451820\" src=\"https:\/\/www.diarioimagen.net\/wp-content\/uploads\/2019\/11\/10-460x231.jpg\" alt=\"\" width=\"460\" height=\"231\" srcset=\"https:\/\/www.diarioimagen.net\/wp-content\/uploads\/2019\/11\/10-460x231.jpg 460w, https:\/\/www.diarioimagen.net\/wp-content\/uploads\/2019\/11\/10-240x121.jpg 240w, https:\/\/www.diarioimagen.net\/wp-content\/uploads\/2019\/11\/10.jpg 700w\" sizes=\"auto, (max-width: 460px) 100vw, 460px\" \/><\/a><\/p>\n<p>&nbsp;<\/p>\n<p>El presidente Andr\u00e9s Manuel L\u00f3pez Obrador y la titular de la Comisi\u00f3n Nacional de Cultura F\u00edsica y Deporte (Conade), Ana Gabriela Guevara Espinoza, entregaron los premios nacionales del Deporte y al M\u00e9rito Deportivo 2019.<\/p>\n<p>Despu\u00e9s de entregar las medallas y los diplomas, L\u00f3pez Obrador felicit\u00f3 a los ganadores y dijo \u201cque pinta bien la participaci\u00f3n de M\u00e9xico en la Olimpiada de Jap\u00f3n\u201d y celebr\u00f3 el pase que tambi\u00e9n obtuvo el equipo de softball femenil y de beisbol masculino.<\/p>\n<p>Indic\u00f3 que se garantizar\u00e1 el apoyo a los deportistas mediante lo que se obtenga de los bienes decomisados a la delincuencia.<\/p>\n<p>En el Sal\u00f3n Tesorer\u00eda donde se realiz\u00f3 la ceremonia de premiaci\u00f3n, la distinci\u00f3n del Premio Nacional del Deporte fue para Diego L\u00f3pez D\u00edaz, en la modalidad Paral\u00edmpico; para C\u00e9sar Fernando Valenzuela G\u00f3mez, en su modalidad Juez\/\u00c1rbitro y para Alfonso Victoria Espinosa de los Monteros, como entrenador.<\/p>\n<p>Adem\u00e1s, galardon\u00f3 a la gimnasta Alexa Citlali Moreno Medina, en su modalidad no profesional, la deportista clasificada a los Juegos Ol\u00edmpicos de Tokio 2020 en la gimnasia art\u00edstica.<\/p>\n<p>Al tomar la palabra Moreno Medina asegur\u00f3 que fue un honor recibir el reconocimiento y agradeci\u00f3 el apoyo de las personas que la han acompa\u00f1ado en su carrera profesional como su familia, entrenadores y amigos y pidi\u00f3 continuar con el apoyo para los \u201ctalentos mexicanos\u201d.<\/p>\n<p>En la ceremonia tambi\u00e9n se entreg\u00f3 a V\u00edctor Eduardo Tello Pecina el Premio Nacional al Fomento Deportivo y a la clavadista Paola Espinosa S\u00e1nchez el Premio Nacional al M\u00e9rito Deportivo por trayectoria destacada.<\/p>\n<p>&nbsp;<\/p>\n<p><a href=\"https:\/\/www.diarioimagen.net\/?attachment_id=451821\" rel=\"attachment wp-att-451821\"><img loading=\"lazy\" decoding=\"async\" class=\"aligncenter size-large wp-image-451821\" src=\"https:\/\/www.diarioimagen.net\/wp-content\/uploads\/2019\/11\/1-460x269.jpg\" alt=\"\" width=\"460\" height=\"269\" srcset=\"https:\/\/www.diarioimagen.net\/wp-content\/uploads\/2019\/11\/1-460x269.jpg 460w, https:\/\/www.diarioimagen.net\/wp-content\/uploads\/2019\/11\/1-240x141.jpg 240w, https:\/\/www.diarioimagen.net\/wp-content\/uploads\/2019\/11\/1.jpg 700w\" sizes=\"auto, (max-width: 460px) 100vw, 460px\" \/><\/a> <a href=\"https:\/\/www.diarioimagen.net\/?attachment_id=451822\" rel=\"attachment wp-att-451822\"><img loading=\"lazy\" decoding=\"async\" class=\"aligncenter size-large wp-image-451822\" src=\"https:\/\/www.diarioimagen.net\/wp-content\/uploads\/2019\/11\/2-460x353.jpg\" alt=\"\" width=\"460\" height=\"353\" srcset=\"https:\/\/www.diarioimagen.net\/wp-content\/uploads\/2019\/11\/2-460x353.jpg 460w, https:\/\/www.diarioimagen.net\/wp-content\/uploads\/2019\/11\/2-240x184.jpg 240w, https:\/\/www.diarioimagen.net\/wp-content\/uploads\/2019\/11\/2.jpg 700w\" sizes=\"auto, (max-width: 460px) 100vw, 460px\" \/><\/a> <a href=\"https:\/\/www.diarioimagen.net\/?attachment_id=451823\" rel=\"attachment wp-att-451823\"><img loading=\"lazy\" decoding=\"async\" class=\"aligncenter size-large wp-image-451823\" src=\"https:\/\/www.diarioimagen.net\/wp-content\/uploads\/2019\/11\/3-460x267.jpg\" alt=\"\" width=\"460\" height=\"267\" srcset=\"https:\/\/www.diarioimagen.net\/wp-content\/uploads\/2019\/11\/3-460x267.jpg 460w, https:\/\/www.diarioimagen.net\/wp-content\/uploads\/2019\/11\/3-240x139.jpg 240w, https:\/\/www.diarioimagen.net\/wp-content\/uploads\/2019\/11\/3.jpg 700w\" sizes=\"auto, (max-width: 460px) 100vw, 460px\" \/><\/a> <a href=\"https:\/\/www.diarioimagen.net\/?attachment_id=451824\" rel=\"attachment wp-att-451824\"><img loading=\"lazy\" decoding=\"async\" class=\"aligncenter size-large wp-image-451824\" src=\"https:\/\/www.diarioimagen.net\/wp-content\/uploads\/2019\/11\/4-460x310.jpg\" alt=\"\" width=\"460\" height=\"310\" srcset=\"https:\/\/www.diarioimagen.net\/wp-content\/uploads\/2019\/11\/4-460x310.jpg 460w, https:\/\/www.diarioimagen.net\/wp-content\/uploads\/2019\/11\/4-240x161.jpg 240w, https:\/\/www.diarioimagen.net\/wp-content\/uploads\/2019\/11\/4.jpg 700w\" sizes=\"auto, (max-width: 460px) 100vw, 460px\" \/><\/a> <a href=\"https:\/\/www.diarioimagen.net\/?attachment_id=451825\" rel=\"attachment wp-att-451825\"><img loading=\"lazy\" decoding=\"async\" class=\"aligncenter size-large wp-image-451825\" src=\"https:\/\/www.diarioimagen.net\/wp-content\/uploads\/2019\/11\/5-460x260.jpg\" alt=\"\" width=\"460\" height=\"260\" srcset=\"https:\/\/www.diarioimagen.net\/wp-content\/uploads\/2019\/11\/5-460x260.jpg 460w, https:\/\/www.diarioimagen.net\/wp-content\/uploads\/2019\/11\/5-240x136.jpg 240w, https:\/\/www.diarioimagen.net\/wp-content\/uploads\/2019\/11\/5-480x270.jpg 480w, https:\/\/www.diarioimagen.net\/wp-content\/uploads\/2019\/11\/5-235x132.jpg 235w, https:\/\/www.diarioimagen.net\/wp-content\/uploads\/2019\/11\/5-202x114.jpg 202w, https:\/\/www.diarioimagen.net\/wp-content\/uploads\/2019\/11\/5-220x123.jpg 220w, https:\/\/www.diarioimagen.net\/wp-content\/uploads\/2019\/11\/5.jpg 700w\" sizes=\"auto, (max-width: 460px) 100vw, 460px\" \/><\/a> <a href=\"https:\/\/www.diarioimagen.net\/?attachment_id=451826\" rel=\"attachment wp-att-451826\"><img loading=\"lazy\" decoding=\"async\" class=\"aligncenter size-large wp-image-451826\" src=\"https:\/\/www.diarioimagen.net\/wp-content\/uploads\/2019\/11\/6-460x275.jpg\" alt=\"\" width=\"460\" height=\"275\" srcset=\"https:\/\/www.diarioimagen.net\/wp-content\/uploads\/2019\/11\/6-460x275.jpg 460w, https:\/\/www.diarioimagen.net\/wp-content\/uploads\/2019\/11\/6-240x144.jpg 240w, https:\/\/www.diarioimagen.net\/wp-content\/uploads\/2019\/11\/6.jpg 700w\" sizes=\"auto, (max-width: 460px) 100vw, 460px\" \/><\/a> <a href=\"https:\/\/www.diarioimagen.net\/?attachment_id=451827\" rel=\"attachment wp-att-451827\"><img loading=\"lazy\" decoding=\"async\" class=\"aligncenter size-large wp-image-451827\" src=\"https:\/\/www.diarioimagen.net\/wp-content\/uploads\/2019\/11\/7-460x305.jpg\" alt=\"\" width=\"460\" height=\"305\" srcset=\"https:\/\/www.diarioimagen.net\/wp-content\/uploads\/2019\/11\/7-460x305.jpg 460w, https:\/\/www.diarioimagen.net\/wp-content\/uploads\/2019\/11\/7-240x159.jpg 240w, https:\/\/www.diarioimagen.net\/wp-content\/uploads\/2019\/11\/7.jpg 700w\" sizes=\"auto, (max-width: 460px) 100vw, 460px\" \/><\/a> <a href=\"https:\/\/www.diarioimagen.net\/?attachment_id=451828\" rel=\"attachment wp-att-451828\"><img loading=\"lazy\" decoding=\"async\" class=\"aligncenter size-large wp-image-451828\" src=\"https:\/\/www.diarioimagen.net\/wp-content\/uploads\/2019\/11\/8-460x258.jpg\" alt=\"\" width=\"460\" height=\"258\" srcset=\"https:\/\/www.diarioimagen.net\/wp-content\/uploads\/2019\/11\/8-460x258.jpg 460w, https:\/\/www.diarioimagen.net\/wp-content\/uploads\/2019\/11\/8-240x135.jpg 240w, https:\/\/www.diarioimagen.net\/wp-content\/uploads\/2019\/11\/8-480x270.jpg 480w, https:\/\/www.diarioimagen.net\/wp-content\/uploads\/2019\/11\/8-235x132.jpg 235w, https:\/\/www.diarioimagen.net\/wp-content\/uploads\/2019\/11\/8-202x114.jpg 202w, https:\/\/www.diarioimagen.net\/wp-content\/uploads\/2019\/11\/8-350x196.jpg 350w, https:\/\/www.diarioimagen.net\/wp-content\/uploads\/2019\/11\/8-220x123.jpg 220w, https:\/\/www.diarioimagen.net\/wp-content\/uploads\/2019\/11\/8-237x132.jpg 237w, https:\/\/www.diarioimagen.net\/wp-content\/uploads\/2019\/11\/8.jpg 700w\" sizes=\"auto, (max-width: 460px) 100vw, 460px\" \/><\/a> <a href=\"https:\/\/www.diarioimagen.net\/?attachment_id=451829\" rel=\"attachment wp-att-451829\"><img loading=\"lazy\" decoding=\"async\" class=\"aligncenter size-large wp-image-451829\" src=\"https:\/\/www.diarioimagen.net\/wp-content\/uploads\/2019\/11\/9-460x221.jpg\" alt=\"\" width=\"460\" height=\"221\" srcset=\"https:\/\/www.diarioimagen.net\/wp-content\/uploads\/2019\/11\/9-460x221.jpg 460w, https:\/\/www.diarioimagen.net\/wp-content\/uploads\/2019\/11\/9-240x116.jpg 240w, https:\/\/www.diarioimagen.net\/wp-content\/uploads\/2019\/11\/9.jpg 700w\" sizes=\"auto, (max-width: 460px) 100vw, 460px\" \/><\/a> <a href=\"https:\/\/www.diarioimagen.net\/?attachment_id=451830\" rel=\"attachment wp-att-451830\"><img loading=\"lazy\" decoding=\"async\" class=\"aligncenter size-large wp-image-451830\" src=\"https:\/\/www.diarioimagen.net\/wp-content\/uploads\/2019\/11\/11-460x357.jpg\" alt=\"\" width=\"460\" height=\"357\" srcset=\"https:\/\/www.diarioimagen.net\/wp-content\/uploads\/2019\/11\/11-460x357.jpg 460w, https:\/\/www.diarioimagen.net\/wp-content\/uploads\/2019\/11\/11-240x187.jpg 240w, https:\/\/www.diarioimagen.net\/wp-content\/uploads\/2019\/11\/11.jpg 700w\" sizes=\"auto, (max-width: 460px) 100vw, 460px\" \/><\/a> <a href=\"https:\/\/www.diarioimagen.net\/?attachment_id=451831\" rel=\"attachment wp-att-451831\"><img loading=\"lazy\" decoding=\"async\" class=\"aligncenter size-large wp-image-451831\" src=\"https:\/\/www.diarioimagen.net\/wp-content\/uploads\/2019\/11\/12-460x294.jpg\" alt=\"\" width=\"460\" height=\"294\" srcset=\"https:\/\/www.diarioimagen.net\/wp-content\/uploads\/2019\/11\/12-460x294.jpg 460w, https:\/\/www.diarioimagen.net\/wp-content\/uploads\/2019\/11\/12-240x154.jpg 240w, https:\/\/www.diarioimagen.net\/wp-content\/uploads\/2019\/11\/12.jpg 700w\" sizes=\"auto, (max-width: 460px) 100vw, 460px\" \/><\/a><\/p>\n","protected":false},"excerpt":{"rendered":"<p>El presidente Andr\u00e9s Manuel L\u00f3pez Obrador y la titular de la Comisi\u00f3n Nacional de Cultura F\u00edsica y Deporte (Conade), Ana Gabriela Guevara Espinoza, entregaron los premios nacionales del Deporte y al M\u00e9rito Deportivo 2019.<\/p>\n","protected":false},"author":5,"featured_media":451820,"comment_status":"open","ping_status":"open","sticky":false,"template":"","format":"standard","meta":{"_monsterinsights_skip_tracking":false,"_monsterinsights_sitenote_active":false,"_monsterinsights_sitenote_note":"","_monsterinsights_sitenote_category":0,"footnotes":""},"categories":[3],"tags":[88878,1352,4389,4390,88877,22547],"class_list":["post-451647","post","type-post","status-publish","format-standard","has-post-thumbnail","hentry","category-nacional","tag-ana-gabriela-guevara-espinoza","tag-andres-manuel-lopez-obrador","tag-comision-nacional-de-cultura-fisica-y-deporte","tag-conade","tag-deporte-y-al-merito-deportivo","tag-premio"],"_links":{"self":[{"href":"https:\/\/www.diarioimagen.net\/index.php?rest_route=\/wp\/v2\/posts\/451647","targetHints":{"allow":["GET"]}}],"collection":[{"href":"https:\/\/www.diarioimagen.net\/index.php?rest_route=\/wp\/v2\/posts"}],"about":[{"href":"https:\/\/www.diarioimagen.net\/index.php?rest_route=\/wp\/v2\/types\/post"}],"author":[{"embeddable":true,"href":"https:\/\/www.diarioimagen.net\/index.php?rest_route=\/wp\/v2\/users\/5"}],"replies":[{"embeddable":true,"href":"https:\/\/www.diarioimagen.net\/index.php?rest_route=%2Fwp%2Fv2%2Fcomments&post=451647"}],"version-history":[{"count":0,"href":"https:\/\/www.diarioimagen.net\/index.php?rest_route=\/wp\/v2\/posts\/451647\/revisions"}],"wp:featuredmedia":[{"embeddable":true,"href":"https:\/\/www.diarioimagen.net\/index.php?rest_route=\/wp\/v2\/media\/451820"}],"wp:attachment":[{"href":"https:\/\/www.diarioimagen.net\/index.php?rest_route=%2Fwp%2Fv2%2Fmedia&parent=451647"}],"wp:term":[{"taxonomy":"category","embeddable":true,"href":"https:\/\/www.diarioimagen.net\/index.php?rest_route=%2Fwp%2Fv2%2Fcategories&post=451647"},{"taxonomy":"post_tag","embeddable":true,"href":"https:\/\/www.diarioimagen.net\/index.php?rest_route=%2Fwp%2Fv2%2Ftags&post=451647"}],"curies":[{"name":"wp","href":"https:\/\/api.w.org\/{rel}","templated":true}]}}