{"id":451689,"date":"2019-11-28T00:01:20","date_gmt":"2019-11-28T06:01:20","guid":{"rendered":"https:\/\/www.diarioimagen.net\/?p=451689"},"modified":"2019-11-28T05:08:35","modified_gmt":"2019-11-28T11:08:35","slug":"educacion-mejor-inversion-para-pacificar-el-pais-alfredo-barrera","status":"publish","type":"post","link":"https:\/\/www.diarioimagen.net\/?p=451689","title":{"rendered":"Educaci\u00f3n, mejor inversi\u00f3n para pacificar el pa\u00eds: Alfredo Barrera"},"content":{"rendered":"<ul>\n<li><strong><em>Se espera un 2020 de enormes desaf\u00edos<\/em><\/strong><\/li>\n<\/ul>\n<p>&nbsp;<\/p>\n<div id=\"attachment_451786\" style=\"width: 470px\" class=\"wp-caption aligncenter\"><a href=\"https:\/\/www.diarioimagen.net\/?attachment_id=451786\" rel=\"attachment wp-att-451786\"><img loading=\"lazy\" decoding=\"async\" aria-describedby=\"caption-attachment-451786\" class=\"size-large wp-image-451786\" src=\"https:\/\/www.diarioimagen.net\/wp-content\/uploads\/2019\/11\/UAEM-28-460x259.jpg\" alt=\"\" width=\"460\" height=\"259\" srcset=\"https:\/\/www.diarioimagen.net\/wp-content\/uploads\/2019\/11\/UAEM-28-460x259.jpg 460w, https:\/\/www.diarioimagen.net\/wp-content\/uploads\/2019\/11\/UAEM-28-240x135.jpg 240w, https:\/\/www.diarioimagen.net\/wp-content\/uploads\/2019\/11\/UAEM-28-235x132.jpg 235w, https:\/\/www.diarioimagen.net\/wp-content\/uploads\/2019\/11\/UAEM-28-202x114.jpg 202w, https:\/\/www.diarioimagen.net\/wp-content\/uploads\/2019\/11\/UAEM-28-350x196.jpg 350w, https:\/\/www.diarioimagen.net\/wp-content\/uploads\/2019\/11\/UAEM-28-220x123.jpg 220w, https:\/\/www.diarioimagen.net\/wp-content\/uploads\/2019\/11\/UAEM-28-237x132.jpg 237w, https:\/\/www.diarioimagen.net\/wp-content\/uploads\/2019\/11\/UAEM-28.jpg 480w\" sizes=\"auto, (max-width: 460px) 100vw, 460px\" \/><\/a><p id=\"caption-attachment-451786\" class=\"wp-caption-text\">El rector de la UAEM. \u00a0Alfredo Barrera Baca, encabez\u00f3 el primer informe de actividades de la secretaria general de la Federaci\u00f3n de Asociaciones Aut\u00f3nomas de Personal Acad\u00e9mico de la UAEM, Gilda Gonz\u00e1lez Villase\u00f1or.<\/p><\/div>\n<p>&nbsp;<\/p>\n<p><strong>Toluca, Estado de M\u00e9xico<\/strong>.\u2013 La comunidad de la Universidad Aut\u00f3noma del Estado de M\u00e9xico espera un 2020 de enormes desaf\u00edos que la obligar\u00e1n a mantener la disciplina en el gasto y la racionalidad en la administraci\u00f3n de todo tipo de recursos, sostuvo el rector Alfredo Barrera Baca.<\/p>\n<p>Al encabezar el primer informe de actividades de la secretaria general de la Federaci\u00f3n de Asociaciones Aut\u00f3nomas de Personal Acad\u00e9mico de la UAEM (FAAPAUAEM), Gilda Gonz\u00e1lez Villase\u00f1or, el rector pidi\u00f3 a los universitarios ver esta situaci\u00f3n como una gran oportunidad para, en pleno ejercicio de la autonom\u00eda institucional, desarrollar \u201clo que nos sobra: imaginaci\u00f3n, inteligencia y resiliencia para autogenerar recursos y buscar apoyos a trav\u00e9s de convenios de investigaci\u00f3n y capacitaci\u00f3n\u201d.<\/p>\n<p>\u201cNo queremos m\u00e1s presupuesto para dilapidarlo en proyecto de relumbr\u00f3n y s\u00ed para formar mexicanos y profesionistas pertinentemente preparados para seguir produciendo conocimiento \u00fatil para el pa\u00eds y la humanidad, lo cual implica contar con docentes dignamente remunerados y con instrumentos que apoyen su trabajo acad\u00e9mico y cient\u00edfico\u201d.<\/p>\n<p>En el Aula Magna \u201cLic. Adolfo L\u00f3pez Mateos\u201d del Edificio de Rector\u00eda, indic\u00f3 que ante las necesidades nacionales, que son apabullantes, la austeridad lleg\u00f3 para quedarse y debe ejercerse un gasto absolutamente racional, sobre todo si se considera que en t\u00e9rminos reales, el Presupuesto de Egresos de la Federaci\u00f3n 2020 para el sector educativo present\u00f3 un decremento de casi un punto porcentual.<\/p>\n<p>En tanto, puntualiz\u00f3, en el escenario estatal se estima tambi\u00e9n una disminuci\u00f3n en el subsidio para la UAEM, ya que la propuesta que hasta este momento se ha dado conocer plantea la misma cantidad de recursos que se otorg\u00f3 en 2019.<\/p>\n<p>\u201cSabemos que los gobiernos de M\u00e9xico y nuestra entidad buscan llevar a cabo un gasto responsable que los aleje de din\u00e1micas de endeudamiento o inflacionarias y, por ello, debemos convencerlos de que el llamado gasto educativo no es tal, pues la educaci\u00f3n es la mejor inversi\u00f3n que se puede hacer para pacificar el pa\u00eds\u201d, asever\u00f3 Alfredo Barrera Baca.<\/p>\n<p>En su oportunidad, Gilda Gonz\u00e1lez Villase\u00f1or destac\u00f3 los 163 nombramientos de definitividad y que la negociaci\u00f3n salarial 2019 y contractual 2019-2020 benefici\u00f3 a los seis mil 615 docentes afiliados a la FAAPAUAEM.<\/p>\n<p>Tambi\u00e9n dio cuenta de la erogaci\u00f3n de cinco millones 238 mil 372 pesos en la entrega de 28 mil 769 implementos de trabajo a personal acad\u00e9mico; la entrega de est\u00edmulos a docentes con 25 y 30 a\u00f1os de servicio en la UAEM, las distintas prestaciones a las que pueden acceder los acad\u00e9micos para mejorar su formaci\u00f3n, as\u00ed como actividades culturales, deportivas y convenios con distintas empresas, en beneficio de los docentes.<\/p>\n","protected":false},"excerpt":{"rendered":"<p>La comunidad de la Universidad Aut\u00f3noma del Estado de M\u00e9xico espera un 2020 de enormes desaf\u00edos que la obligar\u00e1n a mantener la disciplina en el gasto y la racionalidad en la administraci\u00f3n de todo tipo de recursos, sostuvo el rector Alfredo Barrera Baca.<\/p>\n","protected":false},"author":3,"featured_media":451786,"comment_status":"open","ping_status":"open","sticky":false,"template":"","format":"standard","meta":{"_monsterinsights_skip_tracking":false,"_monsterinsights_sitenote_active":false,"_monsterinsights_sitenote_note":"","_monsterinsights_sitenote_category":0,"footnotes":""},"categories":[5],"tags":[43675,72942,452,1490],"class_list":["post-451689","post","type-post","status-publish","format-standard","has-post-thumbnail","hentry","category-estado-de-mexico","tag-estado-de-mexico","tag-pacificar","tag-toluca","tag-universidad-autonoma-del-estado-de-mexico"],"_links":{"self":[{"href":"https:\/\/www.diarioimagen.net\/index.php?rest_route=\/wp\/v2\/posts\/451689","targetHints":{"allow":["GET"]}}],"collection":[{"href":"https:\/\/www.diarioimagen.net\/index.php?rest_route=\/wp\/v2\/posts"}],"about":[{"href":"https:\/\/www.diarioimagen.net\/index.php?rest_route=\/wp\/v2\/types\/post"}],"author":[{"embeddable":true,"href":"https:\/\/www.diarioimagen.net\/index.php?rest_route=\/wp\/v2\/users\/3"}],"replies":[{"embeddable":true,"href":"https:\/\/www.diarioimagen.net\/index.php?rest_route=%2Fwp%2Fv2%2Fcomments&post=451689"}],"version-history":[{"count":0,"href":"https:\/\/www.diarioimagen.net\/index.php?rest_route=\/wp\/v2\/posts\/451689\/revisions"}],"wp:featuredmedia":[{"embeddable":true,"href":"https:\/\/www.diarioimagen.net\/index.php?rest_route=\/wp\/v2\/media\/451786"}],"wp:attachment":[{"href":"https:\/\/www.diarioimagen.net\/index.php?rest_route=%2Fwp%2Fv2%2Fmedia&parent=451689"}],"wp:term":[{"taxonomy":"category","embeddable":true,"href":"https:\/\/www.diarioimagen.net\/index.php?rest_route=%2Fwp%2Fv2%2Fcategories&post=451689"},{"taxonomy":"post_tag","embeddable":true,"href":"https:\/\/www.diarioimagen.net\/index.php?rest_route=%2Fwp%2Fv2%2Ftags&post=451689"}],"curies":[{"name":"wp","href":"https:\/\/api.w.org\/{rel}","templated":true}]}}