{"id":451696,"date":"2019-11-28T00:06:07","date_gmt":"2019-11-28T06:06:07","guid":{"rendered":"https:\/\/www.diarioimagen.net\/?p=451696"},"modified":"2019-11-28T05:27:02","modified_gmt":"2019-11-28T11:27:02","slug":"realiza-difem-jornada-estatal-por-eliminacion-de-la-violencia-contra-la-mujer","status":"publish","type":"post","link":"https:\/\/www.diarioimagen.net\/?p=451696","title":{"rendered":"Realiza DIFEM jornada estatal por eliminaci\u00f3n de la violencia contra la mujer"},"content":{"rendered":"<div id=\"attachment_451792\" style=\"width: 470px\" class=\"wp-caption aligncenter\"><a href=\"https:\/\/www.diarioimagen.net\/?attachment_id=451792\" rel=\"attachment wp-att-451792\"><img loading=\"lazy\" decoding=\"async\" aria-describedby=\"caption-attachment-451792\" class=\"size-large wp-image-451792\" src=\"https:\/\/www.diarioimagen.net\/wp-content\/uploads\/2019\/11\/DIFEM-28-460x259.jpg\" alt=\"\" width=\"460\" height=\"259\" srcset=\"https:\/\/www.diarioimagen.net\/wp-content\/uploads\/2019\/11\/DIFEM-28-460x259.jpg 460w, https:\/\/www.diarioimagen.net\/wp-content\/uploads\/2019\/11\/DIFEM-28-240x135.jpg 240w, https:\/\/www.diarioimagen.net\/wp-content\/uploads\/2019\/11\/DIFEM-28-235x132.jpg 235w, https:\/\/www.diarioimagen.net\/wp-content\/uploads\/2019\/11\/DIFEM-28-202x114.jpg 202w, https:\/\/www.diarioimagen.net\/wp-content\/uploads\/2019\/11\/DIFEM-28-350x196.jpg 350w, https:\/\/www.diarioimagen.net\/wp-content\/uploads\/2019\/11\/DIFEM-28-220x123.jpg 220w, https:\/\/www.diarioimagen.net\/wp-content\/uploads\/2019\/11\/DIFEM-28-237x132.jpg 237w, https:\/\/www.diarioimagen.net\/wp-content\/uploads\/2019\/11\/DIFEM-28.jpg 480w\" sizes=\"auto, (max-width: 460px) 100vw, 460px\" \/><\/a><p id=\"caption-attachment-451792\" class=\"wp-caption-text\">Participan en esta jornada la Secretar\u00eda de Seguridad, sistemas DIF Municipales, la Fiscal\u00eda General de Justicia y la Comisi\u00f3n de Derechos Humanos, entre otros.<\/p><\/div>\n<p>&nbsp;<\/p>\n<p><strong>San Felipe del Progreso, Estado de M\u00e9xico<\/strong>.- Con el prop\u00f3sito de sumarse a la celebraci\u00f3n del D\u00eda Internacional de la Eliminaci\u00f3n de la Violencia contra la Mujer, a trav\u00e9s de acciones de sensibilizaci\u00f3n y atenci\u00f3n que contribuyen a este fin, el DIF Estado de M\u00e9xico, Presidido por Fernanda Castillo de Del Mazo, realiz\u00f3 una jornada estatal conmemorativa en la Plaza Central de San Felipe del Progreso.<\/p>\n<p>Al respecto, Regina Soledad Cruz Vega, Directora de Prevenci\u00f3n y Bienestar Familiar del organismo asistencial, afirm\u00f3 que la violencia en la familia se reconoce como un problema de salud y seguridad p\u00fablica, de derechos humanos, justicia social, as\u00ed como un delito que incluye la violencia f\u00edsica, sexual, patrimonial y econ\u00f3mica, por lo que en coordinaci\u00f3n con distintas dependencias se ofrecen servicios de orientaci\u00f3n y atenci\u00f3n.<\/p>\n<p>Indic\u00f3 que a trav\u00e9s del DIFEM se brinda apoyo integral a trav\u00e9s de programas a mujeres y ni\u00f1as que sufren alg\u00fan tipo de violencia, adem\u00e1s de que se les da acompa\u00f1amiento y asesor\u00eda en materia legal y familiar. \u00a0\u201cEl Sistema para el Desarrollo Integral de la Familia del Estado de M\u00e9xico decide unirse a\u00f1o con a\u00f1o a este valioso esfuerzo que pretende coadyuvar en cambiar la vida de miles de mujeres y ni\u00f1as, con la esperanza de una firme creencia de que este cambio se convierta paulatinamente en el inicio de una nueva y mejor sociedad\u201d, apunt\u00f3.<\/p>\n<p>Acompa\u00f1ada por Alejandro Tenorio Esquivel, Presidente municipal de San Felipe del Progreso, Karina Mart\u00ednez Reyes, Presidenta del Sistema Municipal DIF de esta demarcaci\u00f3n, Leticia Mej\u00eda Garc\u00eda, Vocal Ejecutiva del Consejo Estatal de Desarrollo Integral de los Pueblos Ind\u00edgenas del Estado de M\u00e9xico (CEDIPIEM), entre otras autoridades, Cruz Vega dijo que la violencia debe analizarse con todas sus derivaciones, pues generalmente una situaci\u00f3n violenta esconde otras m\u00e1s calladas y discretas que se cubren en la legalidad, la costumbre y la moral.<\/p>\n<p>Esta jornada tuvo una asistencia superior a 300 asistentes, y cont\u00f3 con la conferencia \u201cViolencia contra la mujer y masculinidades\u201d, la cual permiti\u00f3 sensibilizar sobre el problema que representa la violencia en las mujeres, adem\u00e1s de resaltar la influencia de la prevenci\u00f3n en el \u00e1mbito de pareja, familiar, laboral y social, esto a trav\u00e9s de la difusi\u00f3n, an\u00e1lisis y organizaci\u00f3n de acciones que favorezcan relaciones m\u00e1s equitativas.<\/p>\n<p>Aunado a esto, brindaron consultas m\u00e9dicas, odontol\u00f3gicas y de nutrici\u00f3n, as\u00ed como la presencia de una Unidad Ginecol\u00f3gica que realiz\u00f3 pruebas de papanicolaou y exploraci\u00f3n mamaria.<\/p>\n<p>Es de referir que de acuerdo con la Encuesta Nacional sobre la Din\u00e1mica de las Relaciones en los Hogares (ENDIREH) 2016, a nivel nacional 66.1 por ciento de mujeres de 15 a\u00f1os y m\u00e1s, han sufrido de violencia emocional, econ\u00f3mica, f\u00edsica, sexual o discriminaci\u00f3n a lo largo de su vida.<\/p>\n<p>En esta jornada participaron la Secretar\u00eda de Seguridad, Sistemas Municipales DIF, el CEDIPIEM, la Fiscal\u00eda General de Justicia, la Comisi\u00f3n de Derechos Humanos y el DIFEM, a trav\u00e9s de la Direcci\u00f3n de la Direcci\u00f3n de Prevenci\u00f3n y Bienestar.<\/p>\n","protected":false},"excerpt":{"rendered":"<p>Con el prop\u00f3sito de sumarse a la celebraci\u00f3n del D\u00eda Internacional de la Eliminaci\u00f3n de la Violencia contra la Mujer, a trav\u00e9s de acciones de sensibilizaci\u00f3n y atenci\u00f3n que contribuyen a este fin, el DIF Estado de M\u00e9xico, Presidido por Fernanda Castillo de Del Mazo, realiz\u00f3 una jornada estatal conmemorativa en la Plaza Central de San Felipe del Progreso.<\/p>\n","protected":false},"author":3,"featured_media":451792,"comment_status":"open","ping_status":"open","sticky":false,"template":"","format":"standard","meta":{"_monsterinsights_skip_tracking":false,"_monsterinsights_sitenote_active":false,"_monsterinsights_sitenote_note":"","_monsterinsights_sitenote_category":0,"footnotes":""},"categories":[5],"tags":[394,43675,6710,68223],"class_list":["post-451696","post","type-post","status-publish","format-standard","has-post-thumbnail","hentry","category-estado-de-mexico","tag-difem","tag-estado-de-mexico","tag-san-felipe-del-progreso","tag-violencia-contra-la-mujer"],"_links":{"self":[{"href":"https:\/\/www.diarioimagen.net\/index.php?rest_route=\/wp\/v2\/posts\/451696","targetHints":{"allow":["GET"]}}],"collection":[{"href":"https:\/\/www.diarioimagen.net\/index.php?rest_route=\/wp\/v2\/posts"}],"about":[{"href":"https:\/\/www.diarioimagen.net\/index.php?rest_route=\/wp\/v2\/types\/post"}],"author":[{"embeddable":true,"href":"https:\/\/www.diarioimagen.net\/index.php?rest_route=\/wp\/v2\/users\/3"}],"replies":[{"embeddable":true,"href":"https:\/\/www.diarioimagen.net\/index.php?rest_route=%2Fwp%2Fv2%2Fcomments&post=451696"}],"version-history":[{"count":0,"href":"https:\/\/www.diarioimagen.net\/index.php?rest_route=\/wp\/v2\/posts\/451696\/revisions"}],"wp:featuredmedia":[{"embeddable":true,"href":"https:\/\/www.diarioimagen.net\/index.php?rest_route=\/wp\/v2\/media\/451792"}],"wp:attachment":[{"href":"https:\/\/www.diarioimagen.net\/index.php?rest_route=%2Fwp%2Fv2%2Fmedia&parent=451696"}],"wp:term":[{"taxonomy":"category","embeddable":true,"href":"https:\/\/www.diarioimagen.net\/index.php?rest_route=%2Fwp%2Fv2%2Fcategories&post=451696"},{"taxonomy":"post_tag","embeddable":true,"href":"https:\/\/www.diarioimagen.net\/index.php?rest_route=%2Fwp%2Fv2%2Ftags&post=451696"}],"curies":[{"name":"wp","href":"https:\/\/api.w.org\/{rel}","templated":true}]}}