{"id":451702,"date":"2019-11-28T00:05:08","date_gmt":"2019-11-28T06:05:08","guid":{"rendered":"https:\/\/www.diarioimagen.net\/?p=451702"},"modified":"2019-11-28T05:13:34","modified_gmt":"2019-11-28T11:13:34","slug":"cuautitlan-mejora-la-coordinacion-intermunicipal-en-materia-de-seguridad","status":"publish","type":"post","link":"https:\/\/www.diarioimagen.net\/?p=451702","title":{"rendered":"Cuautitl\u00e1n mejora la coordinaci\u00f3n intermunicipal en materia de seguridad"},"content":{"rendered":"<ul>\n<li><strong><em>Afirman durante cuarta sesi\u00f3n ordinaria de consejo<\/em><\/strong><\/li>\n<\/ul>\n<p>&nbsp;<\/p>\n<div id=\"attachment_451795\" style=\"width: 470px\" class=\"wp-caption aligncenter\"><a href=\"https:\/\/www.diarioimagen.net\/?attachment_id=451795\" rel=\"attachment wp-att-451795\"><img loading=\"lazy\" decoding=\"async\" aria-describedby=\"caption-attachment-451795\" class=\"size-large wp-image-451795\" src=\"https:\/\/www.diarioimagen.net\/wp-content\/uploads\/2019\/11\/CUAUTITL\u00c1N-8-460x183.jpg\" alt=\"\" width=\"460\" height=\"183\" srcset=\"https:\/\/www.diarioimagen.net\/wp-content\/uploads\/2019\/11\/CUAUTITL\u00c1N-8-460x183.jpg 460w, https:\/\/www.diarioimagen.net\/wp-content\/uploads\/2019\/11\/CUAUTITL\u00c1N-8-240x95.jpg 240w, https:\/\/www.diarioimagen.net\/wp-content\/uploads\/2019\/11\/CUAUTITL\u00c1N-8.jpg 700w\" sizes=\"auto, (max-width: 460px) 100vw, 460px\" \/><\/a><p id=\"caption-attachment-451795\" class=\"wp-caption-text\">El presidente municipal Ariel Ju\u00e1rez Rodr\u00edguez, agradeci\u00f3 el apoyo de los alcaldes de Tultepec, Coacalco y Tultitl\u00e1n en los trabajos de seguridad y vigilancia realizados en los \u00faltimos meses.<\/p><\/div>\n<p>&nbsp;<\/p>\n<p><strong>Cuautitl\u00e1n, Estado de M\u00e9xico<\/strong>.- Como parte de los trabajos realizados durante la Cuarta Sesi\u00f3n Ordinaria del Consejo Intermunicipal de Seguridad P\u00fablica de la Regi\u00f3n XVIII Tultitl\u00e1n, realizada en el municipio de Cuautitl\u00e1n el presidente municipal Ariel Ju\u00e1rez Rodr\u00edguez agradeci\u00f3 el apoyo de los alcaldes de Tultepec, Coacalco y Tultitl\u00e1n en los trabajos de seguridad y vigilancia realizados en los \u00faltimos meses.<\/p>\n<p>Al dar a conocer las cifras de detenidos alcanzadas en la regi\u00f3n a trav\u00e9s del informe del secretariado de seguridad de la entidad, Ju\u00e1rez Rodr\u00edguez pidi\u00f3 a los representantes estatales informar a las instancias correspondientes la situaci\u00f3n que guarda el Centro Penitenciario y de Reinserci\u00f3n Social de Cuautitl\u00e1n, situaci\u00f3n que se puede salir de control.\u201cPara conocer y poder hablar del penal ten\u00eda que entrar para poder decir en qu\u00e9 condiciones est\u00e1 y tiene que ver con un tema de seguridad\u201d, ya que dijo hay una sobre poblaci\u00f3n que puede ocasionar eventos graves de fugas como las que sucedieron hace unos meses, asever\u00f3.<\/p>\n<p>Adem\u00e1s, Ju\u00e1rez Rodr\u00edguez, dijo hay mucha poblaci\u00f3n interna que ya est\u00e1 sentenciada la cual padece de problemas de salud, en los que ya hemos realizado algunas acciones para llevarles servicios asistenciales y nos hemos comprometido en promover los productos que elaboran y tambi\u00e9n acercar actividades culturales, puntualiz\u00f3 Ju\u00e1rez Rodr\u00edguez.<\/p>\n<p>En el marco de la sesi\u00f3n tambi\u00e9n se dio a conocer que el 50 por ciento de los polic\u00edas municipales de Cuautitl\u00e1n ya cuenta con su Certificado \u00danico Policial, por lo que seguir\u00e1 trabajando en cubrir el total en los pr\u00f3ximos meses.<\/p>\n<p>En este sentido los alcaldes coincidieron en dar el puntual seguimiento a los acuerdos alcanzados con las autoridades estatales, como la coordinaci\u00f3n en operativos, sistematizaci\u00f3n de c\u00e1maras de videovigilancia, aprobaci\u00f3n de controles de confianza, entre otros.<\/p>\n","protected":false},"excerpt":{"rendered":"<p>Como parte de los trabajos realizados durante la Cuarta Sesi\u00f3n Ordinaria del Consejo Intermunicipal de Seguridad P\u00fablica de la Regi\u00f3n XVIII Tultitl\u00e1n, realizada en el municipio de Cuautitl\u00e1n el presidente municipal Ariel Ju\u00e1rez Rodr\u00edguez agradeci\u00f3 el apoyo de los alcaldes de Tultepec, Coacalco y Tultitl\u00e1n en los trabajos de seguridad y vigilancia realizados en los \u00faltimos meses.<\/p>\n","protected":false},"author":3,"featured_media":451795,"comment_status":"open","ping_status":"open","sticky":false,"template":"","format":"standard","meta":{"_monsterinsights_skip_tracking":false,"_monsterinsights_sitenote_active":false,"_monsterinsights_sitenote_note":"","_monsterinsights_sitenote_category":0,"footnotes":""},"categories":[5],"tags":[681,43675,71535,43677],"class_list":["post-451702","post","type-post","status-publish","format-standard","has-post-thumbnail","hentry","category-estado-de-mexico","tag-cuautitlan","tag-estado-de-mexico","tag-intermunicipal","tag-seguridad"],"_links":{"self":[{"href":"https:\/\/www.diarioimagen.net\/index.php?rest_route=\/wp\/v2\/posts\/451702","targetHints":{"allow":["GET"]}}],"collection":[{"href":"https:\/\/www.diarioimagen.net\/index.php?rest_route=\/wp\/v2\/posts"}],"about":[{"href":"https:\/\/www.diarioimagen.net\/index.php?rest_route=\/wp\/v2\/types\/post"}],"author":[{"embeddable":true,"href":"https:\/\/www.diarioimagen.net\/index.php?rest_route=\/wp\/v2\/users\/3"}],"replies":[{"embeddable":true,"href":"https:\/\/www.diarioimagen.net\/index.php?rest_route=%2Fwp%2Fv2%2Fcomments&post=451702"}],"version-history":[{"count":0,"href":"https:\/\/www.diarioimagen.net\/index.php?rest_route=\/wp\/v2\/posts\/451702\/revisions"}],"wp:featuredmedia":[{"embeddable":true,"href":"https:\/\/www.diarioimagen.net\/index.php?rest_route=\/wp\/v2\/media\/451795"}],"wp:attachment":[{"href":"https:\/\/www.diarioimagen.net\/index.php?rest_route=%2Fwp%2Fv2%2Fmedia&parent=451702"}],"wp:term":[{"taxonomy":"category","embeddable":true,"href":"https:\/\/www.diarioimagen.net\/index.php?rest_route=%2Fwp%2Fv2%2Fcategories&post=451702"},{"taxonomy":"post_tag","embeddable":true,"href":"https:\/\/www.diarioimagen.net\/index.php?rest_route=%2Fwp%2Fv2%2Ftags&post=451702"}],"curies":[{"name":"wp","href":"https:\/\/api.w.org\/{rel}","templated":true}]}}