{"id":451704,"date":"2019-11-28T00:04:30","date_gmt":"2019-11-28T06:04:30","guid":{"rendered":"https:\/\/www.diarioimagen.net\/?p=451704"},"modified":"2019-11-28T05:14:38","modified_gmt":"2019-11-28T11:14:38","slug":"huixquilucan-sede-del-world-padel-tour-2019-alcalde-vargas-del-villar","status":"publish","type":"post","link":"https:\/\/www.diarioimagen.net\/?p=451704","title":{"rendered":"Huixquilucan, sede del World P\u00e1del Tour 2019:\u00a0 alcalde Vargas del Villar"},"content":{"rendered":"<ul>\n<li><strong><em>Listos para recibir eventos internacionales<\/em><\/strong><\/li>\n<\/ul>\n<p>&nbsp;<\/p>\n<div id=\"attachment_451798\" style=\"width: 470px\" class=\"wp-caption aligncenter\"><a href=\"https:\/\/www.diarioimagen.net\/?attachment_id=451798\" rel=\"attachment wp-att-451798\"><img loading=\"lazy\" decoding=\"async\" aria-describedby=\"caption-attachment-451798\" class=\"size-large wp-image-451798\" src=\"https:\/\/www.diarioimagen.net\/wp-content\/uploads\/2019\/11\/HUIXQUILUCAN-6-460x259.jpg\" alt=\"\" width=\"460\" height=\"259\" srcset=\"https:\/\/www.diarioimagen.net\/wp-content\/uploads\/2019\/11\/HUIXQUILUCAN-6-460x259.jpg 460w, https:\/\/www.diarioimagen.net\/wp-content\/uploads\/2019\/11\/HUIXQUILUCAN-6-240x135.jpg 240w, https:\/\/www.diarioimagen.net\/wp-content\/uploads\/2019\/11\/HUIXQUILUCAN-6-235x132.jpg 235w, https:\/\/www.diarioimagen.net\/wp-content\/uploads\/2019\/11\/HUIXQUILUCAN-6-202x114.jpg 202w, https:\/\/www.diarioimagen.net\/wp-content\/uploads\/2019\/11\/HUIXQUILUCAN-6-350x196.jpg 350w, https:\/\/www.diarioimagen.net\/wp-content\/uploads\/2019\/11\/HUIXQUILUCAN-6-220x123.jpg 220w, https:\/\/www.diarioimagen.net\/wp-content\/uploads\/2019\/11\/HUIXQUILUCAN-6-237x132.jpg 237w, https:\/\/www.diarioimagen.net\/wp-content\/uploads\/2019\/11\/HUIXQUILUCAN-6.jpg 480w\" sizes=\"auto, (max-width: 460px) 100vw, 460px\" \/><\/a><p id=\"caption-attachment-451798\" class=\"wp-caption-text\">Desde el pasado mi\u00e9rcoles 27 de noviembre y hasta el domingo 1 de diciembre, Huixquilucan recibe jugadores de 5 pa\u00edses.<\/p><\/div>\n<p>&nbsp;<\/p>\n<p><strong>Huixquilucan, Estado de M\u00e9xico<\/strong>.- Huixquilucan est\u00e1 preparado para recibir eventos de talla internacional como es el World P\u00e1del Tour 2019, asegur\u00f3 el alcalde Enrique Vargas del Villar, durante la conferencia de prensa realizada en la sede de este torneo, Lomas Sporting Club.<\/p>\n<p>Vargas del Villar record\u00f3, que el P\u00e1del es un deporte cien por ciento mexicano que ha ido creciendo y ahora es conocido en todo el mundo, por lo que es un gran orgullo recibir a los mejores jugadores de este deporte.<\/p>\n<p>Ante Diego de la Torre, director de Omnifu; Ignacio Soto Borja, embajador de la WPT M\u00e9xico; Rodolfo Trampe, presidente del Consejo\u00a0 de Administraci\u00f3n de Lomas Sporting Club y de los jugadores Francisco Navarro y Maximiliano S\u00e1nchez, Vargas del Villar se comprometi\u00f3 con los organizadores a otorgarles todas las facilidades para que eventos de esta naturaleza se sigan haciendo a\u00f1o con a\u00f1o.<\/p>\n<p>Tras recordar que hoy Huixquilucan es el municipio con m\u00e1s inversi\u00f3n en todo el estado de M\u00e9xico y del pa\u00eds, el Alcalde asegur\u00f3 que esto se debe a la confianza que tienen en el gobierno municipal. Por ello y para garantizar que la estancia de aficionados y jugadores se realice con toda tranquilidad, Vargas del Villar inform\u00f3 que habr\u00e1 un operativo de vigilancia con personal de la Direcci\u00f3n General de Seguridad P\u00fablica y Vialidad, el cual supervisar\u00e1 de manera personal.<\/p>\n<p>Desde este mi\u00e9rcoles 27 de noviembre y hasta el domingo 1 de diciembre, Huixquilucan ser\u00e1 sede del World P\u00e1del Tour 2019, un evento de talla internacional en el que participar\u00e1n jugadores de 5 pa\u00edses, antes de llegar Estrella Damm Master Final, en Barcelona.<\/p>\n<p>Diego de la Torre, director de Omnifu, empresa organizadora del WPT M\u00e9xico, record\u00f3 que este evento es el m\u00e1s importante del P\u00e1del en M\u00e9xico y agradeci\u00f3 al gobierno municipal por el apoyo para que este torneo sea exitoso.<\/p>\n<p>En su oportunidad Ignacio Soto Borja, embajador de la WPT M\u00e9xico recalc\u00f3 que en el marco de los 50 a\u00f1os de la fundaci\u00f3n del P\u00e1del en M\u00e9xico, record\u00f3 que el deporte es fundamental para la salud\u00a0 y\u00a0 conectividad de las personas, por lo que este evento ser\u00e1 de clase mundial.<\/p>\n","protected":false},"excerpt":{"rendered":"<p>Huixquilucan est\u00e1 preparado para recibir eventos de talla internacional como es el World P\u00e1del Tour 2019, asegur\u00f3 el alcalde Enrique Vargas del Villar, durante la conferencia de prensa realizada en la sede de este torneo, Lomas Sporting Club.<\/p>\n","protected":false},"author":3,"featured_media":451798,"comment_status":"open","ping_status":"open","sticky":false,"template":"","format":"standard","meta":{"_monsterinsights_skip_tracking":false,"_monsterinsights_sitenote_active":false,"_monsterinsights_sitenote_note":"","_monsterinsights_sitenote_category":0,"footnotes":""},"categories":[5],"tags":[43675,1097,88892],"class_list":["post-451704","post","type-post","status-publish","format-standard","has-post-thumbnail","hentry","category-estado-de-mexico","tag-estado-de-mexico","tag-huixquilucan","tag-omnifu"],"_links":{"self":[{"href":"https:\/\/www.diarioimagen.net\/index.php?rest_route=\/wp\/v2\/posts\/451704","targetHints":{"allow":["GET"]}}],"collection":[{"href":"https:\/\/www.diarioimagen.net\/index.php?rest_route=\/wp\/v2\/posts"}],"about":[{"href":"https:\/\/www.diarioimagen.net\/index.php?rest_route=\/wp\/v2\/types\/post"}],"author":[{"embeddable":true,"href":"https:\/\/www.diarioimagen.net\/index.php?rest_route=\/wp\/v2\/users\/3"}],"replies":[{"embeddable":true,"href":"https:\/\/www.diarioimagen.net\/index.php?rest_route=%2Fwp%2Fv2%2Fcomments&post=451704"}],"version-history":[{"count":0,"href":"https:\/\/www.diarioimagen.net\/index.php?rest_route=\/wp\/v2\/posts\/451704\/revisions"}],"wp:featuredmedia":[{"embeddable":true,"href":"https:\/\/www.diarioimagen.net\/index.php?rest_route=\/wp\/v2\/media\/451798"}],"wp:attachment":[{"href":"https:\/\/www.diarioimagen.net\/index.php?rest_route=%2Fwp%2Fv2%2Fmedia&parent=451704"}],"wp:term":[{"taxonomy":"category","embeddable":true,"href":"https:\/\/www.diarioimagen.net\/index.php?rest_route=%2Fwp%2Fv2%2Fcategories&post=451704"},{"taxonomy":"post_tag","embeddable":true,"href":"https:\/\/www.diarioimagen.net\/index.php?rest_route=%2Fwp%2Fv2%2Ftags&post=451704"}],"curies":[{"name":"wp","href":"https:\/\/api.w.org\/{rel}","templated":true}]}}