{"id":451706,"date":"2019-11-28T00:03:47","date_gmt":"2019-11-28T06:03:47","guid":{"rendered":"https:\/\/www.diarioimagen.net\/?p=451706"},"modified":"2019-11-28T05:16:34","modified_gmt":"2019-11-28T11:16:34","slug":"actividades-por-el-30-aniversario-de-convencion-sobre-derechos-del-nino","status":"publish","type":"post","link":"https:\/\/www.diarioimagen.net\/?p=451706","title":{"rendered":"Actividades por el 30 aniversario de convenci\u00f3n sobre Derechos del ni\u00f1o"},"content":{"rendered":"<ul>\n<li><strong><em>Arrancan en Cuautitl\u00e1n Izcalli<\/em><\/strong><\/li>\n<\/ul>\n<p>&nbsp;<\/p>\n<div id=\"attachment_451801\" style=\"width: 470px\" class=\"wp-caption aligncenter\"><a href=\"https:\/\/www.diarioimagen.net\/?attachment_id=451801\" rel=\"attachment wp-att-451801\"><img loading=\"lazy\" decoding=\"async\" aria-describedby=\"caption-attachment-451801\" class=\"size-large wp-image-451801\" src=\"https:\/\/www.diarioimagen.net\/wp-content\/uploads\/2019\/11\/CUAUTITL\u00c1NIZCALLI-460x259.jpg\" alt=\"\" width=\"460\" height=\"259\" srcset=\"https:\/\/www.diarioimagen.net\/wp-content\/uploads\/2019\/11\/CUAUTITL\u00c1NIZCALLI-460x259.jpg 460w, https:\/\/www.diarioimagen.net\/wp-content\/uploads\/2019\/11\/CUAUTITL\u00c1NIZCALLI-240x135.jpg 240w, https:\/\/www.diarioimagen.net\/wp-content\/uploads\/2019\/11\/CUAUTITL\u00c1NIZCALLI-235x132.jpg 235w, https:\/\/www.diarioimagen.net\/wp-content\/uploads\/2019\/11\/CUAUTITL\u00c1NIZCALLI-202x114.jpg 202w, https:\/\/www.diarioimagen.net\/wp-content\/uploads\/2019\/11\/CUAUTITL\u00c1NIZCALLI-350x196.jpg 350w, https:\/\/www.diarioimagen.net\/wp-content\/uploads\/2019\/11\/CUAUTITL\u00c1NIZCALLI-220x123.jpg 220w, https:\/\/www.diarioimagen.net\/wp-content\/uploads\/2019\/11\/CUAUTITL\u00c1NIZCALLI-237x132.jpg 237w, https:\/\/www.diarioimagen.net\/wp-content\/uploads\/2019\/11\/CUAUTITL\u00c1NIZCALLI.jpg 480w\" sizes=\"auto, (max-width: 460px) 100vw, 460px\" \/><\/a><p id=\"caption-attachment-451801\" class=\"wp-caption-text\">La Defensor\u00eda Municipal de Derechos Humanos, realiz\u00f3 una actividad con ni\u00f1as, ni\u00f1os y adolescentes, para conocer su percepci\u00f3n sobre sus derechos y as\u00ed garantizarlos.<\/p><\/div>\n<p>&nbsp;<\/p>\n<p><strong>Cuautitl\u00e1n Izcalli, Estado de M\u00e9xico<\/strong>.- En el marco del 30 aniversario de la Convenci\u00f3n sobre los Derechos del Ni\u00f1o, adoptada por 196 pa\u00edses, la Defensor\u00eda Municipal de Derechos Humanos, encabezada por Alexis Sorel Flores Sixtos, en coordinaci\u00f3n con la sociedad civil \u201cVoces de Cambio\u201d, realizaron una actividad con ni\u00f1as, ni\u00f1os y adolescentes de la comunidad de Las Tinajas, para conocer su percepci\u00f3n sobre sus derechos y qu\u00e9 se puede hacer para mejorar la situaci\u00f3n actual y garantizarlos.<\/p>\n<p>Las ni\u00f1as, ni\u00f1os y adolescentes, a trav\u00e9s de dibujos, expresaron algunas deficiencias que presenta su comunidad, como la falta de luminarias para mayor seguridad, adem\u00e1s, se pronunciaron por el derecho a la educaci\u00f3n, al descanso y esparcimiento.<\/p>\n<p>ombudsman, Alexis Flores, coment\u00f3 que la realizaci\u00f3n de esta actividad sirve para conocer la realidad en la que viven los menores y en la que se trabajar\u00e1 para mejorarla. Dio a conocer que lo principal es difundir y garantizar los derechos de los menores.<\/p>\n<p>A estas actividades acudi\u00f3 Karla Fiesco Garc\u00eda, diputada local y miembro de la Comisi\u00f3n de Derechos Humanos de la Legislatura del Estado de M\u00e9xico, quien expres\u00f3 que las ni\u00f1as y ni\u00f1os son el presente, por lo que pidi\u00f3 a los ciudadanos acercarse a las autoridades para que trabajen de la mano, a fin de brindarles mejores oportunidades de desarrollo.<\/p>\n<p>La d\u00e9cimo segunda regidora y presidenta de la Comisi\u00f3n de Derechos Humanos del H. Ayuntamiento, Claudia Adela Bravo Langle, dijo que los miembros de la Comisi\u00f3n se encuentran preocupados por temas, que incluyen el desarrollo de las ni\u00f1as, ni\u00f1os y adolescentes, que al crecer son el reflejo de lo que vivieron en la infancia.<\/p>\n<p>Tambi\u00e9n estuvo presente el Sistema Municipal para el Desarrollo Integral de la Familia (DIF) Cuautitl\u00e1n Izcalli, mediante la Procuradur\u00eda Municipal de Protecci\u00f3n de Ni\u00f1as, Ni\u00f1os y Adolescentes a cargo de M\u00f3nica Elizabeth D\u00edaz Hern\u00e1ndez, quien con un grupo interdisciplinario atienden v\u00eda telef\u00f3nica o presencial diferentes reportes de posible maltrato, que vulneran los derechos.<\/p>\n<p>Adem\u00e1s, la procuradur\u00eda del DIF Izcalli, act\u00faa de manera preventiva, difundiendo los Derechos de las Ni\u00f1as, Ni\u00f1os y Adolescentes y gu\u00edan a los padres de familia para que establezcan mejor relaci\u00f3n con sus hijos.<\/p>\n<p>Cabe destacar la presencia de Estefan\u00eda P\u00e9rez Jim\u00e9nez, jefa del Departamento de Promoci\u00f3n y Protecci\u00f3n de los Derechos de Ni\u00f1as, Ni\u00f1os y Adolescentes de la Comisi\u00f3n de Derechos Humanos del Estado de M\u00e9xico.<\/p>\n","protected":false},"excerpt":{"rendered":"<p>En el marco del 30 aniversario de la Convenci\u00f3n sobre los Derechos del Ni\u00f1o, adoptada por 196 pa\u00edses, la Defensor\u00eda Municipal de Derechos Humanos, encabezada por Alexis Sorel Flores Sixtos, en coordinaci\u00f3n con la sociedad civil \u201cVoces de Cambio\u201d, realizaron una actividad con ni\u00f1as, ni\u00f1os y adolescentes de la comunidad de Las Tinajas, para conocer su percepci\u00f3n sobre sus derechos y qu\u00e9 se puede hacer para mejorar la situaci\u00f3n actual y garantizarlos.<\/p>\n","protected":false},"author":3,"featured_media":451801,"comment_status":"open","ping_status":"open","sticky":false,"template":"","format":"standard","meta":{"_monsterinsights_skip_tracking":false,"_monsterinsights_sitenote_active":false,"_monsterinsights_sitenote_note":"","_monsterinsights_sitenote_category":0,"footnotes":""},"categories":[5],"tags":[88893,971,43675],"class_list":["post-451706","post","type-post","status-publish","format-standard","has-post-thumbnail","hentry","category-estado-de-mexico","tag-alexis-sorel-flores-sixtos","tag-cuautitlan-izcalli","tag-estado-de-mexico"],"_links":{"self":[{"href":"https:\/\/www.diarioimagen.net\/index.php?rest_route=\/wp\/v2\/posts\/451706","targetHints":{"allow":["GET"]}}],"collection":[{"href":"https:\/\/www.diarioimagen.net\/index.php?rest_route=\/wp\/v2\/posts"}],"about":[{"href":"https:\/\/www.diarioimagen.net\/index.php?rest_route=\/wp\/v2\/types\/post"}],"author":[{"embeddable":true,"href":"https:\/\/www.diarioimagen.net\/index.php?rest_route=\/wp\/v2\/users\/3"}],"replies":[{"embeddable":true,"href":"https:\/\/www.diarioimagen.net\/index.php?rest_route=%2Fwp%2Fv2%2Fcomments&post=451706"}],"version-history":[{"count":0,"href":"https:\/\/www.diarioimagen.net\/index.php?rest_route=\/wp\/v2\/posts\/451706\/revisions"}],"wp:featuredmedia":[{"embeddable":true,"href":"https:\/\/www.diarioimagen.net\/index.php?rest_route=\/wp\/v2\/media\/451801"}],"wp:attachment":[{"href":"https:\/\/www.diarioimagen.net\/index.php?rest_route=%2Fwp%2Fv2%2Fmedia&parent=451706"}],"wp:term":[{"taxonomy":"category","embeddable":true,"href":"https:\/\/www.diarioimagen.net\/index.php?rest_route=%2Fwp%2Fv2%2Fcategories&post=451706"},{"taxonomy":"post_tag","embeddable":true,"href":"https:\/\/www.diarioimagen.net\/index.php?rest_route=%2Fwp%2Fv2%2Ftags&post=451706"}],"curies":[{"name":"wp","href":"https:\/\/api.w.org\/{rel}","templated":true}]}}