{"id":451742,"date":"2019-11-28T00:04:45","date_gmt":"2019-11-28T06:04:45","guid":{"rendered":"https:\/\/www.diarioimagen.net\/?p=451742"},"modified":"2019-11-28T00:27:07","modified_gmt":"2019-11-28T06:27:07","slug":"mexico-soberano","status":"publish","type":"post","link":"https:\/\/www.diarioimagen.net\/?p=451742","title":{"rendered":"M\u00e9xico soberano"},"content":{"rendered":"<h2>Punto por punto<\/h2>\n<h5>Augusto Corro<\/h5>\n<p>&nbsp;<\/p>\n<p>El pr\u00f3ximo domingo se cumplir\u00e1 un a\u00f1o de gobierno del presidente Andr\u00e9s Manuel L\u00f3pez Obrador.<\/p>\n<p>Sin duda habr\u00e1 un resumen de los logros y los tropiezos m\u00e1s importantes durante su administraci\u00f3n.<\/p>\n<p>Dos de los problemas se centran en la econom\u00eda que no avanza y la inseguridad que tiene varios sexenios de aterrorizar a los mexicanos.<\/p>\n<p>De este \u00faltimo tema van estas l\u00edneas, pues la violencia provocada por la delincuencia organizada alcanz\u00f3 cifras espeluznantes de v\u00edctimas.<\/p>\n<p>Para nadie es un secreto que en varias regiones del pa\u00eds, quienes fungen como autoridades son los c\u00e1rteles de la droga. Las cifras se\u00f1alan que el \u201cnarco\u201d opera en 40% del pa\u00eds.<\/p>\n<p>Y ning\u00fan gobierno es capaz de acabar con la espiral de violencia. Las actividades de la delincuencia cada vez son m\u00e1s osadas.<\/p>\n<p>De los hechos recientes, podemos citar al fallido operativo para capturar a Ovidio Guzm\u00e1n el hijo de Joaqu\u00edn \u201cEl Chapo\u201d Guzm\u00e1n, en Culiac\u00e1n.<\/p>\n<p>La fuerza p\u00fablica cometi\u00f3 errores que, afortunadamente, no provocaron una masacre entre la poblaci\u00f3n.<\/p>\n<p>Sigui\u00f3 la matanza de mormones en los l\u00edmites de Sonora y Chihuahua. Seis ni\u00f1os y tres mujeres de la familia LeBar\u00f3n fueron asesinados.<\/p>\n<p><strong>Los hechos violentos<\/strong><\/p>\n<p>Esos dos casos se sumaron a los actos violentos que se iniciaron cuando el entonces presidente de M\u00e9xico, Felipe Calder\u00f3n, le declar\u00f3 la guerra a la delincuencia organizada, sin estrategia alguna.<\/p>\n<p>Los resultados a partir de 2006 incluyeron miles de muertos, desaparecidos, desplazados, viudas y hu\u00e9rfanos.<\/p>\n<p>En el sexenio del mandatario Enrique Pe\u00f1a Nieto continu\u00f3 la lucha contra la delincuencia organizada.<\/p>\n<p>No se logr\u00f3 derrotar a los narcotraficantes. Su mayor victoria fue poner a \u201cEl Chapo\u201d Guzm\u00e1n en manos de los jueces estadounidenses. En el vecino pa\u00eds, el sinaloense fue juzgado y condenado.<\/p>\n<p>Durante el presente gobierno de Andr\u00e9s Manuel L\u00f3pez Obrador, contin\u00faa la ola de muertes derivadas de un plan contra la delincuencia, que a\u00fan no acaba de entenderse.<\/p>\n<p>Por ejemplo, caus\u00f3 extra\u00f1ezas la idea de no enfrentar a la violencia con violencia en el combate contra los narcotraficantes; de practicar la pol\u00edtica de los abrazos y no de los balazos.<\/p>\n<p>Ya se podr\u00e1 imaginar lo que piensan de esto los familiares de las miles de v\u00edctimas de los narcotraficantes.<\/p>\n<p>Si se trata de resolver el problema desde las causas que lo originan, llevara un tiempo indeterminado, que aprovecharan los criminales para el desarrollo de sus actividades ilegales.<\/p>\n<p style=\"text-align: center;\"><strong>Que cambie la estrategia<\/strong><\/p>\n<p>Un sinn\u00famero de voces le aconsejan al mandatario L\u00f3pez Obrador que cambie la estrategia que lleva a cabo, por otra que brinde resultados inmediatos. No falta quien exija mayor participaci\u00f3n de la Guardia Nacional en el combate a la narco-delincuencia.<\/p>\n<p>Hay entidades donde los hechos delincuenciales son parte principal del pan da cada d\u00eda. Territorios ocupados por los c\u00e1rteles de la droga donde se les permite actuar a sus anchas.<\/p>\n<p>Ah\u00ed est\u00e1n Tamaulipas, Michoac\u00e1n, Guanajuato, Guerrero, etc., con su poblaci\u00f3n aterrorizada por los diferentes estilos de actuar de los criminales, que incluyen las extorsiones, secuestros y asesinatos.<\/p>\n<p>Ante ese panorama desolador que presenta M\u00e9xico azotado por el \u201cnarco\u201d, el presidente Donald Trump aprovecha la oportunidad para llevar agua a su molino.<\/p>\n<p>El martes en la tarde el magnate de la construcci\u00f3n dijo, v\u00eda Twitter, que designar\u00e1 a los c\u00e1rteles mexicanos de la droga como organizaciones terroristas extranjeras por su papel en el tr\u00e1fico de drogas y personas.<\/p>\n<p>Reconoci\u00f3 que lleva trabajando en esa designaci\u00f3n unos 90 d\u00edas ya que \u201cel proceso no es f\u00e1cil\u201d.<\/p>\n<p>Claro que se presentar\u00e1n innumerables dificultades al proyecto \u201c<em>trumpiano\u201d<\/em>, porque son muchas las diferencias entre una agrupaci\u00f3n criminal, que busca satisfacciones econ\u00f3micas, y los terroristas que cumplen luchas sociales, religiosas, pol\u00edticas, etc.<\/p>\n<p>La amenaza reciente de Trump ya se esperaba, a pesar de que nuestro gobierno le cumple todos sus caprichos. Es notorio su odio a los mexicanos a quienes en diversas ocasiones los ha calificado de violadores y asesinos. Tambi\u00e9n sigue aferrado a la construcci\u00f3n de un muro fronterizo en los l\u00edmites de Estados Unidos y M\u00e9xico.<\/p>\n<p>En la reducci\u00f3n del flujo de migrantes que pasan por nuestro pa\u00eds, la administraci\u00f3n de L\u00f3pez Obrador hizo un excelente trabajo y fue felicitado por el propio presidente estadounidense.<\/p>\n<p>Claro, M\u00e9xico tuvo que ceder al plan de Trump para evitar el incremento a los aranceles en nuestros productos.<\/p>\n<p>El nuevo acuerdo comercial T-MEC seguramente favoreci\u00f3 a Estados Unidos, pues de otra manera no se lo hubiera aceptado. Canad\u00e1 y M\u00e9xico tuvieron que bailar al son que le tocaron.<\/p>\n<p>Aunque a la fecha no entra en vigor el mencionado tratado.<\/p>\n<p>Al referirse al Tweet de Trump, el secretario de Relaciones Exteriores, Marcelo Ebrard, declar\u00f3 que M\u00e9xico no admitir\u00e1 nunca acci\u00f3n alguna que signifique violaci\u00f3n a su soberan\u00eda nacional.<\/p>\n<p>Dijo el canciller mexicano que buscar\u00e1 tener \u201cun encuentro de alto nivel a la brevedad posible\u201d y que se comunicar\u00e1 con el secretario de Estado de Estados, Mike Pompeo, para discutir el tema.<\/p>\n<p style=\"text-align: center;\"><strong>La reelecci\u00f3n de Trump<\/strong><\/p>\n<p>El presidente Donald Trump tiene que superar varios obst\u00e1culos para continuar con el poder. La amenaza de juicio pol\u00edtico pende sobre su cabeza.<\/p>\n<p>En la trama de Ucrania, el magnate de la construcci\u00f3n fue acusado de violar la ley, solicitando a un pa\u00eds extranjero su ayuda para incriminar al hijo de Joe Biden, uno de sus posibles contrincantes.<\/p>\n<p>En noviembre del pr\u00f3ximo a\u00f1o Trump buscar\u00e1 la reelecci\u00f3n.\u00a0 En tanto, el acuerdo comercial T.MEC estar\u00e1 en el limbo.<\/p>\n<p>En M\u00e9xico el presidente L\u00f3pez Obrador se pronunci\u00f3 por un s\u00ed a la cooperaci\u00f3n M\u00e9xico-Estados Unidos y un rotundo no al intervencionismo.<\/p>\n<p>Seguramente, el pr\u00f3ximo domingo, en su discurso, a un a\u00f1o asumir el poder, el mandatario mexicano exigir\u00e1 a Estados Unidos y a su mandatario Trump un respeto total y absoluto a nuestra soberan\u00eda.<\/p>\n<p><span class=\"Apple-converted-space\"><em><u><a href=\"mailto:aco2742@hotmail.com\" target=\"_blank\" rel=\"noopener noreferrer\">aco2742@hotmail.com<\/a><\/u><\/em><\/span><\/p>\n","protected":false},"excerpt":{"rendered":"<p><span style=\"color: #005497;\"><strong>Augusto Corro<\/strong><\/span><\/p>\n","protected":false},"author":3,"featured_media":0,"comment_status":"open","ping_status":"open","sticky":false,"template":"","format":"standard","meta":{"_monsterinsights_skip_tracking":false,"_monsterinsights_sitenote_active":false,"_monsterinsights_sitenote_note":"","_monsterinsights_sitenote_category":0,"footnotes":""},"categories":[157],"tags":[43686,43674,11515],"class_list":["post-451742","post","type-post","status-publish","format-standard","hentry","category-augusto-corro","tag-augusto-corro","tag-opinion","tag-punto-por-punto"],"_links":{"self":[{"href":"https:\/\/www.diarioimagen.net\/index.php?rest_route=\/wp\/v2\/posts\/451742","targetHints":{"allow":["GET"]}}],"collection":[{"href":"https:\/\/www.diarioimagen.net\/index.php?rest_route=\/wp\/v2\/posts"}],"about":[{"href":"https:\/\/www.diarioimagen.net\/index.php?rest_route=\/wp\/v2\/types\/post"}],"author":[{"embeddable":true,"href":"https:\/\/www.diarioimagen.net\/index.php?rest_route=\/wp\/v2\/users\/3"}],"replies":[{"embeddable":true,"href":"https:\/\/www.diarioimagen.net\/index.php?rest_route=%2Fwp%2Fv2%2Fcomments&post=451742"}],"version-history":[{"count":0,"href":"https:\/\/www.diarioimagen.net\/index.php?rest_route=\/wp\/v2\/posts\/451742\/revisions"}],"wp:attachment":[{"href":"https:\/\/www.diarioimagen.net\/index.php?rest_route=%2Fwp%2Fv2%2Fmedia&parent=451742"}],"wp:term":[{"taxonomy":"category","embeddable":true,"href":"https:\/\/www.diarioimagen.net\/index.php?rest_route=%2Fwp%2Fv2%2Fcategories&post=451742"},{"taxonomy":"post_tag","embeddable":true,"href":"https:\/\/www.diarioimagen.net\/index.php?rest_route=%2Fwp%2Fv2%2Ftags&post=451742"}],"curies":[{"name":"wp","href":"https:\/\/api.w.org\/{rel}","templated":true}]}}