{"id":451923,"date":"2019-11-29T00:04:19","date_gmt":"2019-11-29T06:04:19","guid":{"rendered":"https:\/\/www.diarioimagen.net\/?p=451923"},"modified":"2019-11-29T03:26:48","modified_gmt":"2019-11-29T09:26:48","slug":"crean-condiciones-para-el-desarrollo-de-los-adultos-mayores-en-tlalnepantla","status":"publish","type":"post","link":"https:\/\/www.diarioimagen.net\/?p=451923","title":{"rendered":"Crean condiciones para el desarrollo de los adultos mayores en Tlalnepantla"},"content":{"rendered":"<ul>\n<li><strong><em>Reconocen su aportaci\u00f3n a la sociedad<\/em><\/strong><\/li>\n<\/ul>\n<p>&nbsp;<\/p>\n<div id=\"attachment_451995\" style=\"width: 470px\" class=\"wp-caption aligncenter\"><a href=\"https:\/\/www.diarioimagen.net\/?attachment_id=451995\" rel=\"attachment wp-att-451995\"><img loading=\"lazy\" decoding=\"async\" aria-describedby=\"caption-attachment-451995\" class=\"size-large wp-image-451995\" src=\"https:\/\/www.diarioimagen.net\/wp-content\/uploads\/2019\/11\/TLALNEPANTLA--460x118.jpg\" alt=\"\" width=\"460\" height=\"118\" srcset=\"https:\/\/www.diarioimagen.net\/wp-content\/uploads\/2019\/11\/TLALNEPANTLA--460x118.jpg 460w, https:\/\/www.diarioimagen.net\/wp-content\/uploads\/2019\/11\/TLALNEPANTLA--240x61.jpg 240w, https:\/\/www.diarioimagen.net\/wp-content\/uploads\/2019\/11\/TLALNEPANTLA-.jpg 700w\" sizes=\"auto, (max-width: 460px) 100vw, 460px\" \/><\/a><p id=\"caption-attachment-451995\" class=\"wp-caption-text\">Raciel P\u00e9rez Cruz, asisti\u00f3 a la ceremonia de graduaci\u00f3n de 200 alumnas y alumnos de la octava generaci\u00f3n de la Unidad de Desarrollo y Educaci\u00f3n para los Adultos Mayores.<\/p><\/div>\n<p>&nbsp;<\/p>\n<p><strong>Tlalnepantla, Estado de M\u00e9xico<\/strong>.- El gobierno de Tlalnepantla trabaja en crear las condiciones para el desarrollo de las personas adultas mayores, a quienes reconocemos su aportaci\u00f3n a la sociedad y el papel imprescindible que juegan en sus familias, \u201custedes nos inspiran para redoblar esfuerzos\u201d, dijo Raciel P\u00e9rez Cruz, Presidente Municipal.<\/p>\n<p>Durante la ceremonia de graduaci\u00f3n de 200 alumnas y alumnos de la octava generaci\u00f3n de la Unidad de Desarrollo y Educaci\u00f3n para los Adultos Mayores (UNIDE), el Edil se\u00f1al\u00f3 que esta instituci\u00f3n ofrece a los adultos mayores la oportunidad de continuar con su aprendizaje y compartir sus experiencias, a trav\u00e9s de cursos y talleres de cultura, salud, tecnolog\u00eda, idiomas y activaci\u00f3n f\u00edsica.<\/p>\n<p>Explic\u00f3 que para brindar esa atenci\u00f3n especializada, se ha procurado que las instalaciones de la UNIDE sean id\u00f3neas y dignas para el pleno desarrollo de todos los adultos mayores, por lo que el pr\u00f3ximo a\u00f1o se continuar\u00e1 con este esfuerzo, para que se convierta en un referente en el Valle de M\u00e9xico.<\/p>\n<p>Felicit\u00f3 a los graduados y enfatiz\u00f3 que Tlalnepantla trabaja en coordinaci\u00f3n con el Gobierno Federal con el \u2018Programa pensi\u00f3n para adultos mayores\u2019, con el que hoy se hace justicia, para que no vivan \u00a0en el olvido.<\/p>\n<p>Susana Vald\u00e9s Salinas, titular de la UNIDE, indic\u00f3 que este a\u00f1o se atendi\u00f3 a casi mil adultos mayores con m\u00faltiples actividades, entre las que se impartieron 120 materias por semana; reconoci\u00f3 su esfuerzo y perseverancia y dijo que el Sistema Municipal para el Desarrollo Integral de la Familia (SMDIF) lleva a cabo acciones para que los adultos mayores vivan en plenitud.<\/p>\n<p>Durante la clausura del ciclo escolar, el Edil entreg\u00f3 diplomas con estola dorada a alumnos fundadores de UNIDE; con estola plateada, a alumnos con m\u00e1s de tres a\u00f1os; estola blanca, con tres a\u00f1os y estola lila con dos; adem\u00e1s otorg\u00f3 un reconocimiento a la maestra Rosa Victoria Ramos Plasencia, por su trayectoria en la instituci\u00f3n.<\/p>\n<p>El Alcalde estuvo acompa\u00f1ado por Roc\u00edo P\u00e9rez Cruz y Linda Arciniega \u00c1lvarez, Presidenta y Directora General del Sistema Municipal para el Desarrollo Integral de la Familia (DIF); as\u00ed como de integrantes del Cuerpo Edilicio.<\/p>\n","protected":false},"excerpt":{"rendered":"<p>El gobierno de Tlalnepantla trabaja en crear las condiciones para el desarrollo de las personas adultas mayores, a quienes reconocemos su aportaci\u00f3n a la sociedad y el papel imprescindible que juegan en sus familias, \u201custedes nos inspiran para redoblar esfuerzos\u201d, dijo Raciel P\u00e9rez Cruz, Presidente Municipal.<\/p>\n","protected":false},"author":3,"featured_media":451995,"comment_status":"open","ping_status":"open","sticky":false,"template":"","format":"standard","meta":{"_monsterinsights_skip_tracking":false,"_monsterinsights_sitenote_active":false,"_monsterinsights_sitenote_note":"","_monsterinsights_sitenote_category":0,"footnotes":""},"categories":[5],"tags":[15930,43675,169],"class_list":["post-451923","post","type-post","status-publish","format-standard","has-post-thumbnail","hentry","category-estado-de-mexico","tag-adultos-mayores","tag-estado-de-mexico","tag-tlalnepantla"],"_links":{"self":[{"href":"https:\/\/www.diarioimagen.net\/index.php?rest_route=\/wp\/v2\/posts\/451923","targetHints":{"allow":["GET"]}}],"collection":[{"href":"https:\/\/www.diarioimagen.net\/index.php?rest_route=\/wp\/v2\/posts"}],"about":[{"href":"https:\/\/www.diarioimagen.net\/index.php?rest_route=\/wp\/v2\/types\/post"}],"author":[{"embeddable":true,"href":"https:\/\/www.diarioimagen.net\/index.php?rest_route=\/wp\/v2\/users\/3"}],"replies":[{"embeddable":true,"href":"https:\/\/www.diarioimagen.net\/index.php?rest_route=%2Fwp%2Fv2%2Fcomments&post=451923"}],"version-history":[{"count":0,"href":"https:\/\/www.diarioimagen.net\/index.php?rest_route=\/wp\/v2\/posts\/451923\/revisions"}],"wp:featuredmedia":[{"embeddable":true,"href":"https:\/\/www.diarioimagen.net\/index.php?rest_route=\/wp\/v2\/media\/451995"}],"wp:attachment":[{"href":"https:\/\/www.diarioimagen.net\/index.php?rest_route=%2Fwp%2Fv2%2Fmedia&parent=451923"}],"wp:term":[{"taxonomy":"category","embeddable":true,"href":"https:\/\/www.diarioimagen.net\/index.php?rest_route=%2Fwp%2Fv2%2Fcategories&post=451923"},{"taxonomy":"post_tag","embeddable":true,"href":"https:\/\/www.diarioimagen.net\/index.php?rest_route=%2Fwp%2Fv2%2Ftags&post=451923"}],"curies":[{"name":"wp","href":"https:\/\/api.w.org\/{rel}","templated":true}]}}