{"id":451925,"date":"2019-11-29T00:03:29","date_gmt":"2019-11-29T06:03:29","guid":{"rendered":"https:\/\/www.diarioimagen.net\/?p=451925"},"modified":"2019-11-29T03:24:50","modified_gmt":"2019-11-29T09:24:50","slug":"entrega-la-alcaldesa-de-naucalpan-patricia-duran-aparatos-funcionales","status":"publish","type":"post","link":"https:\/\/www.diarioimagen.net\/?p=451925","title":{"rendered":"Entrega la alcaldesa de Naucalpan, Patricia Dur\u00e1n, aparatos funcionales"},"content":{"rendered":"<ul>\n<li><strong><em>Para mejorar su calidad de vida<\/em><\/strong><\/li>\n<\/ul>\n<p>&nbsp;<\/p>\n<div id=\"attachment_451998\" style=\"width: 470px\" class=\"wp-caption aligncenter\"><a href=\"https:\/\/www.diarioimagen.net\/?attachment_id=451998\" rel=\"attachment wp-att-451998\"><img loading=\"lazy\" decoding=\"async\" aria-describedby=\"caption-attachment-451998\" class=\"size-large wp-image-451998\" src=\"https:\/\/www.diarioimagen.net\/wp-content\/uploads\/2019\/11\/NAUCALPAN-9-460x307.jpg\" alt=\"\" width=\"460\" height=\"307\" srcset=\"https:\/\/www.diarioimagen.net\/wp-content\/uploads\/2019\/11\/NAUCALPAN-9-460x307.jpg 460w, https:\/\/www.diarioimagen.net\/wp-content\/uploads\/2019\/11\/NAUCALPAN-9-240x160.jpg 240w, https:\/\/www.diarioimagen.net\/wp-content\/uploads\/2019\/11\/NAUCALPAN-9.jpg 700w\" sizes=\"auto, (max-width: 460px) 100vw, 460px\" \/><\/a><p id=\"caption-attachment-451998\" class=\"wp-caption-text\">La alcaldesa Patricia Dur\u00e1n Reveles entreg\u00f3 432 aparatos funcionales a personas con movilidad reducida o con discapacidad motriz.<\/p><\/div>\n<p>&nbsp;<\/p>\n<p><strong>Naucalpan, Estado de M\u00e9xico<\/strong>.- La Presidenta Municipal, Patricia Dur\u00e1n Reveles, entreg\u00f3 432 aparatos funcionales a personas con movilidad reducida o con discapacidad motriz, para mejorar su calidad de vida.<\/p>\n<p>Con recursos propios y apoyo de la Secretar\u00eda de Desarrollo Social, se concret\u00f3 la entrega de sillas de ruedas, andaderas, bastones cuello de ganso, bastones blancos, andaderas, muletas y c\u00f3modos sanitarios.<\/p>\n<p>La Alcaldesa expres\u00f3 que se trabaja todos los d\u00edas para abatir el abandono que hubo durante muchos a\u00f1os en el municipio.<\/p>\n<p>\u201cEn mi Gobierno lo m\u00e1s importante es tener contacto con ustedes, hemos estado trabajando en nuestro concepto que est\u00e1 plasmado en el Plan de Desarrollo Municipal de Seguridad Humana, trabajar y asegurar a las personas en todo lo que necesiten para que vivan bien. Todos los d\u00edas estamos trabajando para generar bienestar\u201d, dijo Dur\u00e1n Reveles.<\/p>\n<p>Destac\u00f3 que aparte de la labor que realiza el Sistema Municipal DIF en la entrega de apoyos a personas en situaci\u00f3n vulnerable, se asignaron recursos propios a la Secretar\u00eda de Desarrollo Social para comprar y entregar aparatos funcionales a quienes m\u00e1s lo necesitan.<\/p>\n<p>\u201cS\u00e9 de la importancia de tener una silla de ruedas, unas muletas, un bast\u00f3n\u2026 he conocido familias que durante a\u00f1os han esperado un aparato para poder llevar a sus familiares por las calles o salir a pasear con sus familiares. Les pido tengan la seguridad de que seguiremos trabajando para que tengan una mejor calidad de vida\u201d, expres\u00f3 la Presidenta Municipal.<\/p>\n<p>El Secretario de Desarrollo Social, Pedro G\u00e1lvez Bastida, invit\u00f3 a los asistentes a aprovechar todos los programas que el Ayuntamiento implementa, como las canastas alimentarias, descuentos en OAPAS, microcr\u00e9ditos, becas a estudiantes y deportistas, que buscan impulsar la Seguridad Humana de los naucalpenses.<\/p>\n<p>\u201cAl finalizar el a\u00f1o, la Secretar\u00eda de Desarrollo Social habr\u00e1 de entregar 755 apoyos funcionales, sabemos que es poco, pero el pr\u00f3ximo a\u00f1o continuaremos y les pedimos que sean nuestro portavoz para que inviten a sus familiares y aprovechen todos los programas que existen en el Ayuntamiento\u201d, dijo G\u00e1lvez Bastida.<\/p>\n<p>De acuerdo con datos publicados en 2016 por el Instituto Nacional de Estad\u00edstica y Geograf\u00eda (INEGI), el 6 por ciento de la poblaci\u00f3n mexicana, aproximadamente 7.1 millones de personas, manifest\u00f3 tener alg\u00fan tipo de discapacidad, lo que merma su calidad de vida.<\/p>\n<p>Al acto, que se llev\u00f3 a cabo con el apoyo de la Direcci\u00f3n de Grupos en Situaci\u00f3n de Vulnerabilidad y el Departamento para la Atenci\u00f3n de Personas con Discapacidad de Naucalpan, tambi\u00e9n asistieron Joaqu\u00edn L\u00f3pez Mart\u00ednez, coordinador del Comit\u00e9 de Participaci\u00f3n Ciudadana del Sistema Anticorrupci\u00f3n e integrante del Consejo de Honestidad.<\/p>\n<p>Tambi\u00e9n acudi\u00f3 Claudia M\u00e1rquez D\u00edaz, jefa de la Divisi\u00f3n de Ciencias Socioecon\u00f3micas de la FES Acatl\u00e1n, y Alfredo Herrera, miembro del Consejo de Honestidad, as\u00ed como Regidores, Secretarios y directores de las diversas \u00e1reas del municipio.<\/p>\n","protected":false},"excerpt":{"rendered":"<p>La Presidenta Municipal, Patricia Dur\u00e1n Reveles, entreg\u00f3 432 aparatos funcionales a personas con movilidad reducida o con discapacidad motriz, para mejorar su calidad de vida.<\/p>\n","protected":false},"author":3,"featured_media":451998,"comment_status":"open","ping_status":"open","sticky":false,"template":"","format":"standard","meta":{"_monsterinsights_skip_tracking":false,"_monsterinsights_sitenote_active":false,"_monsterinsights_sitenote_note":"","_monsterinsights_sitenote_category":0,"footnotes":""},"categories":[5],"tags":[88918,43675,77463,970],"class_list":["post-451925","post","type-post","status-publish","format-standard","has-post-thumbnail","hentry","category-estado-de-mexico","tag-aparatos","tag-estado-de-mexico","tag-funcionales","tag-naucalpan"],"_links":{"self":[{"href":"https:\/\/www.diarioimagen.net\/index.php?rest_route=\/wp\/v2\/posts\/451925","targetHints":{"allow":["GET"]}}],"collection":[{"href":"https:\/\/www.diarioimagen.net\/index.php?rest_route=\/wp\/v2\/posts"}],"about":[{"href":"https:\/\/www.diarioimagen.net\/index.php?rest_route=\/wp\/v2\/types\/post"}],"author":[{"embeddable":true,"href":"https:\/\/www.diarioimagen.net\/index.php?rest_route=\/wp\/v2\/users\/3"}],"replies":[{"embeddable":true,"href":"https:\/\/www.diarioimagen.net\/index.php?rest_route=%2Fwp%2Fv2%2Fcomments&post=451925"}],"version-history":[{"count":0,"href":"https:\/\/www.diarioimagen.net\/index.php?rest_route=\/wp\/v2\/posts\/451925\/revisions"}],"wp:featuredmedia":[{"embeddable":true,"href":"https:\/\/www.diarioimagen.net\/index.php?rest_route=\/wp\/v2\/media\/451998"}],"wp:attachment":[{"href":"https:\/\/www.diarioimagen.net\/index.php?rest_route=%2Fwp%2Fv2%2Fmedia&parent=451925"}],"wp:term":[{"taxonomy":"category","embeddable":true,"href":"https:\/\/www.diarioimagen.net\/index.php?rest_route=%2Fwp%2Fv2%2Fcategories&post=451925"},{"taxonomy":"post_tag","embeddable":true,"href":"https:\/\/www.diarioimagen.net\/index.php?rest_route=%2Fwp%2Fv2%2Ftags&post=451925"}],"curies":[{"name":"wp","href":"https:\/\/api.w.org\/{rel}","templated":true}]}}