{"id":451929,"date":"2019-11-29T00:01:47","date_gmt":"2019-11-29T06:01:47","guid":{"rendered":"https:\/\/www.diarioimagen.net\/?p=451929"},"modified":"2019-11-29T03:34:06","modified_gmt":"2019-11-29T09:34:06","slug":"huixquilucan-recibe-cumbre-wed-mexico-2019","status":"publish","type":"post","link":"https:\/\/www.diarioimagen.net\/?p=451929","title":{"rendered":"Huixquilucan recibe cumbre WED M\u00e9xico 2019"},"content":{"rendered":"<p><a href=\"https:\/\/www.diarioimagen.net\/?attachment_id=452004\" rel=\"attachment wp-att-452004\"><img loading=\"lazy\" decoding=\"async\" class=\"aligncenter size-large wp-image-452004\" src=\"https:\/\/www.diarioimagen.net\/wp-content\/uploads\/2019\/11\/HUIXQUILUCAN-7-460x259.jpg\" alt=\"\" width=\"460\" height=\"259\" srcset=\"https:\/\/www.diarioimagen.net\/wp-content\/uploads\/2019\/11\/HUIXQUILUCAN-7-460x259.jpg 460w, https:\/\/www.diarioimagen.net\/wp-content\/uploads\/2019\/11\/HUIXQUILUCAN-7-240x135.jpg 240w, https:\/\/www.diarioimagen.net\/wp-content\/uploads\/2019\/11\/HUIXQUILUCAN-7-235x132.jpg 235w, https:\/\/www.diarioimagen.net\/wp-content\/uploads\/2019\/11\/HUIXQUILUCAN-7-202x114.jpg 202w, https:\/\/www.diarioimagen.net\/wp-content\/uploads\/2019\/11\/HUIXQUILUCAN-7-350x196.jpg 350w, https:\/\/www.diarioimagen.net\/wp-content\/uploads\/2019\/11\/HUIXQUILUCAN-7-220x123.jpg 220w, https:\/\/www.diarioimagen.net\/wp-content\/uploads\/2019\/11\/HUIXQUILUCAN-7-237x132.jpg 237w, https:\/\/www.diarioimagen.net\/wp-content\/uploads\/2019\/11\/HUIXQUILUCAN-7.jpg 480w\" sizes=\"auto, (max-width: 460px) 100vw, 460px\" \/><\/a><\/p>\n<p>&nbsp;<\/p>\n<p><strong>Huixquilucan, Estado de M\u00e9xico.<\/strong><strong>&#8211; <\/strong>\u201cEn mi gobierno y en mi vida siempre he impulsado a las mujeres, porque tengo grandes ejemplos en mi vida\u201d, se\u00f1al\u00f3 el presidente municipal de Huixquilucan, Enrique Vargas del Villar, durante la Cumbre Women\u00b4s Entrepreneurship Day (WED) 2019, en donde se reconoci\u00f3 la labor y trayectoria de 12 mujeres del Estado de M\u00e9xico y del interior del pa\u00eds.<\/p>\n<p>Durante el encuentro con mujeres emprendedoras del pa\u00eds, el Alcalde reconoci\u00f3 el trabajo de aquellas que laboran en la administraci\u00f3n p\u00fablica municipal y que contribuyen a que Huixquilucan sea el municipio mejor calificado de la entidad y ubicarse en el Ranking de los mejores 10 en territorio nacional.<\/p>\n","protected":false},"excerpt":{"rendered":"<p>\u201cEn mi gobierno y en mi vida siempre he impulsado a las mujeres, porque tengo grandes ejemplos en mi vida\u201d, se\u00f1al\u00f3 el presidente municipal de Huixquilucan, Enrique Vargas del Villar, durante la Cumbre Women\u00b4s Entrepreneurship Day (WED) 2019, en donde se reconoci\u00f3 la labor y trayectoria de 12 mujeres del Estado de M\u00e9xico y del interior del pa\u00eds.<\/p>\n","protected":false},"author":3,"featured_media":452004,"comment_status":"open","ping_status":"open","sticky":false,"template":"","format":"standard","meta":{"_monsterinsights_skip_tracking":false,"_monsterinsights_sitenote_active":false,"_monsterinsights_sitenote_note":"","_monsterinsights_sitenote_category":0,"footnotes":""},"categories":[5],"tags":[43675,1097,88920],"class_list":["post-451929","post","type-post","status-publish","format-standard","has-post-thumbnail","hentry","category-estado-de-mexico","tag-estado-de-mexico","tag-huixquilucan","tag-wed-mexico-2019"],"_links":{"self":[{"href":"https:\/\/www.diarioimagen.net\/index.php?rest_route=\/wp\/v2\/posts\/451929","targetHints":{"allow":["GET"]}}],"collection":[{"href":"https:\/\/www.diarioimagen.net\/index.php?rest_route=\/wp\/v2\/posts"}],"about":[{"href":"https:\/\/www.diarioimagen.net\/index.php?rest_route=\/wp\/v2\/types\/post"}],"author":[{"embeddable":true,"href":"https:\/\/www.diarioimagen.net\/index.php?rest_route=\/wp\/v2\/users\/3"}],"replies":[{"embeddable":true,"href":"https:\/\/www.diarioimagen.net\/index.php?rest_route=%2Fwp%2Fv2%2Fcomments&post=451929"}],"version-history":[{"count":0,"href":"https:\/\/www.diarioimagen.net\/index.php?rest_route=\/wp\/v2\/posts\/451929\/revisions"}],"wp:featuredmedia":[{"embeddable":true,"href":"https:\/\/www.diarioimagen.net\/index.php?rest_route=\/wp\/v2\/media\/452004"}],"wp:attachment":[{"href":"https:\/\/www.diarioimagen.net\/index.php?rest_route=%2Fwp%2Fv2%2Fmedia&parent=451929"}],"wp:term":[{"taxonomy":"category","embeddable":true,"href":"https:\/\/www.diarioimagen.net\/index.php?rest_route=%2Fwp%2Fv2%2Fcategories&post=451929"},{"taxonomy":"post_tag","embeddable":true,"href":"https:\/\/www.diarioimagen.net\/index.php?rest_route=%2Fwp%2Fv2%2Ftags&post=451929"}],"curies":[{"name":"wp","href":"https:\/\/api.w.org\/{rel}","templated":true}]}}