{"id":452163,"date":"2019-12-02T00:03:48","date_gmt":"2019-12-02T06:03:48","guid":{"rendered":"https:\/\/www.diarioimagen.net\/?p=452163"},"modified":"2019-12-02T04:04:54","modified_gmt":"2019-12-02T10:04:54","slug":"informe-de-refritos","status":"publish","type":"post","link":"https:\/\/www.diarioimagen.net\/?p=452163","title":{"rendered":"Informe de refritos"},"content":{"rendered":"<h2>Espacio Electoral<\/h2>\n<h5>Eleazar Flores<\/h5>\n<p>&nbsp;<\/p>\n<p><strong>\u00bfCU\u00c1L NOTICIA?<\/strong>-. En la lectura de su cuarto informe, -el primero lo dio a los 100 d\u00edas, el segundo en julio, al a\u00f1o de ganar la elecci\u00f3n y el tercero en septiembre-, el presidente Andr\u00e9s Manuel L\u00f3pez Obrador no dijo nada nuevo, advirti\u00f3 un exigente director de peri\u00f3dico que a sus reporteros exige noticias.<\/p>\n<p>La \u00fanica novedad fue la grata presencia del ex presidente uruguayo, Jos\u00e9 Mujica, de ah\u00ed en fuera puros refritos, hasta la defensa a ultranza del ex presidente boliviano Evo Morales.<\/p>\n<p><strong>OTROS DATOS<\/strong>-. Como de los \u201clogros\u201d del laaargu\u00edsimo informe presidencial se ocupar\u00e1n la mayor\u00eda de los reporteros, que por ser de la \u201cfuente\u201d tienen la obligaci\u00f3n de enumerarlos, habr\u00e1 que dar un paso al lado para citar hechos que se sucedieron durante este fin de semana, destacando por desgracia n\u00fameros del M\u00e9xico rojo con 14 muertos en Coahuila y 3 en Michoac\u00e1n.<\/p>\n<p>Los datos discordantes no le\u00eddos en el multitudinario acto de Morena frente a Palacio Nacional se dieron en marchas no tan concurridas pues ah\u00ed no hubo acarreados, como las de El \u00c1ngel de la Independencia al monumento a la Revoluci\u00f3n, donde destacaron quienes apoyan a la familia LeBar\u00f3n, que hace poco m\u00e1s de un mes perdieron a 9 personas, mujeres y ni\u00f1os entre ellas.<\/p>\n<p>Con todo el dolor que les significa por la p\u00e9rdida de vidas inocentes, Los LeBar\u00f3n pueden estar tranquilos, pues hasta los ne\u00f3fitos de las redes sociales saben que los ataques a los norte\u00f1os de doble nacionalidad, las incentivan y promueven j\u00f3venes simpatizantes de Morena, cuyo coordinador sin cartera es alg\u00fan hijo de ya saben qui\u00e9n, pero ni para\u00a0 comprobar o desmentir.<\/p>\n<p>De la prensa escrita es dif\u00edcil escoger, por buenas, algunas portadas pero son imperdibles \u201cAplanadora\u201d de Proceso y por supuesto los \u201cc\u00f3mos\u201d de <em>El Sol de M\u00e9xico<\/em>.<\/p>\n<p><strong>EDOMEX<\/strong>-. Sin presunciones, se confirma lo aqu\u00ed anticipado: el s\u00e1bado estuvo en Toluca el l\u00edder nacional tricolor Alejandro Moreno para tomar la protesta a la \u201cnueva\u201d dirigente, Alejandra del Moral, de todas las confianzas del primer priista, Alfredo del Mazo, quien obviamente tambi\u00e9n presenci\u00f3 el evento, pidiendo \u00e9l mismo \u201cretomar las causas sociales del partido\u201d.<\/p>\n<p>El dirigente nacional se comprometi\u00f3 a que en 2021 ganar\u00e1n las elecciones federales intermedias y las locales que se celebrar\u00e1n en catorce entidades federativas. Destac\u00f3 la disciplina de los priistas mexiquenses a quienes pidi\u00f3 recorrer las calles y los pueblos con la finalidad de buscar mayor identificaci\u00f3n, m\u00e1s all\u00e1 de los 963 mil afiliados que ahora se tienen.<\/p>\n<p>Al menos en el evento sabatino no hubo mayores sorpresas, pero al parecer habr\u00e1 reforzamiento en algunas secretar\u00edas con miras a 2020 y 2021.<\/p>\n<p><a href=\"mailto:elefa44@gmail.com\" target=\"_blank\" rel=\"noopener noreferrer\"><em>elefa44@gmail.com<\/em><\/a><\/p>\n","protected":false},"excerpt":{"rendered":"<p><span style=\"color: #005497;\"><strong>Eleazar Flores<\/strong><\/span><\/p>\n","protected":false},"author":3,"featured_media":0,"comment_status":"open","ping_status":"open","sticky":false,"template":"","format":"standard","meta":{"_monsterinsights_skip_tracking":false,"_monsterinsights_sitenote_active":false,"_monsterinsights_sitenote_note":"","_monsterinsights_sitenote_category":0,"footnotes":""},"categories":[81743],"tags":[81744,81776],"class_list":["post-452163","post","type-post","status-publish","format-standard","hentry","category-eleazar-flores","tag-eleazar-flores","tag-espacio-electoral"],"_links":{"self":[{"href":"https:\/\/www.diarioimagen.net\/index.php?rest_route=\/wp\/v2\/posts\/452163","targetHints":{"allow":["GET"]}}],"collection":[{"href":"https:\/\/www.diarioimagen.net\/index.php?rest_route=\/wp\/v2\/posts"}],"about":[{"href":"https:\/\/www.diarioimagen.net\/index.php?rest_route=\/wp\/v2\/types\/post"}],"author":[{"embeddable":true,"href":"https:\/\/www.diarioimagen.net\/index.php?rest_route=\/wp\/v2\/users\/3"}],"replies":[{"embeddable":true,"href":"https:\/\/www.diarioimagen.net\/index.php?rest_route=%2Fwp%2Fv2%2Fcomments&post=452163"}],"version-history":[{"count":0,"href":"https:\/\/www.diarioimagen.net\/index.php?rest_route=\/wp\/v2\/posts\/452163\/revisions"}],"wp:attachment":[{"href":"https:\/\/www.diarioimagen.net\/index.php?rest_route=%2Fwp%2Fv2%2Fmedia&parent=452163"}],"wp:term":[{"taxonomy":"category","embeddable":true,"href":"https:\/\/www.diarioimagen.net\/index.php?rest_route=%2Fwp%2Fv2%2Fcategories&post=452163"},{"taxonomy":"post_tag","embeddable":true,"href":"https:\/\/www.diarioimagen.net\/index.php?rest_route=%2Fwp%2Fv2%2Ftags&post=452163"}],"curies":[{"name":"wp","href":"https:\/\/api.w.org\/{rel}","templated":true}]}}