{"id":452495,"date":"2019-12-04T00:02:33","date_gmt":"2019-12-04T06:02:33","guid":{"rendered":"https:\/\/www.diarioimagen.net\/?p=452495"},"modified":"2019-12-04T01:18:17","modified_gmt":"2019-12-04T07:18:17","slug":"sera-que-en-mexico-no-se-necesita-vicepresidente","status":"publish","type":"post","link":"https:\/\/www.diarioimagen.net\/?p=452495","title":{"rendered":"\u00bfSer\u00e1 que en M\u00e9xico no se necesita vicepresidente?"},"content":{"rendered":"<h2>La Retaguardia<\/h2>\n<h5>Adriana Moreno Cordero<\/h5>\n<p>&nbsp;<\/p>\n<ul>\n<li><strong><em>Outsourcing, evidencia diferencias en Morena<\/em><\/strong><\/li>\n<li><strong><em>David Le\u00f3n, buenas cuentas<\/em><\/strong><\/li>\n<\/ul>\n<p>&nbsp;<\/p>\n<p>Pues nada, que el secretario de Relaciones Exteriores, <strong>Marcelo Ebrard Casaub\u00f3n<\/strong>, estuvo ayer en el Senado de la Rep\u00fablica, para comparecer y ante los comentarios de que el canciller se ha vuelto materialmente el vicepresidente de M\u00e9xico, acaso por la incompetencia del resto del gabinete de la llamada Cuarta Transformaci\u00f3n, -como se comenta desde hace tiempo en los corrillos pol\u00edticos-, ataj\u00f3 diciendo enf\u00e1tico ante los legisladores que \u201cen M\u00e9xico, tenemos mucho Presidente (<strong>Andr\u00e9s Manuel L\u00f3pez Obrador<\/strong>), por lo que no necesitamos vicepresidente\u201d. \u00bfSer\u00e1?<\/p>\n<p>El cuestionamiento anterior viene a cuento porque como se ha consignado en este espacio en anterior entrega, figuras como la de la siempre flamante secretaria de Gobernaci\u00f3n, <strong>Olga S\u00e1nchez Cordero<\/strong>, pr\u00e1cticamente y apenas a un a\u00f1o de iniciada la actual administraci\u00f3n, est\u00e1n solamente \u201cde adorno\u201d, pues los asuntos verdaderamente dif\u00edciles, que por cierto son muchos, le han sido encomendados a Ebrard Casaub\u00f3n.<\/p>\n<p>As\u00ed, el titular de la SRE se ha convertido, a querer o no, en el mecanismo que utiliza el tabasque\u00f1o un d\u00eda s\u00ed y al otro tambi\u00e9n, para evadir responder a las promesas no cumplidas, como por ejemplo, el caso LeBar\u00f3n o bien, las constantes amenazas del presidente de Estados Unidos, <strong>Donald Trump<\/strong> a M\u00e9xico.<\/p>\n<p>Ya se comentaba tambi\u00e9n anteriormente, que el canciller no puede con tantos asuntos. M\u00e1s bien, Ebrard hace lo que puede y no ha demostrado ser el \u201cs\u00faper h\u00e9roe\u201d que su jefe espera. Sin embargo, la idea de trascender al 2024, sin duda, seduce y mucho al canciller.<\/p>\n<p>No obstante y por tacto pol\u00edtico, Ebrard tiene ahora que dar todo su apoyo a su jefe y sobre todo, debe cuidarse de no ser objetivo del rencor presidencial, ya que eso le podr\u00eda costar muy caro al titular de la SRE, al que le ha servido hasta de traductor.<\/p>\n<p>Por lo anterior, durante su comparecencia, los senadores de Movimiento Ciudadano, <strong>Clemente Casta\u00f1eda<\/strong>; del PRI, <strong>Claudia Ruiz Massieu<\/strong> y del PAN, <strong>Alejandra Reynoso<\/strong>, se dieron a la tarea de poner en entredicho cu\u00e1l es en realidad la labor de Ebrard no solo al frente de la Secretar\u00eda de Relaciones Exteriores.<\/p>\n<p style=\"text-align: center;\"><strong>MUNICIONES<\/strong><\/p>\n<p>*** Por acuerdo de la Junta de Coordinaci\u00f3n Pol\u00edtica del Senado, que preside <strong>Ricardo Monreal \u00c1vila<\/strong>, qued\u00f3 pospuesta la discusi\u00f3n del dictamen para la regulaci\u00f3n del Outsourcing, aprobado por las comisiones del Trabajo y de Estudios Legislativos Segunda. El documento fue recibido por la Mesa Directiva de la C\u00e1mara alta, la cual preside <strong>M\u00f3nica Fern\u00e1ndez Balboa<\/strong>, con la intenci\u00f3n de posponer el debate ante el pleno del Senado, debido a su importancia, para que se discuta y analice\u00a0en Parlamento Abierto. El Dictamen que propone reformas a la Ley Federal del Trabajo y del Instituto Mexicano del Seguro Social, en materia de subcontrataci\u00f3n requiere de mayor reflexi\u00f3n, discusi\u00f3n y debate por todos los sectores involucrados, menciona el documento signado por el presidente de la Junta de Coordinaci\u00f3n Pol\u00edtica, Ricardo Monreal. El intento de madruguete del senador <strong>Napole\u00f3n G\u00f3mez Urrutia<\/strong>, esta ma\u00f1ana, provoc\u00f3 fuertes reacciones de industriales y empresarios, pero no solo en este sector, tambi\u00e9n al seno de su partido, Morena, la divisi\u00f3n est\u00e1 a la orden del d\u00eda, por ello, el zacatecano hizo un exhorto para que esta iniciativa que contra viento y marea quer\u00eda sacar adelante G\u00f3mez Urrutia, se someta a un per\u00edodo de mayor reflexi\u00f3n, \u00bfacaso la congeladora?<\/p>\n<p>*** A este respecto La Confederaci\u00f3n Patronal de la Rep\u00fablica Mexicana (Coparmex) y el Consejo Coordinador Empresarial, (CCE), subrayaron que prohibir la subcontrataci\u00f3n es un error que podr\u00eda inhibir la inversi\u00f3n y la competitividad. Espec\u00edficamente, los organismos empresariales se\u00f1alaron: \u201cEl proyecto de decreto que reforma y adiciona diversas disposiciones de la Ley Federal del Trabajo y de la Ley del Seguro Social, en materia de subcontrataci\u00f3n, que se encuentra en proceso en el Senado de la Rep\u00fablica, representa un grave error, ya que busca prohibir la tercerizaci\u00f3n o subcontrataci\u00f3n en actividades preponderantes o principales en una empresa, lo cual afectar\u00eda la generaci\u00f3n de empleo\u201d. Pero en todo esto, una pregunta no sobra: \u00bfpor qu\u00e9 el dirigente minero G\u00f3mez Urrutia se ha empa\u00f1ado en enfrentarse tanto a su partido como a los empresarios? Ahora por lo menos, dicha controvertida iniciativa, se ha ido a dormir \u201cel sue\u00f1o de los justos\u201d.<\/p>\n<p>*** Al encabezar la conferencia de prensa con motivo del cierre de la temporada de ciclones y lluvias en el pa\u00eds, <strong>Alfonso Durazo<\/strong>, secretario de Seguridad y Protecci\u00f3n Ciudadana, destac\u00f3 el uso eficiente de los recursos ejercidos en materia de protecci\u00f3n civil, sin escatimar un solo peso que fuera imprescindible para atender las consecuencias de un evento climatol\u00f3gico. Hay que recordar que el a\u00f1o pasado se emitieron m\u00e1s del doble de declaratorias de emergencia y desastre, sumando 127 en total, mientras que este a\u00f1o, se emitieron alrededor de 67 mil 49 declaratorias de la temporada. Asimismo, los costos en evento de protecci\u00f3n civil el a\u00f1o pasado, ascendieron a 13 mil 37 millones de pesos. Este a\u00f1o se han ejercido 13 mil 37 millones, lo que habla de la eficiencia con la que se ha ejercido el gasto, pero tambi\u00e9n de la honestidad con la que se ejerci\u00f3. En este sentido, si bien hay que reconocer el apoyo que en este rubro han dado tanto la Secretar\u00eda de la Defensa Nacional como la de Marina han dado a la ciudadan\u00eda en esta temporada, tambi\u00e9n habr\u00eda que reconocer la labor de <strong>David Le\u00f3n Romero<\/strong>, Coordinador Nacional de Protecci\u00f3n Civil, dependiente de la Segob.<\/p>\n<p>*** La Sala Superior del TEPJF envi\u00f3 a la Suprema Corte de Justicia de la Naci\u00f3n que\u00a0 jur\u00eddicamente No es procedente ampliar el per\u00edodo del gobernador <strong>Jaime Bonilla <\/strong>que con esto, recibo menudo rev\u00e9s. O sea, ratifica que el per\u00edodo de Bonilla Valdez es solamente de dos a\u00f1os y no de cinco, como pretende el Ejecutivo estatal. Habr\u00eda que recordar que en el equipo del gobernador morenista, ya hay funcionarios duramente cuestionados por un asunto de los conocidos \u201cmoches\u201d como Laura Castro, y eso que apenas llevan un mes en el cargo. \u00a1Qu\u00e9 tal!<\/p>\n<p><a href=\"mailto:morcora@gmail.com\" target=\"_blank\" rel=\"noopener noreferrer\"><em>morcora@gmail.com<\/em><\/a><\/p>\n","protected":false},"excerpt":{"rendered":"<p><span style=\"color: #005497;\"><strong>Adriana Moreno Cordero<\/strong><\/span><\/p>\n","protected":false},"author":3,"featured_media":0,"comment_status":"open","ping_status":"open","sticky":false,"template":"","format":"standard","meta":{"_monsterinsights_skip_tracking":false,"_monsterinsights_sitenote_active":false,"_monsterinsights_sitenote_note":"","_monsterinsights_sitenote_category":0,"footnotes":""},"categories":[69370],"tags":[69369,69368,43674],"class_list":["post-452495","post","type-post","status-publish","format-standard","hentry","category-adriana-moreno-cordero","tag-adriana-moreno-cordero","tag-la-retaguardia","tag-opinion"],"_links":{"self":[{"href":"https:\/\/www.diarioimagen.net\/index.php?rest_route=\/wp\/v2\/posts\/452495","targetHints":{"allow":["GET"]}}],"collection":[{"href":"https:\/\/www.diarioimagen.net\/index.php?rest_route=\/wp\/v2\/posts"}],"about":[{"href":"https:\/\/www.diarioimagen.net\/index.php?rest_route=\/wp\/v2\/types\/post"}],"author":[{"embeddable":true,"href":"https:\/\/www.diarioimagen.net\/index.php?rest_route=\/wp\/v2\/users\/3"}],"replies":[{"embeddable":true,"href":"https:\/\/www.diarioimagen.net\/index.php?rest_route=%2Fwp%2Fv2%2Fcomments&post=452495"}],"version-history":[{"count":0,"href":"https:\/\/www.diarioimagen.net\/index.php?rest_route=\/wp\/v2\/posts\/452495\/revisions"}],"wp:attachment":[{"href":"https:\/\/www.diarioimagen.net\/index.php?rest_route=%2Fwp%2Fv2%2Fmedia&parent=452495"}],"wp:term":[{"taxonomy":"category","embeddable":true,"href":"https:\/\/www.diarioimagen.net\/index.php?rest_route=%2Fwp%2Fv2%2Fcategories&post=452495"},{"taxonomy":"post_tag","embeddable":true,"href":"https:\/\/www.diarioimagen.net\/index.php?rest_route=%2Fwp%2Fv2%2Ftags&post=452495"}],"curies":[{"name":"wp","href":"https:\/\/api.w.org\/{rel}","templated":true}]}}