{"id":453372,"date":"2019-12-11T00:02:39","date_gmt":"2019-12-11T06:02:39","guid":{"rendered":"https:\/\/www.diarioimagen.net\/?p=453372"},"modified":"2019-12-11T06:28:14","modified_gmt":"2019-12-11T12:28:14","slug":"en-cuautitlan-disfrutan-familias-el-encendido-del-arbol-navideno","status":"publish","type":"post","link":"https:\/\/www.diarioimagen.net\/?p=453372","title":{"rendered":"En Cuautitl\u00e1n disfrutan familias el encendido del \u00e1rbol navide\u00f1o"},"content":{"rendered":"<p><a href=\"https:\/\/www.diarioimagen.net\/?attachment_id=453447\" rel=\"attachment wp-att-453447\"><img loading=\"lazy\" decoding=\"async\" class=\"aligncenter size-large wp-image-453447\" src=\"https:\/\/www.diarioimagen.net\/wp-content\/uploads\/2019\/12\/cuautitlan-1-460x230.jpg\" alt=\"\" width=\"460\" height=\"230\" srcset=\"https:\/\/www.diarioimagen.net\/wp-content\/uploads\/2019\/12\/cuautitlan-1-460x230.jpg 460w, https:\/\/www.diarioimagen.net\/wp-content\/uploads\/2019\/12\/cuautitlan-1-240x120.jpg 240w, https:\/\/www.diarioimagen.net\/wp-content\/uploads\/2019\/12\/cuautitlan-1.jpg 700w\" sizes=\"auto, (max-width: 460px) 100vw, 460px\" \/><\/a><\/p>\n<p>&nbsp;<\/p>\n<p><strong>Cuautitl\u00e1n, Estado de M\u00e9xico<\/strong><strong>.- <\/strong>Con gran expectaci\u00f3n de cientos de ni\u00f1os y adultos, este fin de semana pudieron disfrutar del encendido del \u00e1rbol de navidad en el Parque de la Cruz, que el gobierno de Cuautitl\u00e1n ha organizado para todos los vecinos, donde adem\u00e1s presenciaron el espect\u00e1culo art\u00edstico Show Navide\u00f1o como inicio de la temporada decembrina.<\/p>\n<p>Desde temprana hora se dieron cita decenas de familias que esperaban ver la iluminaci\u00f3n del \u00e1rbol navide\u00f1o, como parte de las actividades que el Instituto Municipal de Cultura y Vestigios Arqueol\u00f3gicos, realiza para fomentar la convivencia familiar con actividades recreativas y art\u00edsticas, en todo el municipio.<\/p>\n","protected":false},"excerpt":{"rendered":"<p>Con gran expectaci\u00f3n de cientos de ni\u00f1os y adultos, este fin de semana pudieron disfrutar del encendido del \u00e1rbol de navidad en el Parque de la Cruz, que el gobierno de Cuautitl\u00e1n ha organizado para todos los vecinos, donde adem\u00e1s presenciaron el espect\u00e1culo art\u00edstico Show Navide\u00f1o como inicio de la temporada decembrina.<\/p>\n","protected":false},"author":3,"featured_media":453447,"comment_status":"open","ping_status":"open","sticky":false,"template":"","format":"standard","meta":{"_monsterinsights_skip_tracking":false,"_monsterinsights_sitenote_active":false,"_monsterinsights_sitenote_note":"","_monsterinsights_sitenote_category":0,"footnotes":""},"categories":[5],"tags":[681,43675,89145],"class_list":["post-453372","post","type-post","status-publish","format-standard","has-post-thumbnail","hentry","category-estado-de-mexico","tag-cuautitlan","tag-estado-de-mexico","tag-parque-de-la-cruz"],"_links":{"self":[{"href":"https:\/\/www.diarioimagen.net\/index.php?rest_route=\/wp\/v2\/posts\/453372","targetHints":{"allow":["GET"]}}],"collection":[{"href":"https:\/\/www.diarioimagen.net\/index.php?rest_route=\/wp\/v2\/posts"}],"about":[{"href":"https:\/\/www.diarioimagen.net\/index.php?rest_route=\/wp\/v2\/types\/post"}],"author":[{"embeddable":true,"href":"https:\/\/www.diarioimagen.net\/index.php?rest_route=\/wp\/v2\/users\/3"}],"replies":[{"embeddable":true,"href":"https:\/\/www.diarioimagen.net\/index.php?rest_route=%2Fwp%2Fv2%2Fcomments&post=453372"}],"version-history":[{"count":0,"href":"https:\/\/www.diarioimagen.net\/index.php?rest_route=\/wp\/v2\/posts\/453372\/revisions"}],"wp:featuredmedia":[{"embeddable":true,"href":"https:\/\/www.diarioimagen.net\/index.php?rest_route=\/wp\/v2\/media\/453447"}],"wp:attachment":[{"href":"https:\/\/www.diarioimagen.net\/index.php?rest_route=%2Fwp%2Fv2%2Fmedia&parent=453372"}],"wp:term":[{"taxonomy":"category","embeddable":true,"href":"https:\/\/www.diarioimagen.net\/index.php?rest_route=%2Fwp%2Fv2%2Fcategories&post=453372"},{"taxonomy":"post_tag","embeddable":true,"href":"https:\/\/www.diarioimagen.net\/index.php?rest_route=%2Fwp%2Fv2%2Ftags&post=453372"}],"curies":[{"name":"wp","href":"https:\/\/api.w.org\/{rel}","templated":true}]}}