{"id":454235,"date":"2019-12-18T00:01:04","date_gmt":"2019-12-18T06:01:04","guid":{"rendered":"https:\/\/www.diarioimagen.net\/?p=454235"},"modified":"2019-12-18T01:38:36","modified_gmt":"2019-12-18T07:38:36","slug":"ahora-que-cumple-catorce-anos-interjet-ha-transportado-a-mas-de-100-millones-de-personas-a-55-destinos-en-diez-paises","status":"publish","type":"post","link":"https:\/\/www.diarioimagen.net\/?p=454235","title":{"rendered":"Ahora que cumple catorce a\u00f1os, <em>Interjet<\/em> ha transportado a m\u00e1s de 100 millones de personas a 55 destinos en diez pa\u00edses"},"content":{"rendered":"<h2>De cinco estrellas<\/h2>\n<h5>Victoria Gonz\u00e1lez Prado<\/h5>\n<p>&nbsp;<\/p>\n<ul>\n<li><strong><em>Celebra las fiestas decembrinas, Navidad y Fin de A\u00f1o, en alguno de los restaurantes de <\/em>Presidente InterContinental<\/strong><\/li>\n<\/ul>\n<p>&nbsp;<\/p>\n<div id=\"attachment_454314\" style=\"width: 470px\" class=\"wp-caption aligncenter\"><a href=\"https:\/\/www.diarioimagen.net\/?attachment_id=454314\" rel=\"attachment wp-att-454314\"><img loading=\"lazy\" decoding=\"async\" aria-describedby=\"caption-attachment-454314\" class=\"size-large wp-image-454314\" src=\"https:\/\/www.diarioimagen.net\/wp-content\/uploads\/2019\/12\/turismo-7-460x259.jpg\" alt=\"\" width=\"460\" height=\"259\" srcset=\"https:\/\/www.diarioimagen.net\/wp-content\/uploads\/2019\/12\/turismo-7-460x259.jpg 460w, https:\/\/www.diarioimagen.net\/wp-content\/uploads\/2019\/12\/turismo-7-240x135.jpg 240w, https:\/\/www.diarioimagen.net\/wp-content\/uploads\/2019\/12\/turismo-7-235x132.jpg 235w, https:\/\/www.diarioimagen.net\/wp-content\/uploads\/2019\/12\/turismo-7-202x114.jpg 202w, https:\/\/www.diarioimagen.net\/wp-content\/uploads\/2019\/12\/turismo-7-350x196.jpg 350w, https:\/\/www.diarioimagen.net\/wp-content\/uploads\/2019\/12\/turismo-7-220x123.jpg 220w, https:\/\/www.diarioimagen.net\/wp-content\/uploads\/2019\/12\/turismo-7-237x132.jpg 237w, https:\/\/www.diarioimagen.net\/wp-content\/uploads\/2019\/12\/turismo-7.jpg 480w\" sizes=\"auto, (max-width: 460px) 100vw, 460px\" \/><\/a><p id=\"caption-attachment-454314\" class=\"wp-caption-text\">La aerol\u00ednea celebra 14 a\u00f1os.<\/p><\/div>\n<p>&nbsp;<\/p>\n<p>Al cumplir ahora 14 a\u00f1os de brindar servicio de alta calidad dentro y fuera de M\u00e9xico, Interjet ha transportado a m\u00e1s de 100 millones de personas. Durante 2019 fortaleci\u00f3 su plan estrat\u00e9gico de expansi\u00f3n con renovada oferta comercial basada en la optimizaci\u00f3n de la log\u00edstica de procesos e itinerarios, as\u00ed como del uso de su flota en beneficio de clientes y aliados comerciales, lo que permitir\u00e1 cerrar el a\u00f1o con crecimiento superior a diez por ciento en la transportaci\u00f3n de pasajeros en rutas nacionales y al exterior.<\/p>\n<p>Se estima cerrar este a\u00f1o atendiendo a 15 millones 250 mil pasajeros, y a escala internacional y nacional se prev\u00e9 un aumento de 27 y cinco por ciento, respectivamente, con relaci\u00f3n al mismo periodo de 2018. El factor de ocupaci\u00f3n se ubica este a\u00f1o en 85.4 por ciento, seis puntos arriba del reportado el a\u00f1o pasado.<\/p>\n<p>La aerol\u00ednea abri\u00f3 las rutas Acapulco-Canc\u00fan, Toluca-Zihuatanejo, Canc\u00fan-Oaxaca y Toluca-Huatulco. Adicionalmente, aument\u00f3 frecuencias en rutas de alta demanda, como Ciudad de M\u00e9xico-Canc\u00fan y Monterrey-Guadalajara.<\/p>\n<p>En cuanto al mercado internacional, oper\u00f3 su segundo destino a Medell\u00edn, Colombia, con rutas hacia la Ciudad de M\u00e9xico y Canc\u00fan, anunci\u00f3 su tercer destino en esa naci\u00f3n: Cartagena, con vuelos desde y hacia la capital mexicana. Tambi\u00e9n inaugur\u00f3 vuelos en conexi\u00f3n con Guayaquil y Quito, Ecuador, y sum\u00f3 frecuencias en las rutas que conectan Ciudad de M\u00e9xico-El Salvador y Lima. Aunado a esto, se inaugur\u00f3 la ruta que conecta Lima con Canc\u00fan.<\/p>\n<p>As\u00ed, la empresa suma una oferta de 55 destinos en 10 pa\u00edses, con total de 87 rutas (42 dom\u00e9sticas y 45 internacionales) que atiende mediante m\u00e1s de 360 operaciones diarias.<\/p>\n<p>Por otra parte, anunci\u00f3 que en 2020 comienza operaciones en las rutas Monterrey-Los \u00c1ngeles y Canc\u00fan-Miami, como respuesta a los resultados positivos en transportaci\u00f3n de pasajeros en Estados Unidos de (Norte)Am\u00e9rica.<\/p>\n<p>Como muestra del fuerte compromiso que tiene con la conectividad y el desarrollo tur\u00edstico, recientemente firm\u00f3 acuerdo ampliado de colaboraci\u00f3n interlineal con <em>Emirates<\/em>, la aerol\u00ednea internacional m\u00e1s grande del mundo.<\/p>\n<p>A fin de continuar ampliando su oferta, concret\u00f3 alianza interlineal bilateral completa con <em>American Airlines<\/em>, socio fundador de la alianza <em>oneworld<\/em>. Con esto, ambas compa\u00f1\u00edas ofrecen todas sus rutas y conexiones de manera conjunta.<\/p>\n<p>Tambi\u00e9n dio seguimiento al fortalecimiento de su presencia a escala internacional al formalizar su acuerdo interlineal con <em>Qatar Airways<\/em>, l\u00ednea a\u00e9rea \u00e1rabe;\u00a0\u00a0 acuerdo de c\u00f3digo compartido con <em>Alitalia,<\/em> la principal aerol\u00ednea italiana, con la cual ya tiene alianza comercial interlineal.<\/p>\n<p><strong>William Shaw<\/strong>, director general de la aerol\u00ednea, dijo que \u201ccontinuaremos con el crecimiento de la flota, con estrategia de apertura de nuevas rutas y reforzamiento de frecuencias, siempre brindando servicio de transportaci\u00f3n de excelencia y de alto valor para sus usuarios. El esfuerzo y la pasi\u00f3n de nuestros casi seis mil colaboradores, la preferencia de los viajeros y la confianza de nuestros socios comerciales, logran que la aerol\u00ednea sea empresa s\u00f3lida\u201d.<\/p>\n<p><strong>\u00a0<\/strong><\/p>\n<p>\u2730\u2730\u2730\u2730\u2730 Diciembre es \u00e9poca de fiesta y diversi\u00f3n para disfrutar esta temporada Grupo Presidente se une a las celebraciones con dos eventos llenos de delicias culinarias perfectas para toda la familia, en sus restaurantes Alfredo Di Roma, <em>Au Pied de Cochon<\/em>, Chapul\u00edn, <em>The Palm, Lampuga Bistro Miyana<\/em> y Alfredo Di Roma Trattoria.<\/p>\n<p>Para Navidad, el 24 de diciembre a partir de las 20:00 horas se llevar\u00e1 a cabo cena en la que los invitados podr\u00e1n degustar delicioso men\u00fa de cinco tiempos por mil 500 pesos por adulto y\u00a0\u00a0 men\u00fa especial para ni\u00f1os de 5 a 10 a\u00f1os por 750 pesos en los restaurantes: Alfredo Di Roma, <em>Au Pied de Cochon<\/em>, Chapul\u00edn, y <em>The Palm<\/em> Polanco; en <em>The Palm<\/em> Santa Fe el precio por adulto es de mil 300 pesos y por ni\u00f1o de 650 pesos. Adem\u00e1s, como sorpresa para los peque\u00f1os del hogar, Santa Claus pasar\u00e1 a visitarlos y regalar\u00e1 apetitosas galletas.<\/p>\n<p>Para aquellos que prefieren festejar en casa y disfrutar de exquisita cena sin tener que cocinar, la mejor opci\u00f3n, es la Cena para Llevar del restaurante <em>Au Pied de Cochon<\/em> Polanco, por 2 mil 950 pesos, ideal para ocho personas que incluye: <em>Pavo <\/em>al estilo franc\u00e9s relleno de <em>foie gras<\/em> y trufa con guarnici\u00f3n de papa <em>fondante<\/em> y pimiento relleno. Estar\u00e1 disponible del 15 al 24 de diciembre y es necesario realizar los pedidos con tres d\u00edas de anticipaci\u00f3n.<\/p>\n<p>Para esperar el <strong>A\u00f1o Nuevo<\/strong>, la noche del 31 de diciembre a partir de las 20:00 horas, Presidente InterContinental Polanco y Santa Fe contar\u00e1n con <em>\u201cNoche de Estrellas\u201d,<\/em> fiesta con todo el glamur de las salas cinematogr\u00e1ficas y gran <em>show<\/em> que engalanar\u00e1 el <em>lobby.<\/em> A partir de las 22:00 horas, los restaurantes de especialidad Alfredo Di Roma, Au Pied de Cochon, Chapul\u00edn y The Palm se visten de manteles largos y te esperan para disfrutar exquisita cena llena de animaci\u00f3n, DJ y conteo regresivo para recibir el a\u00f1o 2020.<\/p>\n<p>El precio por adulto en cualquiera de los restaurantes de Polanco es de 3 mil 900 pesos y en Santa Fe de 2 mil 990; los ni\u00f1os de 5 a 10 a\u00f1os pagan solo la mitad. Por cada dos boletos de adulto adquiridos se otorgar\u00e1 una habitaci\u00f3n en cortes\u00eda con ocupaci\u00f3n doble para las primeras 200 reservaciones en Polanco y 50 en Santa Fe. A partir de siete boletos de adulto comprados,\u00a0 una botella de <em>M\u00f6et &amp; Chandon Brut<\/em> Imperial \u00a1va por cuenta de la casa! Asimismo, en vinos seleccionados disfruta de 10 por ciento de descuento al adquirir tus boletos.<\/p>\n<p>En el Centro Comercial Miyana, los restaurantes Lampuga Bistro y Alfredo Di Roma Trattoria, iniciar\u00e1n la fiesta\u00a0 a partir de las 20:00 horas con c\u00f3ctel de bienvenida, cena de cinco tiempos con precio por adulto de mil 600 pesos y mil 800 pesos para ni\u00f1os. Habr\u00e1 m\u00fasica DJ que animar\u00e1 la noche. Por cada siete boletos de adulto comprados podr\u00e1 disfrutar de una botella de <em>M\u00f6et &amp; Chandon Brut<\/em> Imperial en cortes\u00eda.<\/p>\n<p>Como complemento a esta celebraci\u00f3n, en Presidente InterContinental Polanco, el restaurante Caf\u00e9 Urbano pone a disposici\u00f3n delicioso brunch el 1 de enero de 12:00 a 17:00 horas por 828 pesos por adulto y 414 para ni\u00f1os.<\/p>\n<p>M\u00e1s informaci\u00f3n: Tel. 5327.7700.<\/p>\n<p>&nbsp;<\/p>\n<blockquote>\n<p style=\"text-align: right;\"><strong>\u201cEl \u00e1ngel de la fama tiene sus alas hechas de papel\u2026 peri\u00f3dico\u201d.<\/strong><\/p>\n<\/blockquote>\n<p>&nbsp;<\/p>\n<p><em><span class=\"Apple-converted-space\"><a href=\"mailto:victoriagprado@gmail.com\" target=\"_blank\" rel=\"noopener noreferrer\">victoriagprado@gmail.com<\/a><br \/>\nTwitter: <a href=\"https:\/\/twitter.com\/victoriagprado\" target=\"_blank\" rel=\"noopener noreferrer\">@victoriagprado<\/a><\/span><\/em><\/p>\n","protected":false},"excerpt":{"rendered":"<p>Al cumplir ahora 14 a\u00f1os de brindar servicio de alta calidad dentro y fuera de M\u00e9xico, Interjet ha transportado a m\u00e1s de 100 millones de personas. Durante 2019 fortaleci\u00f3 su plan estrat\u00e9gico de expansi\u00f3n con renovada oferta comercial basada en la optimizaci\u00f3n de la log\u00edstica de procesos e itinerarios, as\u00ed como del uso de su flota en beneficio de clientes y aliados comerciales, lo que permitir\u00e1 cerrar el a\u00f1o con crecimiento superior a diez por ciento en la transportaci\u00f3n de pasajeros en rutas nacionales y al exterior.<\/p>\n","protected":false},"author":3,"featured_media":454314,"comment_status":"open","ping_status":"open","sticky":false,"template":"","format":"standard","meta":{"_monsterinsights_skip_tracking":false,"_monsterinsights_sitenote_active":false,"_monsterinsights_sitenote_note":"","_monsterinsights_sitenote_category":0,"footnotes":""},"categories":[11],"tags":[107,43674,43681,106],"class_list":["post-454235","post","type-post","status-publish","format-standard","has-post-thumbnail","hentry","category-turismo","tag-de-cinco-estrellas","tag-opinion","tag-turismo","tag-victoria-gonzalez-prado"],"_links":{"self":[{"href":"https:\/\/www.diarioimagen.net\/index.php?rest_route=\/wp\/v2\/posts\/454235","targetHints":{"allow":["GET"]}}],"collection":[{"href":"https:\/\/www.diarioimagen.net\/index.php?rest_route=\/wp\/v2\/posts"}],"about":[{"href":"https:\/\/www.diarioimagen.net\/index.php?rest_route=\/wp\/v2\/types\/post"}],"author":[{"embeddable":true,"href":"https:\/\/www.diarioimagen.net\/index.php?rest_route=\/wp\/v2\/users\/3"}],"replies":[{"embeddable":true,"href":"https:\/\/www.diarioimagen.net\/index.php?rest_route=%2Fwp%2Fv2%2Fcomments&post=454235"}],"version-history":[{"count":0,"href":"https:\/\/www.diarioimagen.net\/index.php?rest_route=\/wp\/v2\/posts\/454235\/revisions"}],"wp:featuredmedia":[{"embeddable":true,"href":"https:\/\/www.diarioimagen.net\/index.php?rest_route=\/wp\/v2\/media\/454314"}],"wp:attachment":[{"href":"https:\/\/www.diarioimagen.net\/index.php?rest_route=%2Fwp%2Fv2%2Fmedia&parent=454235"}],"wp:term":[{"taxonomy":"category","embeddable":true,"href":"https:\/\/www.diarioimagen.net\/index.php?rest_route=%2Fwp%2Fv2%2Fcategories&post=454235"},{"taxonomy":"post_tag","embeddable":true,"href":"https:\/\/www.diarioimagen.net\/index.php?rest_route=%2Fwp%2Fv2%2Ftags&post=454235"}],"curies":[{"name":"wp","href":"https:\/\/api.w.org\/{rel}","templated":true}]}}