{"id":454243,"date":"2019-12-18T00:04:51","date_gmt":"2019-12-18T06:04:51","guid":{"rendered":"https:\/\/www.diarioimagen.net\/?p=454243"},"modified":"2019-12-18T01:41:16","modified_gmt":"2019-12-18T07:41:16","slug":"reconocen-el-apoyo-de-alcalde-de-nicolas-romero-en-feria-de-la-trucha","status":"publish","type":"post","link":"https:\/\/www.diarioimagen.net\/?p=454243","title":{"rendered":"Reconocen el apoyo de alcalde de Nicol\u00e1s Romero en Feria de la Trucha"},"content":{"rendered":"<ul>\n<li><strong><em>Facilidades para canalizar sus productos<\/em><\/strong><\/li>\n<\/ul>\n<p>&nbsp;<\/p>\n<div id=\"attachment_454320\" style=\"width: 470px\" class=\"wp-caption aligncenter\"><a href=\"https:\/\/www.diarioimagen.net\/?attachment_id=454320\" rel=\"attachment wp-att-454320\"><img loading=\"lazy\" decoding=\"async\" aria-describedby=\"caption-attachment-454320\" class=\"size-large wp-image-454320\" src=\"https:\/\/www.diarioimagen.net\/wp-content\/uploads\/2019\/12\/NICOL\u00c1S-18-460x259.jpg\" alt=\"\" width=\"460\" height=\"259\" srcset=\"https:\/\/www.diarioimagen.net\/wp-content\/uploads\/2019\/12\/NICOL\u00c1S-18-460x259.jpg 460w, https:\/\/www.diarioimagen.net\/wp-content\/uploads\/2019\/12\/NICOL\u00c1S-18-240x135.jpg 240w, https:\/\/www.diarioimagen.net\/wp-content\/uploads\/2019\/12\/NICOL\u00c1S-18-235x132.jpg 235w, https:\/\/www.diarioimagen.net\/wp-content\/uploads\/2019\/12\/NICOL\u00c1S-18-202x114.jpg 202w, https:\/\/www.diarioimagen.net\/wp-content\/uploads\/2019\/12\/NICOL\u00c1S-18-350x196.jpg 350w, https:\/\/www.diarioimagen.net\/wp-content\/uploads\/2019\/12\/NICOL\u00c1S-18-220x123.jpg 220w, https:\/\/www.diarioimagen.net\/wp-content\/uploads\/2019\/12\/NICOL\u00c1S-18-237x132.jpg 237w, https:\/\/www.diarioimagen.net\/wp-content\/uploads\/2019\/12\/NICOL\u00c1S-18.jpg 480w\" sizes=\"auto, (max-width: 460px) 100vw, 460px\" \/><\/a><p id=\"caption-attachment-454320\" class=\"wp-caption-text\">Expositores de la Feria de la Trucha y Gastron\u00f3mica reconocieron el apoyo del alcalde Armando Navarrete L\u00f3pez<\/p><\/div>\n<p>&nbsp;<\/p>\n<p><strong>Nicol\u00e1s Romero, Estado de M\u00e9xico<\/strong>.- Expositores de la XIX edici\u00f3n de la Feria de la Trucha y Gastron\u00f3mica, -del 13 al 17 de diciembre- reconocieron el apoyo del alcalde Armando Navarrete L\u00f3pez, mismo que les brind\u00f3 todas las facilidades para canalizar sus productos a la explanada de Palacio Municipal y ofrecerlos al p\u00fablico, generando con ello una importante derrama econ\u00f3mica que contribuye al desarrollo de la localidad.<\/p>\n<p>Jorge Aceves Gonz\u00e1lez, representante de la Sociedad Trut\u00edcola Los Pinos, se\u00f1al\u00f3 que la actual administraci\u00f3n ha apoyado a los productores no s\u00f3lo con un espacio, sino tambi\u00e9n a trav\u00e9s de hacer de conocimiento p\u00fablico, que el consumo de la trucha aporta bienestar para la salud de la gente, ya que no contiene toxinas, es de alto valor nutritivo, posee una gran cantidad de Omega 3, y su comercializaci\u00f3n ayuda a crear fuentes de empleo.<\/p>\n<p>\u201cEstamos muy contentos con el presidente Armando Navarrete, porque se nos ha respaldado en todo momento, particularmente hemos sido ayudados por las \u00e1reas de Fomento Agropecuario y Turismo\u201d, subray\u00f3.<\/p>\n<p>En tanto, Mar\u00eda Antonia Santos Jasso destac\u00f3 la cercan\u00eda del edil nicolasromerense con los productores, toda vez que los visit\u00f3 y les ha respaldado, adem\u00e1s de generar condiciones para la venta de la trucha, mediante mobiliario y un espacio en la feria; tambi\u00e9n les ayud\u00f3, dijo, en lo que se refiere a que cuenten con caminos adecuados en el poblado de Transfiguraci\u00f3n, lo que les permite un mejor acceso a ellos y sus clientes.Por su parte, Felipe Chavarr\u00eda Ram\u00edrez, de Desarrollo Ecotur\u00edstico Tres Piedras, ubicado en la comunidad de Cahuac\u00e1n, manifest\u00f3 que el gobierno municipal les apoy\u00f3 con la organizaci\u00f3n y con la gesti\u00f3n para poder contar con mesas, carpas y utensilios.<\/p>\n<p>Por \u00faltimo, los expositores agradecieron al gobierno municipal que adem\u00e1s de otorgarles un espacio en la feria, que ya se ha vuelto una tradici\u00f3n en Nicol\u00e1s Romero, impulse que la ciudadan\u00eda acuda a conocer sus negocios, donde se encuentran los criaderos de la trucha y que pueda degustar este alimento, al tiempo de disfrutar con sus seres queridos de la naturaleza, ya que estos en su mayor\u00eda se encuentran en zonas boscosas.<\/p>\n","protected":false},"excerpt":{"rendered":"<p>Expositores de la XIX edici\u00f3n de la Feria de la Trucha y Gastron\u00f3mica, -del 13 al 17 de diciembre- reconocieron el apoyo del alcalde Armando Navarrete L\u00f3pez, mismo que les brind\u00f3 todas las facilidades para canalizar sus productos a la explanada de Palacio Municipal y ofrecerlos al p\u00fablico, generando con ello una importante derrama econ\u00f3mica que contribuye al desarrollo de la localidad.<\/p>\n","protected":false},"author":3,"featured_media":454320,"comment_status":"open","ping_status":"open","sticky":false,"template":"","format":"standard","meta":{"_monsterinsights_skip_tracking":false,"_monsterinsights_sitenote_active":false,"_monsterinsights_sitenote_note":"","_monsterinsights_sitenote_category":0,"footnotes":""},"categories":[5],"tags":[12040,43675,89273,752],"class_list":["post-454243","post","type-post","status-publish","format-standard","has-post-thumbnail","hentry","category-estado-de-mexico","tag-alcalde","tag-estado-de-mexico","tag-feria-de-la-trucha","tag-nicolas-romero"],"_links":{"self":[{"href":"https:\/\/www.diarioimagen.net\/index.php?rest_route=\/wp\/v2\/posts\/454243","targetHints":{"allow":["GET"]}}],"collection":[{"href":"https:\/\/www.diarioimagen.net\/index.php?rest_route=\/wp\/v2\/posts"}],"about":[{"href":"https:\/\/www.diarioimagen.net\/index.php?rest_route=\/wp\/v2\/types\/post"}],"author":[{"embeddable":true,"href":"https:\/\/www.diarioimagen.net\/index.php?rest_route=\/wp\/v2\/users\/3"}],"replies":[{"embeddable":true,"href":"https:\/\/www.diarioimagen.net\/index.php?rest_route=%2Fwp%2Fv2%2Fcomments&post=454243"}],"version-history":[{"count":0,"href":"https:\/\/www.diarioimagen.net\/index.php?rest_route=\/wp\/v2\/posts\/454243\/revisions"}],"wp:featuredmedia":[{"embeddable":true,"href":"https:\/\/www.diarioimagen.net\/index.php?rest_route=\/wp\/v2\/media\/454320"}],"wp:attachment":[{"href":"https:\/\/www.diarioimagen.net\/index.php?rest_route=%2Fwp%2Fv2%2Fmedia&parent=454243"}],"wp:term":[{"taxonomy":"category","embeddable":true,"href":"https:\/\/www.diarioimagen.net\/index.php?rest_route=%2Fwp%2Fv2%2Fcategories&post=454243"},{"taxonomy":"post_tag","embeddable":true,"href":"https:\/\/www.diarioimagen.net\/index.php?rest_route=%2Fwp%2Fv2%2Ftags&post=454243"}],"curies":[{"name":"wp","href":"https:\/\/api.w.org\/{rel}","templated":true}]}}