{"id":454249,"date":"2019-12-18T00:02:23","date_gmt":"2019-12-18T06:02:23","guid":{"rendered":"https:\/\/www.diarioimagen.net\/?p=454249"},"modified":"2019-12-18T01:46:03","modified_gmt":"2019-12-18T07:46:03","slug":"en-huixquilucan-se-cumple-al-100-con-la-mejora-regulatoria","status":"publish","type":"post","link":"https:\/\/www.diarioimagen.net\/?p=454249","title":{"rendered":"En Huixquilucan se cumple al 100% con la mejora regulatoria"},"content":{"rendered":"<p><a href=\"https:\/\/www.diarioimagen.net\/?attachment_id=454326\" rel=\"attachment wp-att-454326\"><img loading=\"lazy\" decoding=\"async\" class=\"aligncenter size-large wp-image-454326\" src=\"https:\/\/www.diarioimagen.net\/wp-content\/uploads\/2019\/12\/HUIXQUILUCAN-18-460x259.jpg\" alt=\"\" width=\"460\" height=\"259\" srcset=\"https:\/\/www.diarioimagen.net\/wp-content\/uploads\/2019\/12\/HUIXQUILUCAN-18-460x259.jpg 460w, https:\/\/www.diarioimagen.net\/wp-content\/uploads\/2019\/12\/HUIXQUILUCAN-18-240x135.jpg 240w, https:\/\/www.diarioimagen.net\/wp-content\/uploads\/2019\/12\/HUIXQUILUCAN-18-235x132.jpg 235w, https:\/\/www.diarioimagen.net\/wp-content\/uploads\/2019\/12\/HUIXQUILUCAN-18-202x114.jpg 202w, https:\/\/www.diarioimagen.net\/wp-content\/uploads\/2019\/12\/HUIXQUILUCAN-18-350x196.jpg 350w, https:\/\/www.diarioimagen.net\/wp-content\/uploads\/2019\/12\/HUIXQUILUCAN-18-220x123.jpg 220w, https:\/\/www.diarioimagen.net\/wp-content\/uploads\/2019\/12\/HUIXQUILUCAN-18-237x132.jpg 237w, https:\/\/www.diarioimagen.net\/wp-content\/uploads\/2019\/12\/HUIXQUILUCAN-18.jpg 480w\" sizes=\"auto, (max-width: 460px) 100vw, 460px\" \/><\/a><\/p>\n<p>&nbsp;<\/p>\n<p><strong>Huixquilucan, Estado de M\u00e9xico<\/strong><strong>.- <\/strong>El programa anual de Mejora Regulatoria se cumpli\u00f3 al 100 por ciento con los tr\u00e1mites propuestos para mejorar en este 2019 en la Secretar\u00eda del Ayuntamiento, Sistema Aguas de Huixquilucan, Instituto de Cultura F\u00edsica y Deporte, Direcci\u00f3n General de Desarrollo Agropecuario y Forestal, Servicios P\u00fablicos y Urbanos, Ecolog\u00eda y Medio Ambiente, Desarrollo Social y DIF.<\/p>\n<p>Durante la cuarta sesi\u00f3n de la Comisi\u00f3n Municipal de Mejora Regulatoria, Carlos Alfaro, secretario t\u00e9cnico de dicha comisi\u00f3n, coment\u00f3 que entre los avances al 100 por ciento cumplidos destacan:\u00a0 expedici\u00f3n de constancias domiciliarias, aclaraciones, copias certificadas, apoyos deportivos, bacheo, red de difusores de los derechos de las ni\u00f1as, ni\u00f1os y adolescentes, entre otros.<\/p>\n","protected":false},"excerpt":{"rendered":"<p>El programa anual de Mejora Regulatoria se cumpli\u00f3 al 100 por ciento con los tr\u00e1mites propuestos para mejorar en este 2019 en la Secretar\u00eda del Ayuntamiento, Sistema Aguas de Huixquilucan, Instituto de Cultura F\u00edsica y Deporte, Direcci\u00f3n General de Desarrollo Agropecuario y Forestal, Servicios P\u00fablicos y Urbanos, Ecolog\u00eda y Medio Ambiente, Desarrollo Social y DIF.<\/p>\n","protected":false},"author":3,"featured_media":454326,"comment_status":"open","ping_status":"open","sticky":false,"template":"","format":"standard","meta":{"_monsterinsights_skip_tracking":false,"_monsterinsights_sitenote_active":false,"_monsterinsights_sitenote_note":"","_monsterinsights_sitenote_category":0,"footnotes":""},"categories":[5],"tags":[70880,43675,1097,80356],"class_list":["post-454249","post","type-post","status-publish","format-standard","has-post-thumbnail","hentry","category-estado-de-mexico","tag-cumple","tag-estado-de-mexico","tag-huixquilucan","tag-regulatoria"],"_links":{"self":[{"href":"https:\/\/www.diarioimagen.net\/index.php?rest_route=\/wp\/v2\/posts\/454249","targetHints":{"allow":["GET"]}}],"collection":[{"href":"https:\/\/www.diarioimagen.net\/index.php?rest_route=\/wp\/v2\/posts"}],"about":[{"href":"https:\/\/www.diarioimagen.net\/index.php?rest_route=\/wp\/v2\/types\/post"}],"author":[{"embeddable":true,"href":"https:\/\/www.diarioimagen.net\/index.php?rest_route=\/wp\/v2\/users\/3"}],"replies":[{"embeddable":true,"href":"https:\/\/www.diarioimagen.net\/index.php?rest_route=%2Fwp%2Fv2%2Fcomments&post=454249"}],"version-history":[{"count":0,"href":"https:\/\/www.diarioimagen.net\/index.php?rest_route=\/wp\/v2\/posts\/454249\/revisions"}],"wp:featuredmedia":[{"embeddable":true,"href":"https:\/\/www.diarioimagen.net\/index.php?rest_route=\/wp\/v2\/media\/454326"}],"wp:attachment":[{"href":"https:\/\/www.diarioimagen.net\/index.php?rest_route=%2Fwp%2Fv2%2Fmedia&parent=454249"}],"wp:term":[{"taxonomy":"category","embeddable":true,"href":"https:\/\/www.diarioimagen.net\/index.php?rest_route=%2Fwp%2Fv2%2Fcategories&post=454249"},{"taxonomy":"post_tag","embeddable":true,"href":"https:\/\/www.diarioimagen.net\/index.php?rest_route=%2Fwp%2Fv2%2Ftags&post=454249"}],"curies":[{"name":"wp","href":"https:\/\/api.w.org\/{rel}","templated":true}]}}