{"id":454638,"date":"2020-01-06T00:07:29","date_gmt":"2020-01-06T06:07:29","guid":{"rendered":"https:\/\/www.diarioimagen.net\/?p=454638"},"modified":"2020-01-05T22:15:10","modified_gmt":"2020-01-06T04:15:10","slug":"pide-amlo-redoblar-esfuerzos-para-consolidar-transformacion","status":"publish","type":"post","link":"https:\/\/www.diarioimagen.net\/?p=454638","title":{"rendered":"Pide AMLO redoblar esfuerzos para consolidar transformaci\u00f3n"},"content":{"rendered":"<ul>\n<li><em><strong>Llamado a aprovechar la oportunidad del cambio<\/strong><\/em><\/li>\n<li><em><strong>Responsables de los programas tienen que aplicarse, dice el Presidente<\/strong><\/em><\/li>\n<\/ul>\n<p>&nbsp;<\/p>\n<div id=\"attachment_454639\" style=\"width: 470px\" class=\"wp-caption aligncenter\"><img loading=\"lazy\" decoding=\"async\" aria-describedby=\"caption-attachment-454639\" class=\"size-large wp-image-454639\" src=\"https:\/\/www.diarioimagen.net\/wp-content\/uploads\/2020\/01\/AMLO6-portal-460x268.png\" alt=\"\" width=\"460\" height=\"268\" srcset=\"https:\/\/www.diarioimagen.net\/wp-content\/uploads\/2020\/01\/AMLO6-portal-460x268.png 460w, https:\/\/www.diarioimagen.net\/wp-content\/uploads\/2020\/01\/AMLO6-portal-240x140.png 240w, https:\/\/www.diarioimagen.net\/wp-content\/uploads\/2020\/01\/AMLO6-portal.png 480w\" sizes=\"auto, (max-width: 460px) 100vw, 460px\" \/><p id=\"caption-attachment-454639\" class=\"wp-caption-text\">Ante pobladores de Huayacocotla, Andr\u00e9s Manuel L\u00f3pez Obrador reiter\u00f3 que, por su vocaci\u00f3n maderista, la reelecci\u00f3n est\u00e1 descartada.<\/p><\/div>\n<p>&nbsp;<\/p>\n<p>El presidente Andr\u00e9s Manuel L\u00f3pez Obrador pidi\u00f3 que, pese a no estar presente, los responsables de los programas sociales se deben aplicar en su entrega y con ello aprovechar la oportunidad de transformar al pa\u00eds.<\/p>\n<p>L\u00f3pez Obrador dijo que a su gobierno le quedan poco m\u00e1s de cuatro a\u00f1os por lo que se deben redoblar esfuerzos para concretar el cambio en la pol\u00edtica de gobierno.<\/p>\n<p>\u201cNecesitamos seguir adelante y aunque yo no est\u00e9 presente las compa\u00f1eras y compa\u00f1eros responsables de los programas tienen que aplicarse y todos tenemos que participar para aprovechar esta oportunidad que se nos present\u00f3\u201d, expuso el mandatario ante pobladores de Huayacocotla, Veracruz.<\/p>\n<p>Aunque algunos de los asistentes le pidieron la reelecci\u00f3n, el titular del Ejecutivo federal respondi\u00f3 que por su vocaci\u00f3n maderista, la opci\u00f3n est\u00e1 descartada.<\/p>\n<p>\u201cNo va a ver reelecci\u00f3n porque nosotros somos maderistas y es sufragio efectivo no reelecci\u00f3n. No lo necesitamos porque si nos aplicamos y trabajamos 16 horas diarias en favor del pueblo vamos a dejar sentadas las bases para que ya sea una realidad la transformaci\u00f3n.<\/p>\n<p>\u201cY aunque regresen los conservadores, los corruptos, que ya no puedan dar marcha atr\u00e1s a lo establecido. Por eso tenemos que trabajar sin descanso en estos a\u00f1os que nos faltan y ayudar todos en la transformaci\u00f3n, todos a empujar al \u2018elefante\u2019\u201d, urgi\u00f3 el Presidente.<\/p>\n<p>Argument\u00f3 ante los veracruzanos que su administraci\u00f3n ha puesto en marcha una f\u00f3rmula infalible para sacar adelante al pa\u00eds: detall\u00f3 que en su primer a\u00f1o de gobierno se erradic\u00f3 la corrupci\u00f3n y los lujos, por lo que se ha hecho rendir el presupuesto e impulsar las causas sociales.<\/p>\n<p style=\"text-align: center;\"><strong>Sembrando Vida para Veracruz<\/strong><\/p>\n<p>Adem\u00e1s, L\u00f3pez Obrador prometi\u00f3 que el programa Sembrando Vida se ampliar\u00e1 en el estado. El mandatario detall\u00f3 que se aumentar\u00e1 en 500 mil hect\u00e1reas este a\u00f1o y se beneficiar\u00e1n a 400 mil sembradores.<\/p>\n<p>Dijo que en los viveros de la Secretar\u00eda de la Defensa Nacional se producen miles de plantas para sostener el programa.<\/p>\n<p>E inform\u00f3 que en 2020 se destinar\u00e1n alrededor de 28 mil millones de pesos para la operaci\u00f3n de Sembrando Vida: \u201cya tenemos presupuesto son 28 mil Millones de pesos, nunca en la historia de Mexico se hab\u00eda puesto en marcha un programa de esta magnitud\u201d, dijo.<\/p>\n","protected":false},"excerpt":{"rendered":"<p>El presidente Andr\u00e9s Manuel L\u00f3pez Obrador pidi\u00f3 que, pese a no estar presente, los responsables de los programas sociales se deben aplicar en su entrega y con ello aprovechar la oportunidad de transformar al pa\u00eds.<\/p>\n","protected":false},"author":5,"featured_media":454639,"comment_status":"open","ping_status":"open","sticky":false,"template":"","format":"standard","meta":{"_monsterinsights_skip_tracking":false,"_monsterinsights_sitenote_active":false,"_monsterinsights_sitenote_note":"","_monsterinsights_sitenote_category":0,"footnotes":""},"categories":[3],"tags":[2545,1352,89320,89299,43673,89302,89300,89301,89303],"class_list":["post-454638","post","type-post","status-publish","format-standard","has-post-thumbnail","hentry","category-nacional","tag-amlo","tag-andres-manuel-lopez-obrador","tag-consolidar","tag-consolidar-transformacion","tag-nacional","tag-oportunidad-del-cambio","tag-pide-amlo","tag-redoblar-esfuerzos","tag-vida-para-veracruz"],"_links":{"self":[{"href":"https:\/\/www.diarioimagen.net\/index.php?rest_route=\/wp\/v2\/posts\/454638","targetHints":{"allow":["GET"]}}],"collection":[{"href":"https:\/\/www.diarioimagen.net\/index.php?rest_route=\/wp\/v2\/posts"}],"about":[{"href":"https:\/\/www.diarioimagen.net\/index.php?rest_route=\/wp\/v2\/types\/post"}],"author":[{"embeddable":true,"href":"https:\/\/www.diarioimagen.net\/index.php?rest_route=\/wp\/v2\/users\/5"}],"replies":[{"embeddable":true,"href":"https:\/\/www.diarioimagen.net\/index.php?rest_route=%2Fwp%2Fv2%2Fcomments&post=454638"}],"version-history":[{"count":0,"href":"https:\/\/www.diarioimagen.net\/index.php?rest_route=\/wp\/v2\/posts\/454638\/revisions"}],"wp:featuredmedia":[{"embeddable":true,"href":"https:\/\/www.diarioimagen.net\/index.php?rest_route=\/wp\/v2\/media\/454639"}],"wp:attachment":[{"href":"https:\/\/www.diarioimagen.net\/index.php?rest_route=%2Fwp%2Fv2%2Fmedia&parent=454638"}],"wp:term":[{"taxonomy":"category","embeddable":true,"href":"https:\/\/www.diarioimagen.net\/index.php?rest_route=%2Fwp%2Fv2%2Fcategories&post=454638"},{"taxonomy":"post_tag","embeddable":true,"href":"https:\/\/www.diarioimagen.net\/index.php?rest_route=%2Fwp%2Fv2%2Ftags&post=454638"}],"curies":[{"name":"wp","href":"https:\/\/api.w.org\/{rel}","templated":true}]}}