{"id":454754,"date":"2020-01-06T00:06:15","date_gmt":"2020-01-06T06:06:15","guid":{"rendered":"https:\/\/www.diarioimagen.net\/?p=454754"},"modified":"2020-01-06T00:23:26","modified_gmt":"2020-01-06T06:23:26","slug":"2020-el-rumbo","status":"publish","type":"post","link":"https:\/\/www.diarioimagen.net\/?p=454754","title":{"rendered":"2020, el rumbo"},"content":{"rendered":"<h2>Con mi mano izquierda&#8230;<\/h2>\n<h5>Edgar G\u00f3mez Flores<\/h5>\n<p>&nbsp;<\/p>\n<p>Las clases bajas de cualquier naci\u00f3n buscan sobrevivir en el d\u00eda a d\u00eda, mientras las clases m\u00e1s pudientes buscan acomodarse en la nueva burgues\u00eda burocr\u00e1tica con el fin de que el inter\u00e9s de sus capitales sea cumplido, en cuanto a rentabilidad y protecci\u00f3n de su patrimonio. Por otro lado, las clases medias solo buscan estabilidad para mantener una rutina de gasto y por ende de vida.<\/p>\n<p>En este sentido, durante el a\u00f1o saliente (2019), estos tres estratos sociales, en nuestro pa\u00eds, no vieron cumplidas sus expectativas econ\u00f3micas. Las clases bajas se quedaron con unos servicios de salud mermados, una educaci\u00f3n retomada por los sindicatos magisteriales y sin los apoyos sociales prometidos. Por su parte, las clases altas recibieron el balde de agua fr\u00eda con la cancelaci\u00f3n del Nuevo Aeropuerto de la Ciudad de M\u00e9xico que, con un 30% de avance, fue cancelado en su totalidad y, por el contrario, se retomaron caprichosos proyectos multimillonarios con problemas para su ejecuci\u00f3n (el Tren Maya, la Refiner\u00eda de Dos Bocas, el Aeropuerto de Santa Luc\u00eda, etc.). Por \u00faltimo, la clase media resinti\u00f3 el freno de mano puesto a la econom\u00eda con un crecimiento nulo y la baja del empleo. Estos escenarios ponen a un Gobierno de M\u00e9xico frente a su realidad. Faltar\u00e1n culpables para poder trasladar su responsabilidad: Los conservadores, los empresarios, los partidos de oposici\u00f3n, los neoporfiristas o neoliberales y los \u201cfif\u00eds\u201d se han acabado despu\u00e9s de un a\u00f1o. Ahora, 2020, es el a\u00f1o de la Cuarta Transformaci\u00f3n. Los ciudadanos debemos ver una propuesta clara de seguridad p\u00fablica, desarrollo econ\u00f3mico, relaciones de M\u00e9xico con el Mundo y una propuesta seria y no populista de desarrollo sostenible, no solo para este sexenio; sino para las siguientes generaciones.<\/p>\n<p>El presidente Andr\u00e9s Manuel L\u00f3pez Obrador ha se\u00f1alado que ning\u00fan problema le quita el sue\u00f1o. Esto, s\u00f3lo puede ser por dos causas: por el cinismo de su frase o porque tiene un diagn\u00f3stico claro de la problem\u00e1tica y por consecuencia de las acciones que debe realizar. Espero sinceramente que estemos en el segundo escenario. De ser as\u00ed, los voceros de la presidencia y de las distintas instituciones p\u00fablicas deben comunicarnos claramente la estrategia y los resultados que se empiecen a obtener. La \u00e9poca de las posadas navide\u00f1as; donde el Primer Mandatario, con los ojos cerrados, con palo en mano, intentaba pegarle a la pi\u00f1ata, ya termin\u00f3. Ahora debe quitarse la venda de los ojos y dar golpes certeros a los verdaderos enemigos de M\u00e9xico: el crimen organizado, la corrupci\u00f3n en el poder judicial, el desempleo, la pobreza y la percepci\u00f3n de nuestro pa\u00eds en el extranjero.<\/p>\n<p>No me imagino un a\u00f1o 2020 con la misma receta del primer a\u00f1o de la Transformaci\u00f3n; donde se enfatizaron las diferencias entre los mexicanos; los del Norte contra los del Sur, o los ricos contra los pobres. El Gobierno y la sociedad no son binomiales, son un mosaico de creencias, de cultura y de decisiones que enriquecen nuestra estructura social. Este nuevo Gobierno debe dejar a un lado las creencias para gobernar con la praxis que le permita lograr sus objetivos que se resumen en un M\u00e9xico libre de corrupci\u00f3n, sin pobreza y garante de libertades. Pero tambi\u00e9n debe sumar a estas metas un M\u00e9xico moderno, sustentable (en el plano social y ambiental) y principalmente pacificado, donde el Estado controle de nuevo todo el territorio nacional.<\/p>\n<p>AMLO, su gabinete y los partidos pol\u00edticos que lo llevaron al poder ya vivieron su novatada en 2019. Pero \u00e9sta debe terminar. La b\u00fasqueda del poder absoluto debe quedar fuera de la agenda del Gobierno, para concentrarse en retomar el control del territorio, de la seguridad p\u00fablica, de los \u00edndices macroecon\u00f3micos y del bienestar de cada mexicano. As\u00ed seguramente, como lo menciona el Evangelio seg\u00fan Mateo 6:33 (en este auge de gobernantes cristianos); lo dem\u00e1s, les llegar\u00e1 por a\u00f1adidura.<\/p>\n<p><a href=\"mailto:edgargomez_cide@yahoo.com.mx\"><em>edgargomez_cide@yahoo.com.mx<\/em><\/a><\/p>\n","protected":false},"excerpt":{"rendered":"<p><span style=\"color: #005497;\"><strong>Edgar G\u00f3mez Flores<\/strong><\/span><\/p>\n","protected":false},"author":3,"featured_media":0,"comment_status":"open","ping_status":"open","sticky":false,"template":"","format":"standard","meta":{"_monsterinsights_skip_tracking":false,"_monsterinsights_sitenote_active":false,"_monsterinsights_sitenote_note":"","_monsterinsights_sitenote_category":0,"footnotes":""},"categories":[3819],"tags":[85911,85912,43674],"class_list":["post-454754","post","type-post","status-publish","format-standard","hentry","category-edgar-gomez-flores","tag-con-mi-mano-izquierda","tag-edgar-gomez-flores","tag-opinion"],"_links":{"self":[{"href":"https:\/\/www.diarioimagen.net\/index.php?rest_route=\/wp\/v2\/posts\/454754","targetHints":{"allow":["GET"]}}],"collection":[{"href":"https:\/\/www.diarioimagen.net\/index.php?rest_route=\/wp\/v2\/posts"}],"about":[{"href":"https:\/\/www.diarioimagen.net\/index.php?rest_route=\/wp\/v2\/types\/post"}],"author":[{"embeddable":true,"href":"https:\/\/www.diarioimagen.net\/index.php?rest_route=\/wp\/v2\/users\/3"}],"replies":[{"embeddable":true,"href":"https:\/\/www.diarioimagen.net\/index.php?rest_route=%2Fwp%2Fv2%2Fcomments&post=454754"}],"version-history":[{"count":0,"href":"https:\/\/www.diarioimagen.net\/index.php?rest_route=\/wp\/v2\/posts\/454754\/revisions"}],"wp:attachment":[{"href":"https:\/\/www.diarioimagen.net\/index.php?rest_route=%2Fwp%2Fv2%2Fmedia&parent=454754"}],"wp:term":[{"taxonomy":"category","embeddable":true,"href":"https:\/\/www.diarioimagen.net\/index.php?rest_route=%2Fwp%2Fv2%2Fcategories&post=454754"},{"taxonomy":"post_tag","embeddable":true,"href":"https:\/\/www.diarioimagen.net\/index.php?rest_route=%2Fwp%2Fv2%2Ftags&post=454754"}],"curies":[{"name":"wp","href":"https:\/\/api.w.org\/{rel}","templated":true}]}}