{"id":454758,"date":"2020-01-06T00:11:09","date_gmt":"2020-01-06T06:11:09","guid":{"rendered":"https:\/\/www.diarioimagen.net\/?p=454758"},"modified":"2020-01-06T02:53:00","modified_gmt":"2020-01-06T08:53:00","slug":"las-aguerridas-adelitas-de-la-4t","status":"publish","type":"post","link":"https:\/\/www.diarioimagen.net\/?p=454758","title":{"rendered":"Las aguerridas \u201cadelitas\u201d de la 4T"},"content":{"rendered":"<h2>\u00cdndice pol\u00edtico<\/h2>\n<h5>Francisco Rodr\u00edguez<\/h5>\n<p>&nbsp;<\/p>\n<div id=\"attachment_454841\" style=\"width: 470px\" class=\"wp-caption aligncenter\"><a href=\"https:\/\/www.diarioimagen.net\/?attachment_id=454841\" rel=\"attachment wp-att-454841\"><img loading=\"lazy\" decoding=\"async\" aria-describedby=\"caption-attachment-454841\" class=\"size-large wp-image-454841\" src=\"https:\/\/www.diarioimagen.net\/wp-content\/uploads\/2020\/01\/que-arranque-jose-luis-460x345.jpg\" alt=\"\" width=\"460\" height=\"345\" srcset=\"https:\/\/www.diarioimagen.net\/wp-content\/uploads\/2020\/01\/que-arranque-jose-luis-460x345.jpg 460w, https:\/\/www.diarioimagen.net\/wp-content\/uploads\/2020\/01\/que-arranque-jose-luis-240x180.jpg 240w, https:\/\/www.diarioimagen.net\/wp-content\/uploads\/2020\/01\/que-arranque-jose-luis-768x576.jpg 768w, https:\/\/www.diarioimagen.net\/wp-content\/uploads\/2020\/01\/que-arranque-jose-luis.jpg 1200w\" sizes=\"auto, (max-width: 460px) 100vw, 460px\" \/><\/a><p id=\"caption-attachment-454841\" class=\"wp-caption-text\">Qu\u00e9 arranque&#8230; | Jos\u00e9 Luis<\/p><\/div>\n<p>&nbsp;<\/p>\n<p>En el curso del 2019 se dieron importantes jaloneos a la historia nacional. Y aunque se piense que todos culminaron con el desfile del rancho grande para conmemorar el 20 de noviembre, parece que la cosa no va a quedar ah\u00ed. Poner a la 4T como la heroica culminaci\u00f3n revolucionaria constituy\u00f3 una ofensa. Pero como fue rid\u00edcula, no pas\u00f3 a mayores.<\/p>\n<p>Parece que ahora \u00ablas adelitas\u00bb del r\u00e9gimen vienen por sus fueros, quieren significarse en todos los desaguisados cuatroteros. Se ufanan de aut\u00e9nticas guerrilleras del cambio, audaces rompedoras de lo establecido, mientras <em>las adelitas<\/em> originales, enfermeras de las fuerzas en pugna, jam\u00e1s reclamaron un sitial de esa envergadura. No fueron soldaderas, s\u00f3lo admirables <em>adelitas<\/em> para los heridos en la batalla.<\/p>\n<p style=\"text-align: center;\"><strong>\u00a0Sheinbaum, Dami\u00e1n, Alcalde\u2026 protag\u00f3nicas<\/strong><\/p>\n<p>Y es que, desde que defendieron las obras del segundo piso y se opusieron a las pr\u00e1cticas del desafuero, Claudia Sheinbaum, Araceli Dami\u00e1n y compa\u00f1\u00eda, se arrogaron el protag\u00f3nico de defensoras a ultranza de la transformaci\u00f3n que amenazaba. Esas protectoras del petr\u00f3leo ahora son comparsas de la privatizaci\u00f3n y de la complicidad con los caciques sindicales del sector energ\u00e9tico.<\/p>\n<p>Sheinbaum, sepulturera de la industria de la construcci\u00f3n; las Dami\u00e1n, traficantes de los contratos y concesiones petroleras, parte de la familia constructora del segundo piso sobre el Perif\u00e9rico de CDMX, propietaria de las principales y generosas plazas comerciales de la capital nacional; Luisa Mar\u00eda Alcalde, protectora de los due\u00f1os de los sindicatos petroleros y dem\u00e1s corporativistas en los que se sustentaba en el pr\u00edato en la Secretar\u00eda del Trabajo, son un p\u00e1lido ejemplo de esa mutaci\u00f3n. Absurdo de toda absurdidad.<\/p>\n<p style=\"text-align: center;\"><strong>Jesusa Rodr\u00edguez, mejor se ha hecho a un lado<\/strong><\/p>\n<p>En contraste, Jesusa Rodr\u00edguez, fundadora de <em>las adelitas<\/em> llamadas \u00abenaguas profundas\u00bb, ha optado por mesurarse, quiz\u00e1 porque ha observado la mutaci\u00f3n del nuevo r\u00e9gimen, que ha rebasado por la derecha a todos los mandatos presidenciales de las \u00faltimas ocho d\u00e9cadas. Ante el entreguismo bestial, m\u00e1s vale abandonar la apasionada entrega.<\/p>\n<p>Todav\u00eda se recuerda la intromisi\u00f3n con mariachis a <em>la ma\u00f1anera<\/em> del festejo del cumplea\u00f1os del Caudillo, donde las aguerridas \u201cadelitas\u201d insultaron a cuanto reportero vieron: \u00abarrastrados, vendidos, <em>chayoteros<\/em>, suicidas, peladetes\u00bb, gritaron a quienes informan sobre la masacre sem\u00e1ntica de todos los d\u00edas.<\/p>\n<p style=\"text-align: center;\"><strong>Las \u201ccultureras\u201d y su ofensa a Emiliano Zapata<\/strong><\/p>\n<p>Pero ah\u00ed no se acaba el recuento. A\u00fan hay m\u00e1s: los improperios e invectivas lanzados por la mism\u00edsima secretaria de Cultura, acompa\u00f1ada por la directora de Bellas Artes, para denostar la masculinidad de Emiliano Zapata, es realmente vergonzosa, hasta en t\u00e9rminos internacionales. La figura del Caudillo del Sur es ic\u00f3nica dentro de cualquier movimiento contestatario y revolucionario en todas latitudes y hemisferios planetarios.<\/p>\n<p>Y no pudo ser atribuido a un descuido, porque las machitas de marras defendieron su criterio hom\u00f3fobo en todo tiempo y circunstancia, avaladas por Palacio Nacional, los poderes y la Cuarta Transformaci\u00f3n en pleno. Como se esperaba, el repudio de los mexicanos ha sido de antolog\u00eda. Se agregaron muchas rayas al tigre que sigue suelto.<\/p>\n<p>No tardaron en aparecer memes en desagravio del h\u00e9roe agrario, que tocaron las fibras m\u00e1s sensibles del aparato presidencial. Ha sido no s\u00f3lo un error est\u00e9tico, sino una pendejada y un golpe severo a la memoria colectiva.<\/p>\n<p>Los que deber\u00edan salir a escena sean posiblemente los bravos integrantes del Estado mayor de don <em>Venus,<\/em> que para eso s\u00ed se pintaban solos. El pasaje hist\u00f3rico de la huida del buen <em>Nacho<\/em>, el 41, de las bartolinas de San Juan de Ulua, fue debido al favor solicitado por su c\u00f3nyuge, Amada D\u00edaz, hija del Dictador.<\/p>\n<p style=\"text-align: center;\"><strong>El \u201coso\u201d de Sandoval; la estulticia de S\u00e1nchez<\/strong><\/p>\n<p>El resbal\u00f3n de la otra \u201cadelita\u201d, do\u00f1a Irma Er\u00e9ndira Sandoval de Ackerman, secretaria de la Funci\u00f3n P\u00fablica no tuvo paralelo, al desenterrar los argumentos del neoliberalismo pe\u00f1ista al defender <em>la casa blanca<\/em> del infame. Es hist\u00f3rico, manchar\u00e1 para siempre los afanes de honestidad valiente tanto tiempo soportados por el respetable.<\/p>\n<p>Pero la otra, la perfumada de la Secretar\u00eda de Gobernaci\u00f3n, tambi\u00e9n piensa que las jaladas no tienen l\u00edmite. \u00abEst\u00e1n crujiendo las bases del antiguo r\u00e9gimen, por las medidas de la Cuarta Transformaci\u00f3n\u00bb, dijo ufana. \u00bfSabr\u00e1 lo que expectora esta ilustre ignorante? Despu\u00e9s del espaldarazo a la anticonstitucionalidad de Jaime Bonilla, lo menos que tendr\u00edan que pedirle es su renuncia al cargo, que por cierto jam\u00e1s ha ejercido. \u00a1Ah, que las adelitas!<\/p>\n<p>Lo que est\u00e1 crujiendo es el pa\u00eds entero ante las llegadas inminentes de la cruda realidad que se avecina. Hambrunas, encarecimientos, devaluaciones, resequedad econ\u00f3mica, desempleo y ausencia de cr\u00e9ditos internacionales, teniendo como reh\u00e9n a un pa\u00eds que no tiene la culpa, se\u00f1ora S\u00e1nchez D\u00e1vila.<\/p>\n<p style=\"text-align: center;\"><strong>Tarjetahabientes, \u00a1aguas con Raquel Buenrostro!<\/strong><\/p>\n<p>Y la que se viene en el terreno fiscal no est\u00e1 para despreciarse. La llegada de otra aguerrida \u201cadelita\u201d al SAT pone los pelos de punta. La guerrillera del escritorio, Raquel Buenrostro, despu\u00e9s de desmadrar la industria farmac\u00e9utica y poner en predicamento el uso de las tarjetas de cr\u00e9dito, viene a dar la \u00faltima pu\u00f1alada.<\/p>\n<p>Hacer realidad las amenazas de la Unidad de Inteligencia Financiera (?) para tratar a los causantes cautivos como bandoleros y delincuentes organizados no tiene nombre. \u00bfQu\u00e9 los delincuentes organizados no ser\u00e1n los depositarios del poder, que lo usan a pela mulas contra los adversarios inermes y en favor de los beneficiados protegidos?<\/p>\n<p style=\"text-align: center;\"><strong>En Morena, el gran \u201cdesmadre\u201d de Polevnsky y Luj\u00e1n<\/strong><\/p>\n<p>\u00bfY qu\u00e9 me dicen los lectores sobre \u201clas adelitas\u201d del partido en el poder? Porque Yeidckol Polevnsky y Berta Luj\u00e1n no cantan mal las rancheras. Han hecho de Morena un papalote. Y todav\u00eda no se cansan.<\/p>\n<p>La primera, alterando los ritmos, los padrones y los tiempos del movimiento en lo que se refiere a todo aquello que atente contra su permanencia en el cobro y disfrute de las canonj\u00edas, hasta donde el cuerpo aguante. Soliviantando a los representantes electorales de grupos de poder en pugna por la direcci\u00f3n, ya ciertamente cansados de tanto birlibirloque.<\/p>\n<p>La segunda, do\u00f1a Berta Luj\u00e1n, acariciada por cirujanos pl\u00e1sticos que le quitaron veinte a\u00f1os de carga, pero la dejaron igualita, mereciendo los estipendios autorizados para los \u201cninis\u201d, para su personal campa\u00f1a hechiza por la dirigencia. Ofendiendo al p\u00fablico televidente con sus algazaras de villorrio y sus atrevimientos de conductora nacional de la Cuarta Transformaci\u00f3n.<\/p>\n<p>Arturo Alcalde Justiniani, el marido, aguantando vara, mientras sigue recibiendo los agradecimientos de los caciques petroleros, electricistas, mineros y cuanto se imagine usted, para torturar los tiempos de las tomas de nota y de los relevos sindicales, que por lo que se ve nunca llegar\u00e1n.<\/p>\n<p>La que tiene que sortear las tempestades es la guerrillera hija, Luisa Mar\u00eda Alcalde que habla de todo lo que desconoce, para aferrarse al puesto de secretaria del Trabajo, quedando bien a toda costa con los caprichos del Caudillo en turno.<\/p>\n<p style=\"text-align: center;\"><strong>El camino de \u201clas adelitas\u201d huele a desprestigio<\/strong><\/p>\n<p>Y mientras, \u201clas adelitas\u201d del Senado, convertidas en luchadoras rudas, haciendo m\u00fasculo, en espera de otras sugerencias para ocupar los sillones de los organismos aut\u00f3nomos y constitucionales del r\u00e9gimen, venido cada vez m\u00e1s a menos.<\/p>\n<p>Por el camino de \u201clas adelitas\u201d, este mundillo pol\u00edtico huele a viejo, cascado y desprestigiado a un escaso a\u00f1o de distancia.<\/p>\n<p>\u00bfQu\u00e9 m\u00e1s puede venir? Ya lo que sea s\u00f3lo puede ser peor.<\/p>\n<p>\u00bfNo cree usted?<\/p>\n<p><strong><em>\u00cdndice Flam\u00edgero<\/em><\/strong>: \u00bfQu\u00e9 tan probable es que Claudia Sheinbaum sea manipulada por <em>fruncionarios<\/em> de la alcald\u00eda \u00c1lvaro Obreg\u00f3n y de la Canciller\u00eda involucrados en la trata de blancas? Muy probable. Y es que, movida adem\u00e1s por sus afanes de venganza pol\u00edtica, la jefa del gobierno de CDMX dio el Vo. Bo. para que la \u201caut\u00f3noma\u201d Fiscal\u00eda de la capital nacional girara orden de aprehensi\u00f3n en contra del ex director del Instituto de Vivienda local, Raymundo Collins, por un asunto administrativo ya auditado a satisfacci\u00f3n de la instancia correspondiente. Detr\u00e1s de esta vendetta, en efecto, est\u00e1n quienes desde la Administraci\u00f3n vend\u00edan protecci\u00f3n a bares en los que prostitu\u00edan a mujeres de distintas nacionalidades, am\u00e9n de otras mafias, como la de Tepito, a las que Collins desmembr\u00f3 y ahora est\u00e1n nuevamente en auge.<\/p>\n<p><em><u><a href=\"http:\/\/www.indicepolitico.com\" target=\"_blank\" rel=\"noopener noreferrer\">www.indicepolitico.com<\/a><br \/>\n<\/u><\/em><a href=\"mailto:indicepolitico@gmail.com\" target=\"_blank\" rel=\"noopener noreferrer\"><em>indicepolitico@gmail.com<\/em><\/a><br \/>\n<em><a href=\"https:\/\/twitter.com\/indicepolitico?lang=es\" target=\"_blank\" rel=\"noopener noreferrer\">@IndicePolitico<\/a><\/em><br \/>\n<em><u><a href=\"https:\/\/twitter.com\/pacorodriguez\" target=\"_blank\" rel=\"noopener noreferrer\">@pacorodriguez<\/a><\/u><\/em><\/p>\n","protected":false},"excerpt":{"rendered":"<p><span style=\"color: #005497;\"><strong>Francisco Rodr\u00edguez<\/strong><\/span><br \/>\n<br \/>\nEn el curso del 2019 se dieron importantes jaloneos a la historia nacional. Y aunque se piense que todos culminaron con el desfile del rancho grande para conmemorar el 20 de noviembre, parece que la cosa no va a quedar ah\u00ed. Poner a la 4T como la heroica culminaci\u00f3n revolucionaria constituy\u00f3 una ofensa. Pero como fue rid\u00edcula, no pas\u00f3 a mayores.<\/p>\n","protected":false},"author":3,"featured_media":454841,"comment_status":"open","ping_status":"open","sticky":false,"template":"","format":"standard","meta":{"_monsterinsights_skip_tracking":false,"_monsterinsights_sitenote_active":false,"_monsterinsights_sitenote_note":"","_monsterinsights_sitenote_category":0,"footnotes":""},"categories":[549],"tags":[43689,550,43674],"class_list":["post-454758","post","type-post","status-publish","format-standard","has-post-thumbnail","hentry","category-francisco-rodriguez","tag-francisco-rodriguez","tag-indice-politico","tag-opinion"],"_links":{"self":[{"href":"https:\/\/www.diarioimagen.net\/index.php?rest_route=\/wp\/v2\/posts\/454758","targetHints":{"allow":["GET"]}}],"collection":[{"href":"https:\/\/www.diarioimagen.net\/index.php?rest_route=\/wp\/v2\/posts"}],"about":[{"href":"https:\/\/www.diarioimagen.net\/index.php?rest_route=\/wp\/v2\/types\/post"}],"author":[{"embeddable":true,"href":"https:\/\/www.diarioimagen.net\/index.php?rest_route=\/wp\/v2\/users\/3"}],"replies":[{"embeddable":true,"href":"https:\/\/www.diarioimagen.net\/index.php?rest_route=%2Fwp%2Fv2%2Fcomments&post=454758"}],"version-history":[{"count":0,"href":"https:\/\/www.diarioimagen.net\/index.php?rest_route=\/wp\/v2\/posts\/454758\/revisions"}],"wp:featuredmedia":[{"embeddable":true,"href":"https:\/\/www.diarioimagen.net\/index.php?rest_route=\/wp\/v2\/media\/454841"}],"wp:attachment":[{"href":"https:\/\/www.diarioimagen.net\/index.php?rest_route=%2Fwp%2Fv2%2Fmedia&parent=454758"}],"wp:term":[{"taxonomy":"category","embeddable":true,"href":"https:\/\/www.diarioimagen.net\/index.php?rest_route=%2Fwp%2Fv2%2Fcategories&post=454758"},{"taxonomy":"post_tag","embeddable":true,"href":"https:\/\/www.diarioimagen.net\/index.php?rest_route=%2Fwp%2Fv2%2Ftags&post=454758"}],"curies":[{"name":"wp","href":"https:\/\/api.w.org\/{rel}","templated":true}]}}