{"id":454770,"date":"2020-01-06T00:12:27","date_gmt":"2020-01-06T06:12:27","guid":{"rendered":"https:\/\/www.diarioimagen.net\/?p=454770"},"modified":"2020-01-06T02:52:12","modified_gmt":"2020-01-06T08:52:12","slug":"2020-o-la-inercia","status":"publish","type":"post","link":"https:\/\/www.diarioimagen.net\/?p=454770","title":{"rendered":"\u00a02020 o la inercia\u2026"},"content":{"rendered":"<h2>Tras la puerta del poder<\/h2>\n<h5>Roberto Vizca\u00edno<\/h5>\n<p>&nbsp;<\/p>\n<blockquote>\n<p style=\"text-align: right;\"><strong><em>Con mis mejores deseos para 2020<\/em><\/strong><\/p>\n<\/blockquote>\n<p>&nbsp;<\/p>\n<div id=\"attachment_454838\" style=\"width: 470px\" class=\"wp-caption aligncenter\"><a href=\"https:\/\/www.diarioimagen.net\/?attachment_id=454838\" rel=\"attachment wp-att-454838\"><img loading=\"lazy\" decoding=\"async\" aria-describedby=\"caption-attachment-454838\" class=\"size-large wp-image-454838\" src=\"https:\/\/www.diarioimagen.net\/wp-content\/uploads\/2020\/01\/nada-respetanLUIS-XAVIER-460x355.jpg\" alt=\"\" width=\"460\" height=\"355\" srcset=\"https:\/\/www.diarioimagen.net\/wp-content\/uploads\/2020\/01\/nada-respetanLUIS-XAVIER-460x355.jpg 460w, https:\/\/www.diarioimagen.net\/wp-content\/uploads\/2020\/01\/nada-respetanLUIS-XAVIER-240x185.jpg 240w, https:\/\/www.diarioimagen.net\/wp-content\/uploads\/2020\/01\/nada-respetanLUIS-XAVIER-768x593.jpg 768w, https:\/\/www.diarioimagen.net\/wp-content\/uploads\/2020\/01\/nada-respetanLUIS-XAVIER.jpg 1200w\" sizes=\"auto, (max-width: 460px) 100vw, 460px\" \/><\/a><p id=\"caption-attachment-454838\" class=\"wp-caption-text\">Nada respetan&#8230; | Luis Xavier<\/p><\/div>\n<p>&nbsp;<\/p>\n<p>A lo largo de 2019, su primer a\u00f1o de gobierno, <strong>Andr\u00e9s Manuel L\u00f3pez Obrador<\/strong> acab\u00f3 con las sorpresas. El segundo, este incipiente 2020, lo inicia dentro de la inercia.<\/p>\n<p>Sepultada est\u00e1 la esperanza de algunos que esperaban una marcha atr\u00e1s en la cancelaci\u00f3n del Nuevo Aeropuerto Internacional de la Ciudad de M\u00e9xico. Como sepultadas est\u00e1n otras muchas esperanzas de rectificaci\u00f3n de decisiones pol\u00edticas, econ\u00f3micas y sociales con las que <strong>AMLO<\/strong> nos ha metido en este \u201cmargallate\u201d en el que estamos sumidos los mexicanos.<\/p>\n<p>Ya ni vale la pena enumerar las contradicciones, los sinsentidos, los \u201cotros datos\u201d, los \u201cme canso ganso\u201d que sustentan la anulaci\u00f3n de programas, despidos masivos, cambios de rumbo, desaparici\u00f3n de reformas, o la designaci\u00f3n de nuevos titulares en instituciones del Estado.<\/p>\n<p>Los ejecutados y los eventos de violencia, atropellos, inseguridad nos brotan por todos los poros de la vida cotidiana en M\u00e9xico.<\/p>\n<p>Tantos, que hemos perdido la capacidad de asombro y de reacci\u00f3n.<\/p>\n<p>As\u00ed terminamos el primer a\u00f1o e iniciamos el segundo de los \u00bfseis? del gobierno de <strong>L\u00f3pez Obrador<\/strong>.<\/p>\n<p>Due\u00f1o absoluto de su pista de circo, porque la oposici\u00f3n aqu\u00ed no existe, como tampoco existe una sociedad como vemos con enorme envidia la que toma las calles y plazas en Paris, o Madrid, o Chile y otras muchas ciudades del mundo para reclamar derechos o protestar por decisiones antisociales o econ\u00f3micas much\u00edsimo menores que las tomadas aqu\u00ed por <strong>AMLO<\/strong>, el de Macuspana simplemente se ratifica as\u00ed mismo todos los d\u00edas en sus actos y ma\u00f1aneras.<\/p>\n<p>Tiene fondo su soberbia. La desmovilizaci\u00f3n social, pol\u00edtica, partidaria, legislativa le dice minuto a minuto que aqu\u00ed \u00e9l es el Estado. Qu\u00e9 \u00e9l es la raz\u00f3n \u00fanica en M\u00e9xico.<\/p>\n<p>Igualito que <strong>Carlos Salinas,<\/strong> \u00e9l tampoco ve ni escucha a nadie. \u00bfPor qu\u00e9 habr\u00eda de hacerlo con el apoyo social que le dan las encuestas?<\/p>\n<p>En este escenario <strong>AMLO<\/strong> no administra la abundancia como pretend\u00eda hacerlo <strong>Jos\u00e9 L\u00f3pez Portillo,<\/strong> sino su absurda e inconsecuente popularidad.<\/p>\n<p>Una absurda e inconsecuente popularidad s\u00f3lo entendible en el baj\u00edsimo nivel educativo y c\u00edvico del pueblo mexicano.<\/p>\n<p>Nada hay m\u00e1s cierto hoy aqu\u00ed que la m\u00e1xima del italiano <strong>Jos\u00e9 de Maistre<\/strong> de que el pueblo tiene el gobierno que merece.<\/p>\n<p>Prepar\u00e9monos entonces a vivir durante este segundo a\u00f1o, del sexenio de <strong>AMLO<\/strong>, la inercia del primero.<\/p>\n<p style=\"text-align: center;\"><strong>Banxico dice que habr\u00e1 \u201crecuperaci\u00f3n modesta\u201d<\/strong><\/p>\n<p>Madrugadores, los miembros del Consejo del Banco de M\u00e9xico consideraron el jueves 2 de enero que M\u00e9xico vivir\u00e1 en 2020 una <em>recuperaci\u00f3n modesta<\/em> de crecimiento econ\u00f3mico, sin dejar de se\u00f1alar que el balance de riesgos contin\u00faa a la baja.<\/p>\n<p>O sea\u2026<\/p>\n<p>Y vieron la posibilidad de un efecto negativo para la debilitada econom\u00eda si las calificadoras internacionales determinan una baja en la nota soberana.<\/p>\n<p>Lo cierto es que todos los indicadores se\u00f1alan que la actividad econ\u00f3mica mexicana permaneci\u00f3 estancada en ceros, lo que reduce las expectativas del Producto Interno Bruto para 2020.<\/p>\n<p>Integrada ahora por cercanos a AMLO y remanentes del gobierno anterior, los miembros de la junta de gobierno de Banxico coincidieron en se\u00f1alar que \u201cel estancamiento de la actividad econ\u00f3mica\u201d simplemente no es algo bueno para M\u00e9xico.<\/p>\n<p>Y para no caer en la desesperanza absoluta, sin mucha convicci\u00f3n, consideraron que \u201cse prev\u00e9 una recuperaci\u00f3n modesta\u201d en el crecimiento del PIB en M\u00e9xico en 2020.<\/p>\n<p>Frente a este escenario la experiencia de los simples ciudadanos es que: sin crecimiento no hay desarrollo y sin desarrollo no hay empleo ni bienestar. Tan-tan.<\/p>\n<p style=\"text-align: center;\"><strong>AMLO tiene \u201cotros datos\u201d<\/strong><\/p>\n<p>As\u00ed como termin\u00f3 2019 diciendo que le faltaba un a\u00f1o m\u00e1s para \u201cserenar\u201d a M\u00e9xico -es decir: acabar con la violencia, las ejecuciones y la inseguridad-, <strong>L\u00f3pez Obrador <\/strong>inici\u00f3 2020 asegurando que ahora s\u00ed, por Diosito santo, que la econom\u00eda va a recuperarse este a\u00f1o\u2026 ya ven ustedes que \u201cle dejaron\u201d un cochinero.Y dijo confiar en que, la semana entrante, el Senado de EU apruebe el T-MEC y con ello aumente el flujo de inversiones hacia M\u00e9xico.<\/p>\n<p>S\u00ed c\u00f3mo no\u2026<\/p>\n<p style=\"text-align: center;\"><strong>Monreal: agenda progresista<\/strong><\/p>\n<p>De los pocos con claridad de agenda y objetivos dentro de la 4Ta Transformaci\u00f3n,<strong> Ricardo Monreal<\/strong> advierte que el combate a la corrupci\u00f3n e impunidad es ya una tarea sin tregua.<\/p>\n<p>\u201cEste a\u00f1o ser\u00e1 definitivo para la consolidaci\u00f3n de la agenda legislativa progresista en el Senado de la Rep\u00fablica\u201d, afirm\u00f3 al iniciar el a\u00f1o.<\/p>\n<p>Coordinador de la mayor\u00eda de Morena y presidente de la Junta de Coordinaci\u00f3n Pol\u00edtica del Senado, el zacatecano, consider\u00f3 que 2020 ser\u00e1 un a\u00f1o definitivo para la transici\u00f3n planteada por el presidente <strong>L\u00f3pez Obrador<\/strong>.<\/p>\n<p>Durante el segundo a\u00f1o se ir\u00e1 a fondo, afirm\u00f3, en la separaci\u00f3n del poder econ\u00f3mico y el pol\u00edtico.<\/p>\n<p><strong>Monreal<\/strong> afirm\u00f3 que en 2020 quedar\u00e1n establecidos los marcos legales que pondr\u00e1n fin a los privilegios y que consolidar\u00e1n a la honestidad como el eje de la pol\u00edtica de Estado.<\/p>\n<p>Reconoci\u00f3 que es necesario buscar la reconciliaci\u00f3n y la unidad de los mexicanos.<\/p>\n<p>Por lo dem\u00e1s delineo una agenda legislativa senatorial complicada que, entre otros temas, contempla concluir el uso legal de la marihuana, un tema de la mayor relevancia que ha generado an\u00e1lisis y debate de especialistas nacionales e internacionales as\u00ed como de empresarios, productores y de organizaciones de la sociedad civil, entre otros.<\/p>\n<p>Otro tema pol\u00e9mico ser\u00e1 el que se trate en foros durante enero para regular el outsourcing, para que el dictamen final sea debatico y puesto a debate entre febrero y abril.<\/p>\n<p>Y, con la firma del Acuerdo Nacional para la Nueva Econom\u00eda del Pl\u00e1stico, el Senado elaborar\u00e1 una reforma para disminuir la generaci\u00f3n de residuos pl\u00e1sticos en M\u00e9xico.<\/p>\n<p>Este convenio fue firmado el 5 de diciembre de 2019 entre los principales productores de pl\u00e1sticos en el cual se comprometen a trabajar junto con el gobierno federal, el Poder Legislativo y la sociedad civil, para reducir la producci\u00f3n de materiales de un solo uso.<\/p>\n<p><strong>Monreal<\/strong> record\u00f3 que M\u00e9xico lleg\u00f3 a ser considerado como el principal generador de basura en Am\u00e9rica Latina durante 2018. M\u00e9xico producen 117 mil toneladas de residuos a nivel nacional.<\/p>\n<p>Lamentablemente, agreg\u00f3 el zacatecano, 70 por ciento de esa basura -mucha de ella pl\u00e1stica- termina en r\u00edos, mares, selvas y bosques, destruyendo los ecosistemas.<\/p>\n<p>Las estad\u00edsticas advierten, dijo, una misma conclusi\u00f3n: estamos viviendo por encima de los l\u00edmites del planeta.<\/p>\n<p>Ante esa situaci\u00f3n se requieren urgentemente de acciones concretas e innovadoras, afirm\u00f3.<\/p>\n<p>De ah\u00ed que este primer intento, serio, entre empresas, industrias, acad\u00e9micos y sociedad civil, pone en marcha compromisos robustos en materia medioambiental.<\/p>\n<p>En el Senado, se comprometi\u00f3, el esfuerzo concluir\u00e1 con la emisi\u00f3n de propuestas de ley.<\/p>\n<p>\u201cEstoy consciente de que las pr\u00e1cticas deben cambiar y que definitivamente debemos transitar hacia un nuevo modelo, dentro del cual no comprometamos los recursos de las generaciones futuras\u201d, concluy\u00f3.<\/p>\n<p><em><a href=\"mailto:rvizcainoa@gmail.com\" target=\"_blank\" rel=\"noopener noreferrer\">rvizcainoa@gmail.com<\/a><br \/>\n<u><a href=\"http:\/\/endirecto.mx\" target=\"_blank\" rel=\"noopener noreferrer\">www.endirecto.mx<\/a><br \/>\n<a href=\"https:\/\/twitter.com\/_rvizcaino\" target=\"_blank\" rel=\"noopener noreferrer\">@_RVizcaino<\/a><br \/>\n<a href=\"https:\/\/www.facebook.com\/rvizcainoa\" target=\"_blank\" rel=\"noopener noreferrer\">facebook.com\/rvizcainoa<\/a><\/u><\/em><\/p>\n","protected":false},"excerpt":{"rendered":"<p><span style=\"color: #005497;\"><strong>Roberto Vizca\u00edno<\/strong><\/span><br \/>\n<br \/>\nA lo largo de 2019, su primer a\u00f1o de gobierno, <strong>Andr\u00e9s Manuel L\u00f3pez Obrador<\/strong> acab\u00f3 con las sorpresas. El segundo, este incipiente 2020, lo inicia dentro de la inercia.<\/p>\n","protected":false},"author":3,"featured_media":454838,"comment_status":"open","ping_status":"open","sticky":false,"template":"","format":"standard","meta":{"_monsterinsights_skip_tracking":false,"_monsterinsights_sitenote_active":false,"_monsterinsights_sitenote_note":"","_monsterinsights_sitenote_category":0,"footnotes":""},"categories":[136],"tags":[43674,93,94],"class_list":["post-454770","post","type-post","status-publish","format-standard","has-post-thumbnail","hentry","category-roberto-vizcaino-opinion","tag-opinion","tag-roberto-vizcaino","tag-tras-la-puerta-del-poder"],"_links":{"self":[{"href":"https:\/\/www.diarioimagen.net\/index.php?rest_route=\/wp\/v2\/posts\/454770","targetHints":{"allow":["GET"]}}],"collection":[{"href":"https:\/\/www.diarioimagen.net\/index.php?rest_route=\/wp\/v2\/posts"}],"about":[{"href":"https:\/\/www.diarioimagen.net\/index.php?rest_route=\/wp\/v2\/types\/post"}],"author":[{"embeddable":true,"href":"https:\/\/www.diarioimagen.net\/index.php?rest_route=\/wp\/v2\/users\/3"}],"replies":[{"embeddable":true,"href":"https:\/\/www.diarioimagen.net\/index.php?rest_route=%2Fwp%2Fv2%2Fcomments&post=454770"}],"version-history":[{"count":0,"href":"https:\/\/www.diarioimagen.net\/index.php?rest_route=\/wp\/v2\/posts\/454770\/revisions"}],"wp:featuredmedia":[{"embeddable":true,"href":"https:\/\/www.diarioimagen.net\/index.php?rest_route=\/wp\/v2\/media\/454838"}],"wp:attachment":[{"href":"https:\/\/www.diarioimagen.net\/index.php?rest_route=%2Fwp%2Fv2%2Fmedia&parent=454770"}],"wp:term":[{"taxonomy":"category","embeddable":true,"href":"https:\/\/www.diarioimagen.net\/index.php?rest_route=%2Fwp%2Fv2%2Fcategories&post=454770"},{"taxonomy":"post_tag","embeddable":true,"href":"https:\/\/www.diarioimagen.net\/index.php?rest_route=%2Fwp%2Fv2%2Ftags&post=454770"}],"curies":[{"name":"wp","href":"https:\/\/api.w.org\/{rel}","templated":true}]}}